{"id":103859,"date":"2023-11-16T15:27:58","date_gmt":"2023-11-16T21:27:58","guid":{"rendered":"https:\/\/www.noticiasperfil.com\/index\/?p=103859"},"modified":"2023-11-16T15:27:58","modified_gmt":"2023-11-16T21:27:58","slug":"arranca-el-festival-ecologico-en-xalapa","status":"publish","type":"post","link":"https:\/\/www.noticiasperfil.com\/index\/2023\/11\/16\/arranca-el-festival-ecologico-en-xalapa\/","title":{"rendered":"Arranca el Festival Ecol\u00f3gico en Xalapa"},"content":{"rendered":"<p><img loading=\"lazy\" decoding=\"async\" class=\"aligncenter size-medium wp-image-103860\" src=\"https:\/\/i2.wp.com\/www.noticiasperfil.com\/index\/wp-content\/uploads\/2023\/11\/sergio-rodriguez-cortes-2-660x365.jpg?resize=640%2C354&#038;ssl=1\" alt=\"\" width=\"640\" height=\"354\" data-recalc-dims=\"1\" \/><\/p>\n<ul>\n<li><em><strong>El \u00abAmbient\u00f3n\u00bb se<\/strong><strong> pon<\/strong><strong>dr\u00e1<\/strong><strong> de ambiente con la presentaci\u00f3n de \u00abLa Adictiva\u00bb.<\/strong><\/em><\/li>\n<\/ul>\n<p>Xalapa, Ver.- Con el prop\u00f3sito de hacer conciencia sobre el cuidado del medio ambiente, el Procurador del Medio Ambiente (PMA), Sergio Rodr\u00edguez Cort\u00e9s, inform\u00f3 del cuarto ambient\u00f3n Festival Ecol\u00f3gico en Xalapa.<\/p>\n<p>En ese sentido, iniciar\u00e1 con una serie de ponencias magistrales en el Auditorio del Instituto Municipal de Arte y Cultura (IMAC).<\/p>\n<p>En conferencia de prensa, el titular de la PMA, Sergio Rodr\u00edguez Cort\u00e9s, resalt\u00f3 que se abarcar\u00e1n temas como el Plan de Gesti\u00f3n Ambiental, la importancia del Plan Estatal de Saneamiento de Aguas y la implementaci\u00f3n del Certificado Verde y Auditor\u00edas Ambientales a empresas.<\/p>\n<p>\u00abLa PMA sigue trabajando duro para proteger lo que es de todos: el medio ambiente\u00bb.<\/p>\n<p>Entre las actividades para este pr\u00f3ximo viernes 17 de noviembre est\u00e1 el Papaqui ambiental a partir de las 16 horas en el camino antiguo a Naolinco.<\/p>\n<p>Para el s\u00e1bado 18 de noviembre, destaca el cierre del ambient\u00f3n en el vel\u00f3dromo de Xalapa con la banda \u00abLa Adictiva\u00bb.<\/p>\n","protected":false},"excerpt":{"rendered":"<p>El \u00abAmbient\u00f3n\u00bb se pondr\u00e1 de ambiente con la presentaci\u00f3n de \u00abLa Adictiva\u00bb. Xalapa, Ver.- Con el prop\u00f3sito de hacer conciencia sobre el cuidado del medio ambiente, el Procurador del Medio Ambiente (PMA), Sergio Rodr\u00edguez Cort\u00e9s, inform\u00f3 del cuarto ambient\u00f3n Festival Ecol\u00f3gico en Xalapa. En ese sentido, iniciar\u00e1 con una serie de ponencias magistrales en el Auditorio del Instituto Municipal de Arte y Cultura (IMAC). En conferencia de prensa, el titular de la PMA, Sergio Rodr\u00edguez Cort\u00e9s, resalt\u00f3 que se abarcar\u00e1n temas como el Plan de Gesti\u00f3n Ambiental, la importancia del&hellip;<\/p>\n","protected":false},"author":1,"featured_media":0,"comment_status":"open","ping_status":"closed","sticky":false,"template":"","format":"standard","meta":{"footnotes":""},"categories":[3,4],"tags":[1335],"class_list":["post-103859","post","type-post","status-publish","format-standard","hentry","category-destacadas","category-estatal","tag-sergio-rodriguez-cortes"],"jetpack-related-posts":[],"_links":{"self":[{"href":"https:\/\/www.noticiasperfil.com\/index\/wp-json\/wp\/v2\/posts\/103859","targetHints":{"allow":["GET"]}}],"collection":[{"href":"https:\/\/www.noticiasperfil.com\/index\/wp-json\/wp\/v2\/posts"}],"about":[{"href":"https:\/\/www.noticiasperfil.com\/index\/wp-json\/wp\/v2\/types\/post"}],"author":[{"embeddable":true,"href":"https:\/\/www.noticiasperfil.com\/index\/wp-json\/wp\/v2\/users\/1"}],"replies":[{"embeddable":true,"href":"https:\/\/www.noticiasperfil.com\/index\/wp-json\/wp\/v2\/comments?post=103859"}],"version-history":[{"count":1,"href":"https:\/\/www.noticiasperfil.com\/index\/wp-json\/wp\/v2\/posts\/103859\/revisions"}],"predecessor-version":[{"id":103861,"href":"https:\/\/www.noticiasperfil.com\/index\/wp-json\/wp\/v2\/posts\/103859\/revisions\/103861"}],"wp:attachment":[{"href":"https:\/\/www.noticiasperfil.com\/index\/wp-json\/wp\/v2\/media?parent=103859"}],"wp:term":[{"taxonomy":"category","embeddable":true,"href":"https:\/\/www.noticiasperfil.com\/index\/wp-json\/wp\/v2\/categories?post=103859"},{"taxonomy":"post_tag","embeddable":true,"href":"https:\/\/www.noticiasperfil.com\/index\/wp-json\/wp\/v2\/tags?post=103859"}],"curies":[{"name":"wp","href":"https:\/\/api.w.org\/{rel}","templated":true}]}}