{"id":104154,"date":"2023-11-30T14:29:07","date_gmt":"2023-11-30T20:29:07","guid":{"rendered":"https:\/\/www.noticiasperfil.com\/index\/?p=104154"},"modified":"2023-11-30T14:29:07","modified_gmt":"2023-11-30T20:29:07","slug":"no-vamos-a-encubrir-a-nadie-advierte-cuitlahuac-sobre-fallecimiento-de-hombre-en-el-cuartel-san-jose","status":"publish","type":"post","link":"https:\/\/www.noticiasperfil.com\/index\/2023\/11\/30\/no-vamos-a-encubrir-a-nadie-advierte-cuitlahuac-sobre-fallecimiento-de-hombre-en-el-cuartel-san-jose\/","title":{"rendered":"No vamos a encubrir a nadie\u00bb, advierte Cuitl\u00e1huac sobre fallecimiento de hombre en el Cuartel San Jos\u00e9"},"content":{"rendered":"<p><img loading=\"lazy\" decoding=\"async\" class=\"aligncenter size-medium wp-image-104155\" src=\"https:\/\/i0.wp.com\/www.noticiasperfil.com\/index\/wp-content\/uploads\/2023\/11\/cuitlahuac-garcia-02-2-660x365.jpg?resize=640%2C354&#038;ssl=1\" alt=\"\" width=\"640\" height=\"354\" data-recalc-dims=\"1\" \/><\/p>\n<p>Xalapa, Ver.- El gobernador Cuitl\u00e1huac Garc\u00eda Jim\u00e9nez, advirti\u00f3 que no se encubrir\u00e1 a nadie en el caso del joven Gustavo Ort\u00edz Hern\u00e1ndez, qui\u00e9n falleci\u00f3 en las instalaciones del Cuartel San Jos\u00e9 en Xalapa, presuntamente elementos de la Polic\u00eda Estatal lo habr\u00edan golpeado, en hechos ocurridos el pasado 24 de octubre del 2020.<\/p>\n<p>\u00abNosotros no vamos a encubrir a nadie y queda en manos de la Fiscal\u00eda general del estado, ellos podr\u00e1n decidir, la investigaci\u00f3n se lleva a cabo por la Fiscal\u00eda y ellos van a tomar la decisi\u00f3n de manera totalmente aut\u00f3noma.\u00bb<\/p>\n<p>En conferencia de prensa en palacio de gobierno, el gobernador Cuitl\u00e1huac Garc\u00eda Jim\u00e9nez, fue cuestionado sobre la manifestaci\u00f3n, este jueves, de familiares en las instalaciones de la Fiscal\u00eda general del estado, para exigir justicia.<\/p>\n<p>\u00abLa fiscal\u00eda general del estado es la que tiene que ver en las investigaciones, de acuerdo a sus atribuciones\u00bb, precis\u00f3.<\/p>\n<p>Hay que recordar que el pasado 24 de octubre del 2020, el comerciante Gustavo Ortiz Hern\u00e1ndez ,de 35 a\u00f1os, fue detenido en una colonia popular de esta capital. Seg\u00fan elementos de la polic\u00eda estatal, fue sorprendido en flagrancia, acusado de extorsi\u00f3n.<\/p>\n<p>Horas despu\u00e9s el hombre muri\u00f3 en los separos del cuartel policiaco de San Jos\u00e9.<\/p>\n","protected":false},"excerpt":{"rendered":"<p>Xalapa, Ver.- El gobernador Cuitl\u00e1huac Garc\u00eda Jim\u00e9nez, advirti\u00f3 que no se encubrir\u00e1 a nadie en el caso del joven Gustavo Ort\u00edz Hern\u00e1ndez, qui\u00e9n falleci\u00f3 en las instalaciones del Cuartel San Jos\u00e9 en Xalapa, presuntamente elementos de la Polic\u00eda Estatal lo habr\u00edan golpeado, en hechos ocurridos el pasado 24 de octubre del 2020. \u00abNosotros no vamos a encubrir a nadie y queda en manos de la Fiscal\u00eda general del estado, ellos podr\u00e1n decidir, la investigaci\u00f3n se lleva a cabo por la Fiscal\u00eda y ellos van a tomar la decisi\u00f3n de manera&hellip;<\/p>\n","protected":false},"author":1,"featured_media":0,"comment_status":"open","ping_status":"closed","sticky":false,"template":"","format":"standard","meta":{"footnotes":""},"categories":[3,4],"tags":[339],"class_list":["post-104154","post","type-post","status-publish","format-standard","hentry","category-destacadas","category-estatal","tag-cuitlahuac-garcia-jimenez"],"jetpack-related-posts":[],"_links":{"self":[{"href":"https:\/\/www.noticiasperfil.com\/index\/wp-json\/wp\/v2\/posts\/104154","targetHints":{"allow":["GET"]}}],"collection":[{"href":"https:\/\/www.noticiasperfil.com\/index\/wp-json\/wp\/v2\/posts"}],"about":[{"href":"https:\/\/www.noticiasperfil.com\/index\/wp-json\/wp\/v2\/types\/post"}],"author":[{"embeddable":true,"href":"https:\/\/www.noticiasperfil.com\/index\/wp-json\/wp\/v2\/users\/1"}],"replies":[{"embeddable":true,"href":"https:\/\/www.noticiasperfil.com\/index\/wp-json\/wp\/v2\/comments?post=104154"}],"version-history":[{"count":1,"href":"https:\/\/www.noticiasperfil.com\/index\/wp-json\/wp\/v2\/posts\/104154\/revisions"}],"predecessor-version":[{"id":104156,"href":"https:\/\/www.noticiasperfil.com\/index\/wp-json\/wp\/v2\/posts\/104154\/revisions\/104156"}],"wp:attachment":[{"href":"https:\/\/www.noticiasperfil.com\/index\/wp-json\/wp\/v2\/media?parent=104154"}],"wp:term":[{"taxonomy":"category","embeddable":true,"href":"https:\/\/www.noticiasperfil.com\/index\/wp-json\/wp\/v2\/categories?post=104154"},{"taxonomy":"post_tag","embeddable":true,"href":"https:\/\/www.noticiasperfil.com\/index\/wp-json\/wp\/v2\/tags?post=104154"}],"curies":[{"name":"wp","href":"https:\/\/api.w.org\/{rel}","templated":true}]}}