{"id":104157,"date":"2023-11-30T14:38:36","date_gmt":"2023-11-30T20:38:36","guid":{"rendered":"https:\/\/www.noticiasperfil.com\/index\/?p=104157"},"modified":"2023-11-30T14:38:36","modified_gmt":"2023-11-30T20:38:36","slug":"familiares-de-joven-fallecido-en-el-cuartel-san-jose-protestan-en-la-fiscalia-general-del-estado","status":"publish","type":"post","link":"https:\/\/www.noticiasperfil.com\/index\/2023\/11\/30\/familiares-de-joven-fallecido-en-el-cuartel-san-jose-protestan-en-la-fiscalia-general-del-estado\/","title":{"rendered":"Familiares de joven fallecido en el Cuartel San Jos\u00e9 protestan en la Fiscal\u00eda general del estado"},"content":{"rendered":"<p><img loading=\"lazy\" decoding=\"async\" class=\"aligncenter size-medium wp-image-104158\" src=\"https:\/\/i2.wp.com\/www.noticiasperfil.com\/index\/wp-content\/uploads\/2023\/11\/protesta-fiscalia-660x365.jpg?resize=640%2C354&#038;ssl=1\" alt=\"\" width=\"640\" height=\"354\" data-recalc-dims=\"1\" \/><\/p>\n<p>Xalapa, Ver.- La ma\u00f1ana de este jueves, familiares del joven Gustavo Ortiz Hern\u00e1ndez, de 35 a\u00f1os, qui\u00e9n falleci\u00f3 el pasado 24 de octubre del 2020, en el Cuartel de San Jos\u00e9, presuntamente a manos de polic\u00edas estatales, exigieron justicia.<\/p>\n<p>Con mantas con la cara del comerciante xalape\u00f1o recordaron que llevan m\u00e1s de 3 a\u00f1os esperando que se esclarezcan los hechos de dos asesinatos por parte de la Secretaria de Seguridad P\u00fablica.<\/p>\n<p>Hay que recordar que el comerciante Gustavo Ortiz Hern\u00e1ndez ,de 35 a\u00f1os, fue detenido el s\u00e1bado 24 del 2020 en una colonia popular de esta capital.<\/p>\n<p>Seg\u00fan elementos de la polic\u00eda estatal, fue sorprendido en flagrancia, acusado de extorsi\u00f3n. Horas despu\u00e9s el hombre muri\u00f3 en los separos del cuartel policiaco de San Jos\u00e9.<\/p>\n","protected":false},"excerpt":{"rendered":"<p>Xalapa, Ver.- La ma\u00f1ana de este jueves, familiares del joven Gustavo Ortiz Hern\u00e1ndez, de 35 a\u00f1os, qui\u00e9n falleci\u00f3 el pasado 24 de octubre del 2020, en el Cuartel de San Jos\u00e9, presuntamente a manos de polic\u00edas estatales, exigieron justicia. Con mantas con la cara del comerciante xalape\u00f1o recordaron que llevan m\u00e1s de 3 a\u00f1os esperando que se esclarezcan los hechos de dos asesinatos por parte de la Secretaria de Seguridad P\u00fablica. Hay que recordar que el comerciante Gustavo Ortiz Hern\u00e1ndez ,de 35 a\u00f1os, fue detenido el s\u00e1bado 24 del 2020&hellip;<\/p>\n","protected":false},"author":1,"featured_media":0,"comment_status":"open","ping_status":"closed","sticky":false,"template":"","format":"standard","meta":{"footnotes":""},"categories":[3,4],"tags":[592],"class_list":["post-104157","post","type-post","status-publish","format-standard","hentry","category-destacadas","category-estatal","tag-fiscalia-veracruz"],"jetpack-related-posts":[],"_links":{"self":[{"href":"https:\/\/www.noticiasperfil.com\/index\/wp-json\/wp\/v2\/posts\/104157","targetHints":{"allow":["GET"]}}],"collection":[{"href":"https:\/\/www.noticiasperfil.com\/index\/wp-json\/wp\/v2\/posts"}],"about":[{"href":"https:\/\/www.noticiasperfil.com\/index\/wp-json\/wp\/v2\/types\/post"}],"author":[{"embeddable":true,"href":"https:\/\/www.noticiasperfil.com\/index\/wp-json\/wp\/v2\/users\/1"}],"replies":[{"embeddable":true,"href":"https:\/\/www.noticiasperfil.com\/index\/wp-json\/wp\/v2\/comments?post=104157"}],"version-history":[{"count":1,"href":"https:\/\/www.noticiasperfil.com\/index\/wp-json\/wp\/v2\/posts\/104157\/revisions"}],"predecessor-version":[{"id":104159,"href":"https:\/\/www.noticiasperfil.com\/index\/wp-json\/wp\/v2\/posts\/104157\/revisions\/104159"}],"wp:attachment":[{"href":"https:\/\/www.noticiasperfil.com\/index\/wp-json\/wp\/v2\/media?parent=104157"}],"wp:term":[{"taxonomy":"category","embeddable":true,"href":"https:\/\/www.noticiasperfil.com\/index\/wp-json\/wp\/v2\/categories?post=104157"},{"taxonomy":"post_tag","embeddable":true,"href":"https:\/\/www.noticiasperfil.com\/index\/wp-json\/wp\/v2\/tags?post=104157"}],"curies":[{"name":"wp","href":"https:\/\/api.w.org\/{rel}","templated":true}]}}