{"id":104198,"date":"2023-12-01T14:44:59","date_gmt":"2023-12-01T20:44:59","guid":{"rendered":"https:\/\/www.noticiasperfil.com\/index\/?p=104198"},"modified":"2023-12-01T14:44:59","modified_gmt":"2023-12-01T20:44:59","slug":"jardines-de-ninos-de-la-zona-043-federal-de-preescolar-presentan-muestra-navidena-en-bajos-del-palacio-municipal","status":"publish","type":"post","link":"https:\/\/www.noticiasperfil.com\/index\/2023\/12\/01\/jardines-de-ninos-de-la-zona-043-federal-de-preescolar-presentan-muestra-navidena-en-bajos-del-palacio-municipal\/","title":{"rendered":"Jardines de Ni\u00f1os de la Zona 043 Federal de Preescolar presentan muestra navide\u00f1a en bajos del palacio municipal"},"content":{"rendered":"<p><img loading=\"lazy\" decoding=\"async\" class=\"aligncenter size-medium wp-image-104199\" src=\"https:\/\/i2.wp.com\/www.noticiasperfil.com\/index\/wp-content\/uploads\/2023\/12\/jardines-navidad-01-660x365.jpg?resize=640%2C354&#038;ssl=1\" alt=\"\" width=\"640\" height=\"354\" data-recalc-dims=\"1\" \/><\/p>\n<p><em><strong>\u2022 La regidora Mar\u00eda Elida Pino Villaseca inaugur\u00f3 la exposici\u00f3n de trabajos con material reciclado.<br \/>\n\u2022 La alcaldesa tambi\u00e9n visit\u00f3 la muestra y felicit\u00f3 a los participantes por sus trabajos.<\/strong><\/em><\/p>\n<p>San Andr\u00e9s Tuxtla, Ver.- Respaldando las actividades que realizan los distintos jardines de ni\u00f1os de la Zona 043 Federal de Preescolar, este viernes 1 de diciembre se instal\u00f3 la muestra de actividades y manualidades elaboradas con material reciclado en la que participan ni\u00f1os y educadoras de kinders de este municipio.<\/p>\n<p><img loading=\"lazy\" decoding=\"async\" class=\"aligncenter size-medium wp-image-104200\" src=\"https:\/\/i1.wp.com\/www.noticiasperfil.com\/index\/wp-content\/uploads\/2023\/12\/jardines-navidad-02-660x365.jpg?resize=640%2C354&#038;ssl=1\" alt=\"\" width=\"640\" height=\"354\" data-recalc-dims=\"1\" \/><\/p>\n<p>La muestra fue inaugurada por la maestra Mar\u00eda Elida Pino Villaseca, regidora primera con la comisi\u00f3n de educaci\u00f3n quien destac\u00f3 el gran trabajo que realizan frente a grupo las educadoras de la Zona 046 que est\u00e1 a cargo de la Supervisora Mar\u00eda de Lourdes S\u00e1nchez Zamudio.<\/p>\n<p><img loading=\"lazy\" decoding=\"async\" class=\"aligncenter size-medium wp-image-104201\" src=\"https:\/\/i0.wp.com\/www.noticiasperfil.com\/index\/wp-content\/uploads\/2023\/12\/jardines-navidad-03-660x365.jpg?resize=640%2C354&#038;ssl=1\" alt=\"\" width=\"640\" height=\"354\" data-recalc-dims=\"1\" \/><\/p>\n<p>En este sentido la alcaldesa de San Andr\u00e9s Tuxtla, la doctora Mar\u00eda Elena Solana Calzada tambi\u00e9n visit\u00f3 la exposici\u00f3n y felicit\u00f3 a las educadoras por inculcar en los peque\u00f1os el sentido de responsabilidad en el manejo de materiales que al terminar su ciclo de vida \u00fatil, se les puede dar una segunda vida al reciclarlos y convertirlos en alguna manualidad funcional o adorno alusivo a la \u00e9poca como en este caso que se elaboraron con tem\u00e1tica navide\u00f1a.<\/p>\n<p><img loading=\"lazy\" decoding=\"async\" class=\"aligncenter size-medium wp-image-104202\" src=\"https:\/\/i0.wp.com\/www.noticiasperfil.com\/index\/wp-content\/uploads\/2023\/12\/jardines-navidad-04-660x365.jpg?resize=640%2C354&#038;ssl=1\" alt=\"\" width=\"640\" height=\"354\" data-recalc-dims=\"1\" \/><\/p>\n<p>Esta muestra navide\u00f1a de manualidades elaboradas con material reciclado forma parte de las acciones agendadas previas a la pausa vacacional, por o que tambi\u00e9n estar\u00e1n realizando muestras de manualidades en los jardines de ni\u00f1os, aunadas a los festivales navide\u00f1os programados para realizarse antes del 15 de diciembre, fecha en que oficialmente concluye el periodo de clases para este a\u00f1o reanud\u00e1ndose hasta enero.<\/p>\n<p><img loading=\"lazy\" decoding=\"async\" class=\"aligncenter size-medium wp-image-104203\" src=\"https:\/\/i1.wp.com\/www.noticiasperfil.com\/index\/wp-content\/uploads\/2023\/12\/jardines-navidad-05-660x365.jpg?resize=640%2C354&#038;ssl=1\" alt=\"\" width=\"640\" height=\"354\" data-recalc-dims=\"1\" \/><\/p>\n<p>En esta expo participaron preescolares de Tepancan, Ocelota, Soyata, Xoteapan, Juan Jacobo Torres, Los Pinos, Ranchoapan, Ohuilapan, Morelos, Buenos Aires Texalpan, Buenos Aires Xoteapan, San Leopoldo y 5 kinders de la zona urbana que son de la Colonia El Jard\u00edn, Primero de Mayo, Hern\u00e1ndez Carrasco, Buenavista y Bel\u00e9n Chico.<\/p>\n<p><img loading=\"lazy\" decoding=\"async\" class=\"aligncenter size-medium wp-image-104204\" src=\"https:\/\/i1.wp.com\/www.noticiasperfil.com\/index\/wp-content\/uploads\/2023\/12\/jardines-navidad-06-660x365.jpg?resize=640%2C354&#038;ssl=1\" alt=\"\" width=\"640\" height=\"354\" data-recalc-dims=\"1\" \/><\/p>\n","protected":false},"excerpt":{"rendered":"<p>\u2022 La regidora Mar\u00eda Elida Pino Villaseca inaugur\u00f3 la exposici\u00f3n de trabajos con material reciclado. \u2022 La alcaldesa tambi\u00e9n visit\u00f3 la muestra y felicit\u00f3 a los participantes por sus trabajos. San Andr\u00e9s Tuxtla, Ver.- Respaldando las actividades que realizan los distintos jardines de ni\u00f1os de la Zona 043 Federal de Preescolar, este viernes 1 de diciembre se instal\u00f3 la muestra de actividades y manualidades elaboradas con material reciclado en la que participan ni\u00f1os y educadoras de kinders de este municipio. La muestra fue inaugurada por la maestra Mar\u00eda Elida Pino&hellip;<\/p>\n","protected":false},"author":1,"featured_media":0,"comment_status":"open","ping_status":"closed","sticky":false,"template":"","format":"standard","meta":{"footnotes":""},"categories":[3,12],"tags":[7966],"class_list":["post-104198","post","type-post","status-publish","format-standard","hentry","category-destacadas","category-san-andres-tuxtla","tag-maria-elena-solana-calzada"],"jetpack-related-posts":[],"_links":{"self":[{"href":"https:\/\/www.noticiasperfil.com\/index\/wp-json\/wp\/v2\/posts\/104198","targetHints":{"allow":["GET"]}}],"collection":[{"href":"https:\/\/www.noticiasperfil.com\/index\/wp-json\/wp\/v2\/posts"}],"about":[{"href":"https:\/\/www.noticiasperfil.com\/index\/wp-json\/wp\/v2\/types\/post"}],"author":[{"embeddable":true,"href":"https:\/\/www.noticiasperfil.com\/index\/wp-json\/wp\/v2\/users\/1"}],"replies":[{"embeddable":true,"href":"https:\/\/www.noticiasperfil.com\/index\/wp-json\/wp\/v2\/comments?post=104198"}],"version-history":[{"count":1,"href":"https:\/\/www.noticiasperfil.com\/index\/wp-json\/wp\/v2\/posts\/104198\/revisions"}],"predecessor-version":[{"id":104205,"href":"https:\/\/www.noticiasperfil.com\/index\/wp-json\/wp\/v2\/posts\/104198\/revisions\/104205"}],"wp:attachment":[{"href":"https:\/\/www.noticiasperfil.com\/index\/wp-json\/wp\/v2\/media?parent=104198"}],"wp:term":[{"taxonomy":"category","embeddable":true,"href":"https:\/\/www.noticiasperfil.com\/index\/wp-json\/wp\/v2\/categories?post=104198"},{"taxonomy":"post_tag","embeddable":true,"href":"https:\/\/www.noticiasperfil.com\/index\/wp-json\/wp\/v2\/tags?post=104198"}],"curies":[{"name":"wp","href":"https:\/\/api.w.org\/{rel}","templated":true}]}}