{"id":104216,"date":"2023-12-02T10:59:40","date_gmt":"2023-12-02T16:59:40","guid":{"rendered":"https:\/\/www.noticiasperfil.com\/index\/?p=104216"},"modified":"2023-12-02T10:59:40","modified_gmt":"2023-12-02T16:59:40","slug":"el-bienestar-continuara-con-la-cuarta-transformacion-rocio-nahle","status":"publish","type":"post","link":"https:\/\/www.noticiasperfil.com\/index\/2023\/12\/02\/el-bienestar-continuara-con-la-cuarta-transformacion-rocio-nahle\/","title":{"rendered":"El bienestar continuar\u00e1 con la cuarta transformaci\u00f3n: Roc\u00edo Nahle"},"content":{"rendered":"<p><img loading=\"lazy\" decoding=\"async\" class=\"aligncenter size-medium wp-image-104217\" src=\"https:\/\/i2.wp.com\/www.noticiasperfil.com\/index\/wp-content\/uploads\/2023\/12\/rocio-nahle-01-660x365.jpg?resize=640%2C354&#038;ssl=1\" alt=\"\" width=\"640\" height=\"354\" data-recalc-dims=\"1\" \/><\/p>\n<ul>\n<li><em><strong>Celebr\u00f3 el quinto aniversario de la 4T desde la Huasteca Baja.<\/strong><\/em><\/li>\n<\/ul>\n<p>Chicontepec de Tejeda, Ver.- Roc\u00edo Nahle Garc\u00eda, Coordinadora de los Comit\u00e9s de Defensa de la Cuarta Transformaci\u00f3n en Veracruz, felicit\u00f3 desde la Huasteca Baja al pueblo mexicano, simpatizantes y militantes, todos parte de los primeros cinco a\u00f1os de la llegada de la 4T a la Presidencia de la Rep\u00fablica de la mano de Andr\u00e9s Manuel L\u00f3pez Obrador.<\/p>\n<p>Durante la Asamblea Informativa y Toma de Protesta de los Comit\u00e9s de Defensa de la Cuarta Transformaci\u00f3n, dijo que es muy importante subrayar el motivo por el cual asisti\u00f3 aqu\u00ed hoy para explicar el objetivo de estas asambleas informativas.<\/p>\n<p>\u201cHoy es primero de diciembre, exactamente hace cinco a\u00f1os nuestro presidente L\u00f3pez Obrador tom\u00f3 posesi\u00f3n como Presidente de M\u00e9xico y hace cinco a\u00f1os inici\u00f3 la transformaci\u00f3n de M\u00e9xico y la transformaci\u00f3n se llev\u00f3 a cabo porque todos nosotros, todos nos organizamos trabajamos mucho\u201d, enfatiz\u00f3.<\/p>\n<p>Record\u00f3 que al actual mandatario mexicano le tom\u00f3 18 a\u00f1os, tres sexenios, llegar al<br \/>\ncargo de elecci\u00f3n popular m\u00e1s importante que confiere el pueblo de M\u00e9xico.<\/p>\n<p><img loading=\"lazy\" decoding=\"async\" class=\"aligncenter size-medium wp-image-104218\" src=\"https:\/\/i2.wp.com\/www.noticiasperfil.com\/index\/wp-content\/uploads\/2023\/12\/rocio-nahle-02-1-660x365.jpg?resize=640%2C354&#038;ssl=1\" alt=\"\" width=\"640\" height=\"354\" data-recalc-dims=\"1\" \/><\/p>\n<p>\u201cY \u00e9l lleg\u00f3 a la Presidencia de M\u00e9xico porque quer\u00eda cambiar la pol\u00edtica y el r\u00e9gimen que est\u00e1bamos viviendo.\u201d<\/p>\n<p>El de este d\u00eda fue un evento multicultural, donde compa\u00f1eros y compa\u00f1eras ind\u00edgenas realizaron una ceremonia tradicional y el presidente municipal de Chicontepec, Armando Fern\u00e1ndez, le ofreci\u00f3 un guajolote como s\u00edmbolo de agradecimiento por su asistencia y convivencia, ambos recibidos con cari\u00f1o y respeto por Nahle Garc\u00eda.<\/p>\n<p>Este viernes, asistieron a esta asamblea Marcelo Ruiz S\u00e1nchez, delegado nacional del PVEM en Veracruz; la diputada federal del PVEM, Maru Pinete; diputada federal de Morena, Claudia Tello Espinosa; el maestro Zenyazen Escobar Garc\u00eda; Esteban Ram\u00edrez Zepeta, dirigente estatal de Morena; el coordinador de la Comisi\u00f3n Ejecutiva Estatal del Partido del Trabajo, Vicente Aguilar Aguilar; los diputados locales Luis Arturo Santiago Mart\u00ednez, Juan Enrique Santos, y Juan Javier G\u00f3mez Cazar\u00edn as\u00ed como el alcalde de Chicontepec, Armando Fern\u00e1ndez.<\/p>\n","protected":false},"excerpt":{"rendered":"<p>Celebr\u00f3 el quinto aniversario de la 4T desde la Huasteca Baja. Chicontepec de Tejeda, Ver.- Roc\u00edo Nahle Garc\u00eda, Coordinadora de los Comit\u00e9s de Defensa de la Cuarta Transformaci\u00f3n en Veracruz, felicit\u00f3 desde la Huasteca Baja al pueblo mexicano, simpatizantes y militantes, todos parte de los primeros cinco a\u00f1os de la llegada de la 4T a la Presidencia de la Rep\u00fablica de la mano de Andr\u00e9s Manuel L\u00f3pez Obrador. Durante la Asamblea Informativa y Toma de Protesta de los Comit\u00e9s de Defensa de la Cuarta Transformaci\u00f3n, dijo que es muy importante&hellip;<\/p>\n","protected":false},"author":1,"featured_media":0,"comment_status":"open","ping_status":"closed","sticky":false,"template":"","format":"standard","meta":{"footnotes":""},"categories":[3,4],"tags":[3387],"class_list":["post-104216","post","type-post","status-publish","format-standard","hentry","category-destacadas","category-estatal","tag-rocio-nahle-garcia"],"jetpack-related-posts":[],"_links":{"self":[{"href":"https:\/\/www.noticiasperfil.com\/index\/wp-json\/wp\/v2\/posts\/104216","targetHints":{"allow":["GET"]}}],"collection":[{"href":"https:\/\/www.noticiasperfil.com\/index\/wp-json\/wp\/v2\/posts"}],"about":[{"href":"https:\/\/www.noticiasperfil.com\/index\/wp-json\/wp\/v2\/types\/post"}],"author":[{"embeddable":true,"href":"https:\/\/www.noticiasperfil.com\/index\/wp-json\/wp\/v2\/users\/1"}],"replies":[{"embeddable":true,"href":"https:\/\/www.noticiasperfil.com\/index\/wp-json\/wp\/v2\/comments?post=104216"}],"version-history":[{"count":1,"href":"https:\/\/www.noticiasperfil.com\/index\/wp-json\/wp\/v2\/posts\/104216\/revisions"}],"predecessor-version":[{"id":104219,"href":"https:\/\/www.noticiasperfil.com\/index\/wp-json\/wp\/v2\/posts\/104216\/revisions\/104219"}],"wp:attachment":[{"href":"https:\/\/www.noticiasperfil.com\/index\/wp-json\/wp\/v2\/media?parent=104216"}],"wp:term":[{"taxonomy":"category","embeddable":true,"href":"https:\/\/www.noticiasperfil.com\/index\/wp-json\/wp\/v2\/categories?post=104216"},{"taxonomy":"post_tag","embeddable":true,"href":"https:\/\/www.noticiasperfil.com\/index\/wp-json\/wp\/v2\/tags?post=104216"}],"curies":[{"name":"wp","href":"https:\/\/api.w.org\/{rel}","templated":true}]}}