{"id":104220,"date":"2023-12-02T13:45:16","date_gmt":"2023-12-02T19:45:16","guid":{"rendered":"https:\/\/www.noticiasperfil.com\/index\/?p=104220"},"modified":"2023-12-02T13:45:16","modified_gmt":"2023-12-02T19:45:16","slug":"se-acerca-el-frente-frio-13-a-veracruz","status":"publish","type":"post","link":"https:\/\/www.noticiasperfil.com\/index\/2023\/12\/02\/se-acerca-el-frente-frio-13-a-veracruz\/","title":{"rendered":"Se acerca el Frente Fr\u00edo 13 a Veracruz"},"content":{"rendered":"<p><img loading=\"lazy\" decoding=\"async\" class=\"aligncenter size-medium wp-image-104221\" src=\"https:\/\/i0.wp.com\/www.noticiasperfil.com\/index\/wp-content\/uploads\/2023\/12\/clima-ver-660x365.jpg?resize=640%2C354&#038;ssl=1\" alt=\"\" width=\"640\" height=\"354\" data-recalc-dims=\"1\" \/><\/p>\n<ul>\n<li><em><strong>Estos sistemas favorecer\u00edan lluvias fuertes con tormentas (actividad el\u00e9ctrica y r\u00e1fagas de viento) aisladas en la entidad con las m\u00e1ximas en cuencas del norte y sur.<\/strong><\/em><\/li>\n<\/ul>\n<p>Xalapa, Ver.- Frente fr\u00edo 13 ha ingresado al noroeste del Golfo de M\u00e9xico y se espera recorra el estado de Veracruz entre s\u00e1bado y la tarde del domingo 3 con tendencia a estacionarse sobre el suroeste del mismo golfo y sur de Veracruz hasta el d\u00eda lunes 4. El sistema es impulsado por una masa de aire de origen polar, la cual cubrir\u00eda al norte, noreste y este del pa\u00eds, as\u00ed como parte del Golfo de M\u00e9xico.<\/p>\n<p>Estos sistemas favorecer\u00edan lluvias fuertes con tormentas (actividad el\u00e9ctrica y r\u00e1fagas de viento) aisladas en la entidad con las m\u00e1ximas en cuencas del norte y sur.<\/p>\n<p>Adem\u00e1s, de un evento de norte prolongado con su mayor intensidad el domingo 3 y martes 5, decreciendo gradualmente el mi\u00e9rcoles 6 para perder importancia el jueves 7, dando lugar al descenso de la temperatura y oleaje elevado durante este periodo. No descarte la probabilidad de nevadas o aguanieve en elevaciones por arriba de los 4,000 msnm.<\/p>\n<p>Por lo anterior, se recomienda tomar las precauciones pertinentes, seguir las indicaciones de las autoridades municipales de protecci\u00f3n civil y consultar actualizaciones del Aviso Especial.<\/p>\n<p>Pron\u00f3stico para los siguientes tres d\u00edas:<\/p>\n<p>S\u00e1bado 2: Esta tarde y noche aumenta la probabilidad de tormentas y lluvias en la zona norte y regi\u00f3n monta\u00f1osa central con acumulados estimados de 5 a 20 mm y m\u00e1ximos de 30 a 50 mm en partes altas de las cuencas del P\u00e1nuco al Tecolutla. El viento cambia al Noroeste y Norte de 20 a 30 km\/h con rachas de 45 a 65 km\/h en la costa norte y de 35 a 45 km\/h en el resto del litoral. Oleaje de 0.5 a 1.5 metros. Ambiente caluroso al mediod\u00eda y primeras horas de la tarde.<\/p>\n<p>Domingo 3: Tormentas y lluvias con acumulados estimados de 5 a 20 mm en promedio en la entidad con m\u00e1ximos de 50 a 70 mm en sectores de las cuencas del P\u00e1nuco al Colipa y Papaloapan al Tonal\u00e1, y de 20 a 50 mm en zonas monta\u00f1osas del centro, sin descartar mayores a estos rangos de forma m\u00e1s dispersa. No descarte nevadas o aguanieve en elevaciones por arriba de los 4,000 msnm. Viento del noroeste y norte de 50 a 60 km\/h con rachas de 65 a 80 km\/h en costas, mayores en \u00e1reas de tormenta. Oleaje de 1.0 a 2.0 metros. Los valores de la temperatura m\u00e1xima disminuyen.<\/p>\n<p>Lunes 4: Probabilidad de tormentas y lluvia aisladas con acumulados de 5 a 20 mm en promedio en el estado con m\u00e1ximos de 50 a 70 mm en sectores de las cuencas del Papaloapan al Tonal\u00e1, siendo probables mayores a estos rangos de forma m\u00e1s dispersa. Viento del noroeste y norte de 25 a 35 km\/h con rachas de 55 a 70 km\/h en la costa centro-sur y menores en la costa norte. Oleaje en la costa de 1.0 a 2.0 metros. Los valores de la temperatura m\u00e1xima disminuyen ligeramente en comparaci\u00f3n al d\u00eda anterior.<\/p>\n","protected":false},"excerpt":{"rendered":"<p>Estos sistemas favorecer\u00edan lluvias fuertes con tormentas (actividad el\u00e9ctrica y r\u00e1fagas de viento) aisladas en la entidad con las m\u00e1ximas en cuencas del norte y sur. Xalapa, Ver.- Frente fr\u00edo 13 ha ingresado al noroeste del Golfo de M\u00e9xico y se espera recorra el estado de Veracruz entre s\u00e1bado y la tarde del domingo 3 con tendencia a estacionarse sobre el suroeste del mismo golfo y sur de Veracruz hasta el d\u00eda lunes 4. El sistema es impulsado por una masa de aire de origen polar, la cual cubrir\u00eda al&hellip;<\/p>\n","protected":false},"author":1,"featured_media":0,"comment_status":"open","ping_status":"closed","sticky":false,"template":"","format":"standard","meta":{"footnotes":""},"categories":[3,4],"tags":[260],"class_list":["post-104220","post","type-post","status-publish","format-standard","hentry","category-destacadas","category-estatal","tag-clima-veracruz"],"jetpack-related-posts":[],"_links":{"self":[{"href":"https:\/\/www.noticiasperfil.com\/index\/wp-json\/wp\/v2\/posts\/104220","targetHints":{"allow":["GET"]}}],"collection":[{"href":"https:\/\/www.noticiasperfil.com\/index\/wp-json\/wp\/v2\/posts"}],"about":[{"href":"https:\/\/www.noticiasperfil.com\/index\/wp-json\/wp\/v2\/types\/post"}],"author":[{"embeddable":true,"href":"https:\/\/www.noticiasperfil.com\/index\/wp-json\/wp\/v2\/users\/1"}],"replies":[{"embeddable":true,"href":"https:\/\/www.noticiasperfil.com\/index\/wp-json\/wp\/v2\/comments?post=104220"}],"version-history":[{"count":1,"href":"https:\/\/www.noticiasperfil.com\/index\/wp-json\/wp\/v2\/posts\/104220\/revisions"}],"predecessor-version":[{"id":104222,"href":"https:\/\/www.noticiasperfil.com\/index\/wp-json\/wp\/v2\/posts\/104220\/revisions\/104222"}],"wp:attachment":[{"href":"https:\/\/www.noticiasperfil.com\/index\/wp-json\/wp\/v2\/media?parent=104220"}],"wp:term":[{"taxonomy":"category","embeddable":true,"href":"https:\/\/www.noticiasperfil.com\/index\/wp-json\/wp\/v2\/categories?post=104220"},{"taxonomy":"post_tag","embeddable":true,"href":"https:\/\/www.noticiasperfil.com\/index\/wp-json\/wp\/v2\/tags?post=104220"}],"curies":[{"name":"wp","href":"https:\/\/api.w.org\/{rel}","templated":true}]}}