{"id":104425,"date":"2023-12-13T13:46:13","date_gmt":"2023-12-13T19:46:13","guid":{"rendered":"https:\/\/www.noticiasperfil.com\/index\/?p=104425"},"modified":"2023-12-13T13:46:13","modified_gmt":"2023-12-13T19:46:13","slug":"aun-no-hay-aumento-de-tarifas-para-taxi-en-veracruz-piden-denunciar-abusos","status":"publish","type":"post","link":"https:\/\/www.noticiasperfil.com\/index\/2023\/12\/13\/aun-no-hay-aumento-de-tarifas-para-taxi-en-veracruz-piden-denunciar-abusos\/","title":{"rendered":"A\u00fan no hay aumento de tarifas para taxi en Veracruz; piden denunciar abusos"},"content":{"rendered":"<p><img loading=\"lazy\" decoding=\"async\" class=\"aligncenter size-full wp-image-104426\" src=\"https:\/\/i2.wp.com\/www.noticiasperfil.com\/index\/wp-content\/uploads\/2023\/12\/angel-alarcon-palmeros.jpg?resize=640%2C480&#038;ssl=1\" alt=\"\" width=\"640\" height=\"480\" data-recalc-dims=\"1\" \/><\/p>\n<p>Xalapa, Ver.- El director de Transporte del gobierno del estado, \u00c1ngel Alarc\u00f3n Palmeros, inform\u00f3 que al momento no existe ninguna autorizaci\u00f3n de incremento de tarifas de taxis, por lo que pidi\u00f3 a los usuarios denunciar cualquier abuso, principalmente en esta \u00e9poca de fin de a\u00f1o.<\/p>\n<p>\u00abDe momento no. No tenemos autorizado ning\u00fan incremento de tarifas, entonces hay que hacer un an\u00e1lisis\u00bb.<br \/>\nEn ese sentido, el funcionario estatal invit\u00f3 a los usuarios del transporte p\u00fablico en su modalidad de taxis a denunciar cualquier abuso en las tarifas.<\/p>\n<p>\u00abHemos recibido quejas, principalmente de taxis, se atienden inmediatamente y les puedo decir que ha habido quejas en Veracruz, en la ciudad de Orizaba y se requiere al concesionario y se amonesta.\u00bb<\/p>\n<p>Insisti\u00f3 en que se debe interponer la denuncia.<\/p>\n","protected":false},"excerpt":{"rendered":"<p>Xalapa, Ver.- El director de Transporte del gobierno del estado, \u00c1ngel Alarc\u00f3n Palmeros, inform\u00f3 que al momento no existe ninguna autorizaci\u00f3n de incremento de tarifas de taxis, por lo que pidi\u00f3 a los usuarios denunciar cualquier abuso, principalmente en esta \u00e9poca de fin de a\u00f1o. \u00abDe momento no. No tenemos autorizado ning\u00fan incremento de tarifas, entonces hay que hacer un an\u00e1lisis\u00bb. En ese sentido, el funcionario estatal invit\u00f3 a los usuarios del transporte p\u00fablico en su modalidad de taxis a denunciar cualquier abuso en las tarifas. \u00abHemos recibido quejas, principalmente&hellip;<\/p>\n","protected":false},"author":1,"featured_media":0,"comment_status":"open","ping_status":"closed","sticky":false,"template":"","format":"standard","meta":{"footnotes":""},"categories":[3,4],"tags":[10343],"class_list":["post-104425","post","type-post","status-publish","format-standard","hentry","category-destacadas","category-estatal","tag-angel-alarcon-palmeros"],"jetpack-related-posts":[],"_links":{"self":[{"href":"https:\/\/www.noticiasperfil.com\/index\/wp-json\/wp\/v2\/posts\/104425","targetHints":{"allow":["GET"]}}],"collection":[{"href":"https:\/\/www.noticiasperfil.com\/index\/wp-json\/wp\/v2\/posts"}],"about":[{"href":"https:\/\/www.noticiasperfil.com\/index\/wp-json\/wp\/v2\/types\/post"}],"author":[{"embeddable":true,"href":"https:\/\/www.noticiasperfil.com\/index\/wp-json\/wp\/v2\/users\/1"}],"replies":[{"embeddable":true,"href":"https:\/\/www.noticiasperfil.com\/index\/wp-json\/wp\/v2\/comments?post=104425"}],"version-history":[{"count":1,"href":"https:\/\/www.noticiasperfil.com\/index\/wp-json\/wp\/v2\/posts\/104425\/revisions"}],"predecessor-version":[{"id":104427,"href":"https:\/\/www.noticiasperfil.com\/index\/wp-json\/wp\/v2\/posts\/104425\/revisions\/104427"}],"wp:attachment":[{"href":"https:\/\/www.noticiasperfil.com\/index\/wp-json\/wp\/v2\/media?parent=104425"}],"wp:term":[{"taxonomy":"category","embeddable":true,"href":"https:\/\/www.noticiasperfil.com\/index\/wp-json\/wp\/v2\/categories?post=104425"},{"taxonomy":"post_tag","embeddable":true,"href":"https:\/\/www.noticiasperfil.com\/index\/wp-json\/wp\/v2\/tags?post=104425"}],"curies":[{"name":"wp","href":"https:\/\/api.w.org\/{rel}","templated":true}]}}