{"id":104431,"date":"2023-12-13T14:48:28","date_gmt":"2023-12-13T20:48:28","guid":{"rendered":"https:\/\/www.noticiasperfil.com\/index\/?p=104431"},"modified":"2023-12-13T14:48:28","modified_gmt":"2023-12-13T20:48:28","slug":"rayados-manana-jueves-cae-aguinaldo-para-burocratas-estatales","status":"publish","type":"post","link":"https:\/\/www.noticiasperfil.com\/index\/2023\/12\/13\/rayados-manana-jueves-cae-aguinaldo-para-burocratas-estatales\/","title":{"rendered":"\u00a1Rayados! Ma\u00f1ana jueves cae aguinaldo para bur\u00f3cratas estatales"},"content":{"rendered":"<p><img loading=\"lazy\" decoding=\"async\" class=\"aligncenter size-full wp-image-104432\" src=\"https:\/\/i0.wp.com\/www.noticiasperfil.com\/index\/wp-content\/uploads\/2023\/12\/eleazar-guerrero-perez.jpg?resize=640%2C360&#038;ssl=1\" alt=\"\" width=\"640\" height=\"360\" data-recalc-dims=\"1\" \/><\/p>\n<p>Xalapa, Ver.- El Subsecretario de Finanzas y Administraci\u00f3n Eleazar Guerrero P\u00e9rez, adelant\u00f3 que a partir de este jueves 14 de diciembre se cubrir\u00e1 el aguinaldo para maestros y trabajadores de la educaci\u00f3n del estado.<\/p>\n<p>Adem\u00e1s, se cubrir\u00e1 el \u201cBono del Bienestar\u201d, el cual es un recurso que est\u00e1 listo para distribuirse.<\/p>\n<p>\u201cA partir del 14 yo declar\u00e9 que a partir del 14, ma\u00f1ana -jueves- estamos pagando los aguinaldos, quincena y algunas otras prestaciones\u201d.<\/p>\n<p>Sin embargo, lament\u00f3 la desinformaci\u00f3n que circula en redes sociales en torno a que no se cubrir\u00e1 en tiempo estas prestaciones, situaci\u00f3n que descart\u00f3 y se\u00f1al\u00f3 que se trata de una estrategia de los detractores de la actual gesti\u00f3n.<\/p>\n<p>\u201cPor supuesto que nuestros cr\u00edticos siempre toman eso como bandera para cerrar el a\u00f1o, pero no pasa nada\u201d.<\/p>\n<p>Por lo anterior, insisti\u00f3 en que el pago tanto del aguinaldo para los maestros y trabajadores de la educaci\u00f3n estatales est\u00e1 asegurado, y se ver\u00e1 reflejado a partir de este jueves.<\/p>\n","protected":false},"excerpt":{"rendered":"<p>Xalapa, Ver.- El Subsecretario de Finanzas y Administraci\u00f3n Eleazar Guerrero P\u00e9rez, adelant\u00f3 que a partir de este jueves 14 de diciembre se cubrir\u00e1 el aguinaldo para maestros y trabajadores de la educaci\u00f3n del estado. Adem\u00e1s, se cubrir\u00e1 el \u201cBono del Bienestar\u201d, el cual es un recurso que est\u00e1 listo para distribuirse. \u201cA partir del 14 yo declar\u00e9 que a partir del 14, ma\u00f1ana -jueves- estamos pagando los aguinaldos, quincena y algunas otras prestaciones\u201d. Sin embargo, lament\u00f3 la desinformaci\u00f3n que circula en redes sociales en torno a que no se cubrir\u00e1&hellip;<\/p>\n","protected":false},"author":1,"featured_media":0,"comment_status":"open","ping_status":"closed","sticky":false,"template":"","format":"standard","meta":{"footnotes":""},"categories":[3,4],"tags":[10345],"class_list":["post-104431","post","type-post","status-publish","format-standard","hentry","category-destacadas","category-estatal","tag-eleazar-guerrero-perez"],"jetpack-related-posts":[],"_links":{"self":[{"href":"https:\/\/www.noticiasperfil.com\/index\/wp-json\/wp\/v2\/posts\/104431","targetHints":{"allow":["GET"]}}],"collection":[{"href":"https:\/\/www.noticiasperfil.com\/index\/wp-json\/wp\/v2\/posts"}],"about":[{"href":"https:\/\/www.noticiasperfil.com\/index\/wp-json\/wp\/v2\/types\/post"}],"author":[{"embeddable":true,"href":"https:\/\/www.noticiasperfil.com\/index\/wp-json\/wp\/v2\/users\/1"}],"replies":[{"embeddable":true,"href":"https:\/\/www.noticiasperfil.com\/index\/wp-json\/wp\/v2\/comments?post=104431"}],"version-history":[{"count":1,"href":"https:\/\/www.noticiasperfil.com\/index\/wp-json\/wp\/v2\/posts\/104431\/revisions"}],"predecessor-version":[{"id":104433,"href":"https:\/\/www.noticiasperfil.com\/index\/wp-json\/wp\/v2\/posts\/104431\/revisions\/104433"}],"wp:attachment":[{"href":"https:\/\/www.noticiasperfil.com\/index\/wp-json\/wp\/v2\/media?parent=104431"}],"wp:term":[{"taxonomy":"category","embeddable":true,"href":"https:\/\/www.noticiasperfil.com\/index\/wp-json\/wp\/v2\/categories?post=104431"},{"taxonomy":"post_tag","embeddable":true,"href":"https:\/\/www.noticiasperfil.com\/index\/wp-json\/wp\/v2\/tags?post=104431"}],"curies":[{"name":"wp","href":"https:\/\/api.w.org\/{rel}","templated":true}]}}