{"id":104434,"date":"2023-12-13T15:30:25","date_gmt":"2023-12-13T21:30:25","guid":{"rendered":"https:\/\/www.noticiasperfil.com\/index\/?p=104434"},"modified":"2023-12-13T15:30:25","modified_gmt":"2023-12-13T21:30:25","slug":"dos-anos-entrelazando-voluntades-por-el-distrito-xxv-rafa-fararoni","status":"publish","type":"post","link":"https:\/\/www.noticiasperfil.com\/index\/2023\/12\/13\/dos-anos-entrelazando-voluntades-por-el-distrito-xxv-rafa-fararoni\/","title":{"rendered":"Dos a\u00f1os entrelazando voluntades por el Distrito XXV: Rafa Fararoni"},"content":{"rendered":"<p><img loading=\"lazy\" decoding=\"async\" class=\"aligncenter size-full wp-image-104435\" src=\"https:\/\/i2.wp.com\/www.noticiasperfil.com\/index\/wp-content\/uploads\/2023\/12\/rafa-fararoni-01.jpg?resize=450%2C600&#038;ssl=1\" alt=\"\" width=\"450\" height=\"600\" data-recalc-dims=\"1\" \/><\/p>\n<ul>\n<li><em><strong>Gesti\u00f3n, atenci\u00f3n y unidad describen el trabajo en su segundo periodo como Representante de Los Tuxtlas.<\/strong><\/em><\/li>\n<\/ul>\n<p>Xalapa, Ver.- En dos a\u00f1os hemos construido los cimientos de la transformaci\u00f3n del Distrito XXV, expres\u00f3 el legislador morenista Rafa Fararoni Maga\u00f1a al rendir su segundo informe de labores legislativas en San Andr\u00e9s Tuxtla.<\/p>\n<p>En presencia de amigos y amigas de las comunidades, el diputado local manifest\u00f3 su agradecimiento hacia quienes, durante este tiempo, han cre\u00eddo en su proyecto, han apoyado con ideas y tambi\u00e9n han sido la mirada cr\u00edtica que le permite mejorar.<\/p>\n<p><img loading=\"lazy\" decoding=\"async\" class=\"aligncenter size-full wp-image-104436\" src=\"https:\/\/i2.wp.com\/www.noticiasperfil.com\/index\/wp-content\/uploads\/2023\/12\/rafa-fararoni-02.jpg?resize=640%2C480&#038;ssl=1\" alt=\"\" width=\"640\" height=\"480\" data-recalc-dims=\"1\" \/><\/p>\n<p>El trabajo en equipo y la unidad son la base de las acciones que con \u00e9xito se han implementado en cada una de las comunidades del Distrito, donde se han ido atendiendo las necesidades de salud e infraestructura, a trav\u00e9s \u201cDe Fiesta con Rafa\u201d, lo cual tambi\u00e9n ha incluido asesor\u00eda jur\u00eddica, cortes de cabello y entrega de materiales para la construcci\u00f3n, beneficiando a m\u00e1s de 3 mil personas de: Texcaltitan, Buenos Aires Texalpan, Mazumiapan, El Laurel, Caler\u00eda, Comoapan, Salto de Eyipantla, Tepancan, La Palma y la colonia Bel\u00e9n Grande.<\/p>\n<p>En gesti\u00f3n estamos insistiendo en el tr\u00e1mite de los documentos del hospital Regional Bernardo Pe\u00f1a, para que tenga certeza jur\u00eddica y acceda a recursos para su remodelaci\u00f3n.<\/p>\n<p>\u201cSeguimos trabajando en la documentaci\u00f3n para que en el 2024 el bulevar 180 sea un hecho y sea de cuatro carriles; en la carretera estatal a Tilapan, no quitamos el dedo del rengl\u00f3n; por ello, en noviembre se inici\u00f3 el levantamiento topogr\u00e1fico para empezar lo m\u00e1s pronto posible con el proyecto de construcci\u00f3n\u201d, se\u00f1al\u00f3.<\/p>\n<p><img loading=\"lazy\" decoding=\"async\" class=\"aligncenter size-full wp-image-104437\" src=\"https:\/\/i0.wp.com\/www.noticiasperfil.com\/index\/wp-content\/uploads\/2023\/12\/rafa-fararoni-03.jpg?resize=640%2C480&#038;ssl=1\" alt=\"\" width=\"640\" height=\"480\" data-recalc-dims=\"1\" \/><\/p>\n<p>En el campo pusimos la lupa en los caminos, para que nuestros productores puedan trasladar su mercanc\u00eda dignamente; hoy ya se est\u00e1n constituyendo los comit\u00e9s de obra de tres caminos saca-cosechas de San Andr\u00e9s Tuxtla y Catemaco.<\/p>\n<p>En el tema educativo, entregamos paquetes de mantenimiento, material did\u00e1ctico y computadoras para m\u00e1s de 30 planteles de nivel b\u00e1sico junto a la Oficial Mayor de la SEV, Ariadna Aguilar Amaya. Limpiamos y embellecimos la Primaria Francisco Villa en la comunidad de Los \u00d3rganos, el Telebachillerato de Tebanca y la escuela Patricio Redondo.<\/p>\n<p>En mis comisiones legislativas hemos trabajado duro. A trav\u00e9s de Vigilancia logramos este a\u00f1o la aprobaci\u00f3n de la Cuenta P\u00fablica 2022 con el apoyo de la mayor\u00eda de mis compa\u00f1eros y compa\u00f1eras.<\/p>\n<p>En turismo jam\u00e1s paramos la promoci\u00f3n de Los Tuxtlas, ya que impulsamos constantemente los eventos que por tradici\u00f3n se realizan en Catemaco. En San Andr\u00e9s trabajamos con la proyecci\u00f3n de sus principales puntos tur\u00edsticos, como el acceso a su zona de playas y en la colocaci\u00f3n de muros promocionales, logrando una mejor imagen de la comunidad para la captaci\u00f3n de visitantes, entre otros logros que han significado bienestar para la poblaci\u00f3n de nuestro Distrito.<\/p>\n","protected":false},"excerpt":{"rendered":"<p>Gesti\u00f3n, atenci\u00f3n y unidad describen el trabajo en su segundo periodo como Representante de Los Tuxtlas. Xalapa, Ver.- En dos a\u00f1os hemos construido los cimientos de la transformaci\u00f3n del Distrito XXV, expres\u00f3 el legislador morenista Rafa Fararoni Maga\u00f1a al rendir su segundo informe de labores legislativas en San Andr\u00e9s Tuxtla. En presencia de amigos y amigas de las comunidades, el diputado local manifest\u00f3 su agradecimiento hacia quienes, durante este tiempo, han cre\u00eddo en su proyecto, han apoyado con ideas y tambi\u00e9n han sido la mirada cr\u00edtica que le permite mejorar.&hellip;<\/p>\n","protected":false},"author":1,"featured_media":0,"comment_status":"open","ping_status":"closed","sticky":false,"template":"","format":"standard","meta":{"footnotes":""},"categories":[3,12],"tags":[6264],"class_list":["post-104434","post","type-post","status-publish","format-standard","hentry","category-destacadas","category-san-andres-tuxtla","tag-rafael-fararoni-magana"],"jetpack-related-posts":[],"_links":{"self":[{"href":"https:\/\/www.noticiasperfil.com\/index\/wp-json\/wp\/v2\/posts\/104434","targetHints":{"allow":["GET"]}}],"collection":[{"href":"https:\/\/www.noticiasperfil.com\/index\/wp-json\/wp\/v2\/posts"}],"about":[{"href":"https:\/\/www.noticiasperfil.com\/index\/wp-json\/wp\/v2\/types\/post"}],"author":[{"embeddable":true,"href":"https:\/\/www.noticiasperfil.com\/index\/wp-json\/wp\/v2\/users\/1"}],"replies":[{"embeddable":true,"href":"https:\/\/www.noticiasperfil.com\/index\/wp-json\/wp\/v2\/comments?post=104434"}],"version-history":[{"count":1,"href":"https:\/\/www.noticiasperfil.com\/index\/wp-json\/wp\/v2\/posts\/104434\/revisions"}],"predecessor-version":[{"id":104438,"href":"https:\/\/www.noticiasperfil.com\/index\/wp-json\/wp\/v2\/posts\/104434\/revisions\/104438"}],"wp:attachment":[{"href":"https:\/\/www.noticiasperfil.com\/index\/wp-json\/wp\/v2\/media?parent=104434"}],"wp:term":[{"taxonomy":"category","embeddable":true,"href":"https:\/\/www.noticiasperfil.com\/index\/wp-json\/wp\/v2\/categories?post=104434"},{"taxonomy":"post_tag","embeddable":true,"href":"https:\/\/www.noticiasperfil.com\/index\/wp-json\/wp\/v2\/tags?post=104434"}],"curies":[{"name":"wp","href":"https:\/\/api.w.org\/{rel}","templated":true}]}}