{"id":104446,"date":"2023-12-14T10:41:54","date_gmt":"2023-12-14T16:41:54","guid":{"rendered":"https:\/\/www.noticiasperfil.com\/index\/?p=104446"},"modified":"2023-12-14T10:41:54","modified_gmt":"2023-12-14T16:41:54","slug":"inaugura-alcaldesa-de-san-andres-tuxtla-importante-paquete-de-obras-en-la-zona-del-ramal","status":"publish","type":"post","link":"https:\/\/www.noticiasperfil.com\/index\/2023\/12\/14\/inaugura-alcaldesa-de-san-andres-tuxtla-importante-paquete-de-obras-en-la-zona-del-ramal\/","title":{"rendered":"Inaugura alcaldesa de San Andr\u00e9s Tuxtla, importante paquete de obras en la zona del Ramal"},"content":{"rendered":"<p><img loading=\"lazy\" decoding=\"async\" class=\"aligncenter size-full wp-image-104447\" src=\"https:\/\/i0.wp.com\/www.noticiasperfil.com\/index\/wp-content\/uploads\/2023\/12\/ramal-01.jpg?resize=640%2C427&#038;ssl=1\" alt=\"\" width=\"640\" height=\"427\" data-recalc-dims=\"1\" \/><\/p>\n<p><em><strong>\u2022 Junto con sus regidores la doctora Mar\u00eda Elena Solana Calzada, entreg\u00f3 domos para la secundaria de Juan Jacobo Torres y la primaria de Apixita.<br \/>\n\u2022 Tambi\u00e9n cort\u00f3 el list\u00f3n inaugural en la obra de pavimento en concreto hidr\u00e1ulico en la primera etapa de la calle Alfonso Arroyo Flores de la comunidad de Vista Hermosa.<\/strong><\/em><\/p>\n<p>San Andr\u00e9s Tuxtla, Ver.- Haciendo un recorrido por la zona del Ramal, la Presidenta Municipal de San Andr\u00e9s Tuxtla, la Dra Maria Elena Solana Calzada &#8211; Dra Remedios junto con regidores de su cabildo, inaugur\u00f3 un importante paquete de obras en beneficio de las comunidades de Juan Jacobo Torres, Vista Hermosa y Apixita.<\/p>\n<p><img loading=\"lazy\" decoding=\"async\" class=\"aligncenter size-full wp-image-104448\" src=\"https:\/\/i0.wp.com\/www.noticiasperfil.com\/index\/wp-content\/uploads\/2023\/12\/ramal-02.jpg?resize=640%2C427&#038;ssl=1\" alt=\"\" width=\"640\" height=\"427\" data-recalc-dims=\"1\" \/><\/p>\n<p>En la localidad de Juan Jacobo Torres, la alcaldesa entreg\u00f3 la obra de techado en la cancha de usos m\u00faltiples de la escuela secundaria \u201cFrancisco Javier Clavijero\u201d con la que se benefici\u00f3 directamente a 97 alumnos de este plantel cubriendo con el domo una extensi\u00f3n de 417.56 metros cuadrados, realizada con una inversi\u00f3n de 1 mill\u00f3n 344 mil 274.15 pesos. Ah\u00ed maestros y alumnos expresaron su agradecimiento a las autoridades municipales por la importante inversi\u00f3n en la mejora de espacios educativos.<\/p>\n<p><img loading=\"lazy\" decoding=\"async\" class=\"aligncenter size-full wp-image-104449\" src=\"https:\/\/i1.wp.com\/www.noticiasperfil.com\/index\/wp-content\/uploads\/2023\/12\/ramal-03.jpg?resize=640%2C427&#038;ssl=1\" alt=\"\" width=\"640\" height=\"427\" data-recalc-dims=\"1\" \/><\/p>\n<p>Posteriormente en la comunidad de Vista Hermosa 1, se inaugur\u00f3 la obra de pavimento en concreto hidr\u00e1ulico con guarniciones y banquetas para la primera etapa de la calle Alfonso Arroyo Flores, realizada con un presupuesto de 3 millones 404 mil 263.14 cubriendo una extensi\u00f3n de 1 mil 935.22 metros cuadrados. Ah\u00ed la mun\u00edcipe destac\u00f3 que esta obra ser\u00e1 adem\u00e1s de beneficio para los alumnos del Jard\u00edn de Ni\u00f1os debido a que es uno de los principales accesos para llegar a este plantel.<\/p>\n<p><img loading=\"lazy\" decoding=\"async\" class=\"aligncenter size-full wp-image-104450\" src=\"https:\/\/i2.wp.com\/www.noticiasperfil.com\/index\/wp-content\/uploads\/2023\/12\/ramal-04.jpg?resize=640%2C427&#038;ssl=1\" alt=\"\" width=\"640\" height=\"427\" data-recalc-dims=\"1\" \/><\/p>\n<p>Finalmente en la comunidad de Apixita, la mun\u00edcipe inaugur\u00f3 el domo en la escuela primaria \u201cCuauht\u00e9moc\u201d, donde se cubri\u00f3 la cancha de usos m\u00faltiples con una extensi\u00f3n de 396.48 metros cuadrados, con una inversi\u00f3n de 1 mill\u00f3n 395 mil 994.62 pesos.<\/p>\n<p><img loading=\"lazy\" decoding=\"async\" class=\"aligncenter size-full wp-image-104451\" src=\"https:\/\/i0.wp.com\/www.noticiasperfil.com\/index\/wp-content\/uploads\/2023\/12\/ramal-05.jpg?resize=640%2C414&#038;ssl=1\" alt=\"\" width=\"640\" height=\"414\" data-recalc-dims=\"1\" \/><\/p>\n<p>A esta gira de inauguraciones acompa\u00f1aron a la alcaldesa los regidores Mayra Xolo Hern\u00e1ndez, Edgar Antemate Caixba, Ximena Tress Fadanelli, Edgardo Cecilio Ram\u00edrez Sosa R7, Lic. Omar Martinez Aranda, Gabriela D\u00edaz del Castillo y Danae V\u00e1zquez Molina, as\u00ed como agentes municipales de las comunidades beneficiadas y agentes municipales de las localidades de Soyata, Cerro de las Iguanas, Tilapan entre otras.<\/p>\n<p><img loading=\"lazy\" decoding=\"async\" class=\"aligncenter size-full wp-image-104452\" src=\"https:\/\/i0.wp.com\/www.noticiasperfil.com\/index\/wp-content\/uploads\/2023\/12\/ramal-06.jpg?resize=640%2C414&#038;ssl=1\" alt=\"\" width=\"640\" height=\"414\" data-recalc-dims=\"1\" \/><\/p>\n","protected":false},"excerpt":{"rendered":"<p>\u2022 Junto con sus regidores la doctora Mar\u00eda Elena Solana Calzada, entreg\u00f3 domos para la secundaria de Juan Jacobo Torres y la primaria de Apixita. \u2022 Tambi\u00e9n cort\u00f3 el list\u00f3n inaugural en la obra de pavimento en concreto hidr\u00e1ulico en la primera etapa de la calle Alfonso Arroyo Flores de la comunidad de Vista Hermosa. San Andr\u00e9s Tuxtla, Ver.- Haciendo un recorrido por la zona del Ramal, la Presidenta Municipal de San Andr\u00e9s Tuxtla, la Dra Maria Elena Solana Calzada &#8211; Dra Remedios junto con regidores de su cabildo, inaugur\u00f3&hellip;<\/p>\n","protected":false},"author":1,"featured_media":0,"comment_status":"open","ping_status":"closed","sticky":false,"template":"","format":"standard","meta":{"footnotes":""},"categories":[3,12],"tags":[7966],"class_list":["post-104446","post","type-post","status-publish","format-standard","hentry","category-destacadas","category-san-andres-tuxtla","tag-maria-elena-solana-calzada"],"jetpack-related-posts":[],"_links":{"self":[{"href":"https:\/\/www.noticiasperfil.com\/index\/wp-json\/wp\/v2\/posts\/104446","targetHints":{"allow":["GET"]}}],"collection":[{"href":"https:\/\/www.noticiasperfil.com\/index\/wp-json\/wp\/v2\/posts"}],"about":[{"href":"https:\/\/www.noticiasperfil.com\/index\/wp-json\/wp\/v2\/types\/post"}],"author":[{"embeddable":true,"href":"https:\/\/www.noticiasperfil.com\/index\/wp-json\/wp\/v2\/users\/1"}],"replies":[{"embeddable":true,"href":"https:\/\/www.noticiasperfil.com\/index\/wp-json\/wp\/v2\/comments?post=104446"}],"version-history":[{"count":1,"href":"https:\/\/www.noticiasperfil.com\/index\/wp-json\/wp\/v2\/posts\/104446\/revisions"}],"predecessor-version":[{"id":104453,"href":"https:\/\/www.noticiasperfil.com\/index\/wp-json\/wp\/v2\/posts\/104446\/revisions\/104453"}],"wp:attachment":[{"href":"https:\/\/www.noticiasperfil.com\/index\/wp-json\/wp\/v2\/media?parent=104446"}],"wp:term":[{"taxonomy":"category","embeddable":true,"href":"https:\/\/www.noticiasperfil.com\/index\/wp-json\/wp\/v2\/categories?post=104446"},{"taxonomy":"post_tag","embeddable":true,"href":"https:\/\/www.noticiasperfil.com\/index\/wp-json\/wp\/v2\/tags?post=104446"}],"curies":[{"name":"wp","href":"https:\/\/api.w.org\/{rel}","templated":true}]}}