{"id":104464,"date":"2023-12-14T13:33:07","date_gmt":"2023-12-14T19:33:07","guid":{"rendered":"https:\/\/www.noticiasperfil.com\/index\/?p=104464"},"modified":"2023-12-14T13:33:07","modified_gmt":"2023-12-14T19:33:07","slug":"dice-subsecretario-de-finanzas-que-ya-no-ira-por-la-diputacion-local","status":"publish","type":"post","link":"https:\/\/www.noticiasperfil.com\/index\/2023\/12\/14\/dice-subsecretario-de-finanzas-que-ya-no-ira-por-la-diputacion-local\/","title":{"rendered":"Dice Subsecretario de Finanzas que ya no ir\u00e1 por la diputaci\u00f3n local"},"content":{"rendered":"<p><img loading=\"lazy\" decoding=\"async\" class=\"aligncenter size-full wp-image-104465\" src=\"https:\/\/i0.wp.com\/www.noticiasperfil.com\/index\/wp-content\/uploads\/2023\/12\/eleazar-guerrero-perez-1.jpg?resize=640%2C435&#038;ssl=1\" alt=\"\" width=\"640\" height=\"435\" data-recalc-dims=\"1\" \/><\/p>\n<ul>\n<li><em><strong>Eleazar Guerrero P\u00e9rez anunci\u00f3 declinaci\u00f3n para la diputaci\u00f3n local por el distrito de Xalapa.<\/strong><\/em><\/li>\n<\/ul>\n<p>Xalapa, Ver.- El subsecretario de Finanzas y Administraci\u00f3n de la Secretaria de Finanzas, Eleazar Guerrero P\u00e9rez confirm\u00f3 que si se inscribi\u00f3 en el proceso interno de Morena, para buscar la candidatura a la diputaci\u00f3n federal por el distrito de Xalapa, pero de igual manera anunci\u00f3 que ya declin\u00f3.<\/p>\n<p>Tras meditarlo, tom\u00f3 la decisi\u00f3n de que alg\u00fan otro compa\u00f1ero o compa\u00f1era sea el candidato, y apoyarlo con todo.<\/p>\n<p>Eleazar Guerrero P\u00e9rez indic\u00f3 que realiz\u00f3 el registro en l\u00ednea como todos los aspirantes y una vez que la Comisi\u00f3n Nacional de Elecciones emita el resultado de la lista final de posibles precandidatos, y en caso de que \u00e9l aparezca, informar\u00e1 a dicha instancia su declinaci\u00f3n a seguir participando.<\/p>\n<p>Se\u00f1al\u00f3 que mientras tanto continuar\u00e1 laborando para la administraci\u00f3n del gobernador Cuitl\u00e1huac Garc\u00eda Jim\u00e9nez, al frente de la Subsecretar\u00eda de Finanzas y Administraci\u00f3n, y en su tiempo realizar\u00e1 trabajo pol\u00edtico a favor del movimiento de la Cuarta Transformaci\u00f3n.<\/p>\n<p>Aclar\u00f3 que \u00e9l, como dirigente de Unidos Todos apoyar\u00e1 a todos sus agremiados que se inscribieron al proceso interno de Morena para obtener alguna candidatura, tanto a diputaciones federales y locales.<\/p>\n<p>Record\u00f3 que Unidos Todos tiene 6 a\u00f1os de haber sido creado y en los dos procesos electorales previos en los que han participado, no postularon a ninguno de sus miembros, y se dedicaron a respaldar a Morena y sus candidatos, pero ahora muchos le comentaron el inter\u00e9s de participar y les dijo que estaban en todo su derecho de buscar las candidaturas.<\/p>\n","protected":false},"excerpt":{"rendered":"<p>Eleazar Guerrero P\u00e9rez anunci\u00f3 declinaci\u00f3n para la diputaci\u00f3n local por el distrito de Xalapa. Xalapa, Ver.- El subsecretario de Finanzas y Administraci\u00f3n de la Secretaria de Finanzas, Eleazar Guerrero P\u00e9rez confirm\u00f3 que si se inscribi\u00f3 en el proceso interno de Morena, para buscar la candidatura a la diputaci\u00f3n federal por el distrito de Xalapa, pero de igual manera anunci\u00f3 que ya declin\u00f3. Tras meditarlo, tom\u00f3 la decisi\u00f3n de que alg\u00fan otro compa\u00f1ero o compa\u00f1era sea el candidato, y apoyarlo con todo. Eleazar Guerrero P\u00e9rez indic\u00f3 que realiz\u00f3 el registro en&hellip;<\/p>\n","protected":false},"author":1,"featured_media":0,"comment_status":"open","ping_status":"closed","sticky":false,"template":"","format":"standard","meta":{"footnotes":""},"categories":[3,4],"tags":[10345],"class_list":["post-104464","post","type-post","status-publish","format-standard","hentry","category-destacadas","category-estatal","tag-eleazar-guerrero-perez"],"jetpack-related-posts":[],"_links":{"self":[{"href":"https:\/\/www.noticiasperfil.com\/index\/wp-json\/wp\/v2\/posts\/104464","targetHints":{"allow":["GET"]}}],"collection":[{"href":"https:\/\/www.noticiasperfil.com\/index\/wp-json\/wp\/v2\/posts"}],"about":[{"href":"https:\/\/www.noticiasperfil.com\/index\/wp-json\/wp\/v2\/types\/post"}],"author":[{"embeddable":true,"href":"https:\/\/www.noticiasperfil.com\/index\/wp-json\/wp\/v2\/users\/1"}],"replies":[{"embeddable":true,"href":"https:\/\/www.noticiasperfil.com\/index\/wp-json\/wp\/v2\/comments?post=104464"}],"version-history":[{"count":1,"href":"https:\/\/www.noticiasperfil.com\/index\/wp-json\/wp\/v2\/posts\/104464\/revisions"}],"predecessor-version":[{"id":104466,"href":"https:\/\/www.noticiasperfil.com\/index\/wp-json\/wp\/v2\/posts\/104464\/revisions\/104466"}],"wp:attachment":[{"href":"https:\/\/www.noticiasperfil.com\/index\/wp-json\/wp\/v2\/media?parent=104464"}],"wp:term":[{"taxonomy":"category","embeddable":true,"href":"https:\/\/www.noticiasperfil.com\/index\/wp-json\/wp\/v2\/categories?post=104464"},{"taxonomy":"post_tag","embeddable":true,"href":"https:\/\/www.noticiasperfil.com\/index\/wp-json\/wp\/v2\/tags?post=104464"}],"curies":[{"name":"wp","href":"https:\/\/api.w.org\/{rel}","templated":true}]}}