{"id":104467,"date":"2023-12-14T13:40:59","date_gmt":"2023-12-14T19:40:59","guid":{"rendered":"https:\/\/www.noticiasperfil.com\/index\/?p=104467"},"modified":"2023-12-14T13:40:59","modified_gmt":"2023-12-14T19:40:59","slug":"listo-el-relleno-sanitario-de-cosamaloapan","status":"publish","type":"post","link":"https:\/\/www.noticiasperfil.com\/index\/2023\/12\/14\/listo-el-relleno-sanitario-de-cosamaloapan\/","title":{"rendered":"Listo el relleno sanitario de Cosamaloapan"},"content":{"rendered":"<p><img loading=\"lazy\" decoding=\"async\" class=\"aligncenter size-full wp-image-104468\" src=\"https:\/\/i2.wp.com\/www.noticiasperfil.com\/index\/wp-content\/uploads\/2023\/12\/sergio-rodriguez-cortes.jpg?resize=640%2C427&#038;ssl=1\" alt=\"\" width=\"640\" height=\"427\" data-recalc-dims=\"1\" \/><\/p>\n<ul>\n<li><em><strong>El objetivo es eliminar por completo los tiraderos a cielo abierto.<\/strong><\/em><\/li>\n<\/ul>\n<p>Cosamaloapan, Ver.- Con el prop\u00f3sito de eliminar los tiraderos a cielo abierto, el Procurador del Medio Ambiente (PMA), Sergio Rodr\u00edguez Cort\u00e9s, inaugur\u00f3 el relleno sanitario de Cosamaloapan \u201cCuatro Caminos\u201d, acompa\u00f1ado del presidente municipal Gustavo Senties Hern\u00e1ndez.<\/p>\n<p>Destac\u00f3 que el nuevo relleno sanitario en Cosamaloapan cuenta con la infraestructura necesaria para dar una adecuada disposici\u00f3n final a los derechos s\u00f3lidos urbanos sin peligro de contaminaci\u00f3n al agua, suelo y aire.<\/p>\n<p>Este proyecto es parte del Plan de Gesti\u00f3n Estatal de Residuos S\u00f3lidos y de Manejo Especial, cuyo objetivo es eliminar por completo los tiraderos a cielo abierto y tratar de manera adecuada la basura que se maneja en los municipios de la regi\u00f3n.<\/p>\n<p>De igual manera, se realiz\u00f3 una reforestaci\u00f3n en el sitio con ayuda de personal de la Procuradur\u00eda y voluntarios.<\/p>\n<p>El Procurador del Medio Ambiente, Sergio Rodr\u00edguez Cort\u00e9s, aprovech\u00f3 la gira de trabajo por el sur del estado para entregar el Galard\u00f3n de Oro por la preservaci\u00f3n del medio ambiente a los presidentes municipales Gustavo Senties Hern\u00e1ndez, de Cosamaloapan; \u00c1lvaro G\u00f3mez Flores, de Tierra Blanca; Luis Medina Aguirre, de Tlacotalpan; y Eric Rodr\u00edguez B\u00e1rcenas, de Juan Rodr\u00edguez Clara.<\/p>\n<p>Ah\u00ed, el procurador ambiental felicit\u00f3 a los ediles y a su personal por la labor realizada en materia de disposici\u00f3n de la basura en la regi\u00f3n sur del estado, esto basado en el marco del Plan de Gesti\u00f3n Estatal de Residuos S\u00f3lidos Urbanos y de Manejo Especial implementado por el Gobierno del Estado de Veracruz.<\/p>\n","protected":false},"excerpt":{"rendered":"<p>El objetivo es eliminar por completo los tiraderos a cielo abierto. Cosamaloapan, Ver.- Con el prop\u00f3sito de eliminar los tiraderos a cielo abierto, el Procurador del Medio Ambiente (PMA), Sergio Rodr\u00edguez Cort\u00e9s, inaugur\u00f3 el relleno sanitario de Cosamaloapan \u201cCuatro Caminos\u201d, acompa\u00f1ado del presidente municipal Gustavo Senties Hern\u00e1ndez. Destac\u00f3 que el nuevo relleno sanitario en Cosamaloapan cuenta con la infraestructura necesaria para dar una adecuada disposici\u00f3n final a los derechos s\u00f3lidos urbanos sin peligro de contaminaci\u00f3n al agua, suelo y aire. Este proyecto es parte del Plan de Gesti\u00f3n Estatal de&hellip;<\/p>\n","protected":false},"author":1,"featured_media":0,"comment_status":"open","ping_status":"closed","sticky":false,"template":"","format":"standard","meta":{"footnotes":""},"categories":[3,4],"tags":[1335],"class_list":["post-104467","post","type-post","status-publish","format-standard","hentry","category-destacadas","category-estatal","tag-sergio-rodriguez-cortes"],"jetpack-related-posts":[],"_links":{"self":[{"href":"https:\/\/www.noticiasperfil.com\/index\/wp-json\/wp\/v2\/posts\/104467","targetHints":{"allow":["GET"]}}],"collection":[{"href":"https:\/\/www.noticiasperfil.com\/index\/wp-json\/wp\/v2\/posts"}],"about":[{"href":"https:\/\/www.noticiasperfil.com\/index\/wp-json\/wp\/v2\/types\/post"}],"author":[{"embeddable":true,"href":"https:\/\/www.noticiasperfil.com\/index\/wp-json\/wp\/v2\/users\/1"}],"replies":[{"embeddable":true,"href":"https:\/\/www.noticiasperfil.com\/index\/wp-json\/wp\/v2\/comments?post=104467"}],"version-history":[{"count":1,"href":"https:\/\/www.noticiasperfil.com\/index\/wp-json\/wp\/v2\/posts\/104467\/revisions"}],"predecessor-version":[{"id":104469,"href":"https:\/\/www.noticiasperfil.com\/index\/wp-json\/wp\/v2\/posts\/104467\/revisions\/104469"}],"wp:attachment":[{"href":"https:\/\/www.noticiasperfil.com\/index\/wp-json\/wp\/v2\/media?parent=104467"}],"wp:term":[{"taxonomy":"category","embeddable":true,"href":"https:\/\/www.noticiasperfil.com\/index\/wp-json\/wp\/v2\/categories?post=104467"},{"taxonomy":"post_tag","embeddable":true,"href":"https:\/\/www.noticiasperfil.com\/index\/wp-json\/wp\/v2\/tags?post=104467"}],"curies":[{"name":"wp","href":"https:\/\/api.w.org\/{rel}","templated":true}]}}