{"id":104470,"date":"2023-12-14T14:13:30","date_gmt":"2023-12-14T20:13:30","guid":{"rendered":"https:\/\/www.noticiasperfil.com\/index\/?p=104470"},"modified":"2023-12-14T14:13:30","modified_gmt":"2023-12-14T20:13:30","slug":"veracruz-en-la-mira-electorera-de-todos","status":"publish","type":"post","link":"https:\/\/www.noticiasperfil.com\/index\/2023\/12\/14\/veracruz-en-la-mira-electorera-de-todos\/","title":{"rendered":"Veracruz en la mira electorera de todos"},"content":{"rendered":"<p><img loading=\"lazy\" decoding=\"async\" class=\"aligncenter size-full wp-image-93945\" src=\"https:\/\/i2.wp.com\/www.noticiasperfil.com\/index\/wp-content\/uploads\/2022\/11\/repechaje.jpg?resize=517%2C300&#038;ssl=1\" alt=\"\" width=\"517\" height=\"300\" data-recalc-dims=\"1\" \/><\/p>\n<p><strong>Repechaje\/Por Quirino Moreno Quiza.<\/strong><\/p>\n<p><em><strong>*Habr\u00e1 operadores pol\u00edticos de la oposici\u00f3n trabando duro<br \/>\n<\/strong><strong>*\u201cDetener la destrucci\u00f3n de M\u00e9xico\u201d&#8230; el objetivo del FAM<br \/>\n<\/strong><strong>*H\u00e9ctor Yunes ni siquiera deber\u00eda responder \u201ctwits\u201d<br \/>\n<\/strong><strong>*JDO fue expulsado del PRI desde el expresidente EPN<br \/>\n<\/strong><strong>*Lo interesante de esa \u201cguerrita twittera\u201d es lo de la lana<br \/>\n<\/strong><strong>*To\u00f1o Luna con el G-10\u2026 a pesar del ba\u00f1o de cuestionamientos\u2026<br \/>\n<\/strong><strong>*Samuel Garc\u00eda le aprende m\u00e1s a AMLO que a Dante\u2026<\/strong><strong>\u00a0<\/strong><\/em><\/p>\n<p>***\u00a0<strong><em>\u00a1Les atrae Veracruz!\u00a0<\/em><\/strong>Nos dicen en el PRI, que es posible que para Veracruz reactiven a operadores pol\u00edticos de los tres partidos; los m\u00e1s experimentados, no solo de Veracruz sino de todo el pa\u00eds, dada la importancia que reviste la entidad veracruzana en el panorama nacional\u2026 De hecho, el que esto escribe\u00a0 fue testigo ya de uno de esos operadores operando fuerte\u2026 no solo para Pepe Yunes sino que tambi\u00e9n para X\u00f3chitl G\u00e1lvez\u2026<\/p>\n<p>***\u00a0<strong><em>\u00bfY c\u00f3mo har\u00e1 eso?\u00a0<\/em><\/strong>En efecto, es importante que el FAM gane la presidencia de la Rep\u00fablica y el mayor n\u00famero de gubernaturas, pero resulta igualmente importante ganar la senadur\u00edas y diputaciones federales y locales\u2026 Eso es lo que est\u00e1n ventilando en los partidos de oposici\u00f3n\u2026 \u201cDetener la destrucci\u00f3n total de M\u00e9xico que ha iniciado ya el presidente L\u00f3pez Obrador\u201d&#8230; ese es el objetivo\u2026y para eso se necesita la participaci\u00f3n de los ciudadanos\u2026<\/p>\n<p>***\u00a0<strong><em>\u00a1Guerrita twittera!\u00a0<\/em><\/strong>Por cierto que esa guerrita \u201ctwittera\u201d que se traen entre el gobernador Cuitl\u00e1huac Garc\u00eda, el ex gobernador Javier Duarte de Ochoa y el ex diputado y ex senador priista, H\u00e9cto Yunes Landa, simplemente no tiene mayor relevancia\u2026 Yunes Landa no deber\u00eda ni responder los twits de Javier Duarte, quien, para comenzar deber\u00eda de estar m\u00e1s ocupado resolviendo su situaci\u00f3n jur\u00eddica y para seguir, hay que recordar que desde la \u00e9poca del expresidente Pe\u00f1a Nieto fue expulsado del PRI\u2026 Lo otro, lo del gobernador\u00a0 Garc\u00eda Jim\u00e9nez y los \u201capoyitos\u201d de Duarte s\u00ed podr\u00eda cobrar relevancia, ya que resulta reveladora la manera en la que se ganan y se pierden elecciones\u2026 \u00bfAhora resulta que Javier Duarte es m\u00e1s morenista que Cuitl\u00e1huac?&#8230; \u00bfO qu\u00e9?&#8230;<\/p>\n<p>***\u00a0<strong><em>\u00a1Y sin respingar!<\/em><\/strong>\u00a0 El diputado local por el distrito de Emiliano Zapata, Antonio Luna Rosales se ha inscrito en el proceso interno de Morena para buscar su reelecci\u00f3n en esa representaci\u00f3n\u2026 To\u00f1o Luna asegura que el gobernador Cuitl\u00e1huac Garc\u00eda dejar\u00e1 muchas obras en zonas m\u00e1s desprotegidas, pero eso no es muy conocido porque hay deficiencias que se podr\u00edan corregir en materia de comunicaci\u00f3n social\u2026 Afirm\u00f3 que la administraci\u00f3n de Garc\u00eda Jim\u00e9nez ha tenido un manejo pulcro y ordenado de las finanzas estatales\u2026 Y remat\u00f3 diciendo que la virtual candidata de Morena al gobierno estatal, Roc\u00edo Nahle podr\u00eda superar la votaci\u00f3n obtenida en la pasada elecci\u00f3n de gobernador\u2026 \u00bfUsted qu\u00e9 opina estimado lector?&#8230; Y s\u00ed, en reuni\u00f3n con periodistas del \u201cGrupo de los 10\u201d, To\u00f1o Luna coment\u00f3 muchos m\u00e1s detalles, que por supuesto que se los iremos comentando aqu\u00ed en los pr\u00f3ximos d\u00edas\u2026 Pero, la verdad es que el diputado morenista aguant\u00f3 estoicamente el ba\u00f1o de cuestionamientos y respondi\u00f3 a todos de manera tranquila y sin exabruptos\u2026Ya les platicaremos al respecto\u2026<\/p>\n<p>***\u00a0<strong><em>\u00a1Para eso me gustaba!\u00a0<\/em><\/strong>El gobernador de Nuevo Le\u00f3n, Samuel Garc\u00eda ha sido la revelaci\u00f3n, pero no de Movimiento Ciudadano, sino de Morena\u2026 En tan solo dos semanas ha dicho muchas mentiras y ha socavado a mucha gente\u2026 Le aprendi\u00f3 mucho al presidente L\u00f3pez Obrador, sin duda\u2026mucho m\u00e1s de lo que pod\u00eda aprenderle a Dante Delgado Rannauro\u2026<\/p>\n<p><strong>quirino.moreno@entornopolitico.com<\/strong><\/p>\n<p><strong>columnarepechaje@gmail.com<\/strong><\/p>\n<p><strong>X: quirinomq<\/strong><\/p>\n<p><a href=\"http:\/\/www.entornopolitico.com\/\"><strong>www.entornopolitico.co<\/strong><\/a>m<\/p>\n","protected":false},"excerpt":{"rendered":"<p>Repechaje\/Por Quirino Moreno Quiza. *Habr\u00e1 operadores pol\u00edticos de la oposici\u00f3n trabando duro *\u201cDetener la destrucci\u00f3n de M\u00e9xico\u201d&#8230; el objetivo del FAM *H\u00e9ctor Yunes ni siquiera deber\u00eda responder \u201ctwits\u201d *JDO fue expulsado del PRI desde el expresidente EPN *Lo interesante de esa \u201cguerrita twittera\u201d es lo de la lana *To\u00f1o Luna con el G-10\u2026 a pesar del ba\u00f1o de cuestionamientos\u2026 *Samuel Garc\u00eda le aprende m\u00e1s a AMLO que a Dante\u2026\u00a0 ***\u00a0\u00a1Les atrae Veracruz!\u00a0Nos dicen en el PRI, que es posible que para Veracruz reactiven a operadores pol\u00edticos de los tres partidos;&hellip;<\/p>\n","protected":false},"author":1,"featured_media":0,"comment_status":"open","ping_status":"closed","sticky":false,"template":"","format":"standard","meta":{"footnotes":""},"categories":[8,11],"tags":[10346],"class_list":["post-104470","post","type-post","status-publish","format-standard","hentry","category-opinion","category-repechaje","tag-quirino-moreno-quizza"],"jetpack-related-posts":[],"_links":{"self":[{"href":"https:\/\/www.noticiasperfil.com\/index\/wp-json\/wp\/v2\/posts\/104470","targetHints":{"allow":["GET"]}}],"collection":[{"href":"https:\/\/www.noticiasperfil.com\/index\/wp-json\/wp\/v2\/posts"}],"about":[{"href":"https:\/\/www.noticiasperfil.com\/index\/wp-json\/wp\/v2\/types\/post"}],"author":[{"embeddable":true,"href":"https:\/\/www.noticiasperfil.com\/index\/wp-json\/wp\/v2\/users\/1"}],"replies":[{"embeddable":true,"href":"https:\/\/www.noticiasperfil.com\/index\/wp-json\/wp\/v2\/comments?post=104470"}],"version-history":[{"count":1,"href":"https:\/\/www.noticiasperfil.com\/index\/wp-json\/wp\/v2\/posts\/104470\/revisions"}],"predecessor-version":[{"id":104471,"href":"https:\/\/www.noticiasperfil.com\/index\/wp-json\/wp\/v2\/posts\/104470\/revisions\/104471"}],"wp:attachment":[{"href":"https:\/\/www.noticiasperfil.com\/index\/wp-json\/wp\/v2\/media?parent=104470"}],"wp:term":[{"taxonomy":"category","embeddable":true,"href":"https:\/\/www.noticiasperfil.com\/index\/wp-json\/wp\/v2\/categories?post=104470"},{"taxonomy":"post_tag","embeddable":true,"href":"https:\/\/www.noticiasperfil.com\/index\/wp-json\/wp\/v2\/tags?post=104470"}],"curies":[{"name":"wp","href":"https:\/\/api.w.org\/{rel}","templated":true}]}}