{"id":104472,"date":"2023-12-14T14:19:40","date_gmt":"2023-12-14T20:19:40","guid":{"rendered":"https:\/\/www.noticiasperfil.com\/index\/?p=104472"},"modified":"2023-12-14T14:19:40","modified_gmt":"2023-12-14T20:19:40","slug":"mas-vale-malo-por-conocido-que-bueno-por-conocer","status":"publish","type":"post","link":"https:\/\/www.noticiasperfil.com\/index\/2023\/12\/14\/mas-vale-malo-por-conocido-que-bueno-por-conocer\/","title":{"rendered":"\u00bfM\u00e1s vale malo por conocido que bueno por conocer?"},"content":{"rendered":"<p><img loading=\"lazy\" decoding=\"async\" class=\"aligncenter size-full wp-image-93555\" src=\"https:\/\/i0.wp.com\/www.noticiasperfil.com\/index\/wp-content\/uploads\/2022\/10\/prosa-aprisa.jpg?resize=480%2C270&#038;ssl=1\" alt=\"\" width=\"480\" height=\"270\" data-recalc-dims=\"1\" \/><\/p>\n<p><strong>Prosa Aprisa\/Por Arturo Reyes Isidoro.<\/strong><\/p>\n<p>Me pregunto si a los lectores, a la mayor\u00eda de ellos, les dicen algo los siguientes nombres: Crescencio\u00a0Emilio\u00a0M\u00e1rquez\u00a0Ricardo, Julio\u00a0C\u00e9sar\u00a0Gonz\u00e1lez\u00a0Fern\u00e1ndez, Mar\u00eda\u00a0de\u00a0Jes\u00fas\u00a0Lavalle\u00a0Rend\u00f3n, Adela\u00a0Elizabeth\u00a0Morales\u00a0M\u00e9ndez, Karla\u00a0Estrada\u00a0G\u00f3mez, Miguel\u00a0\u00c1ngel\u00a0Castillo\u00a0L\u00f3pez, Mar\u00eda\u00a0Elena\u00a0Cano\u00a0Serv\u00edn, Erika\u00a0Monserrat\u00a0Blix\u00a0Portilla, Christopher\u00a0Alan\u00a0Santos\u00a0Castillo, Karina\u00a0Guzm\u00e1n\u00a0Mar\u00edn, Carlos\u00a0Cruz\u00a0Orozco, Letty\u00a0Hern\u00e1ndez\u00a0Miranda, Erick\u00a0Alberto\u00a0Gasca\u00a0Morales, \u00c1ngel\u00a0Federico\u00a0\u00c1lvarez\u00a0Medina, \u00a0Ignacio\u00a0Ram\u00edrez\u00a0Flores y Renato\u00a0de\u00a0Gasperin\u00a0Zilli.<\/p>\n<p>Me atrevo a pensar, aunque puedo estar equivocado, que no los conocen o que casi no los conocen, con la excepci\u00f3n de uno que otro; que no saben por qu\u00e9 los cito; qui\u00e9nes son y a qu\u00e9 se dedican. Si es as\u00ed, considerar\u00eda una posibilidad de por qu\u00e9 no: porque no han estado en boca de todos y no han sido o son medi\u00e1ticos, no obstante que se dedican al quehacer pol\u00edtico.<\/p>\n<p>Son los precandidatos de Movimiento Ciudadano (MC) a diputados federales por los distritos de: 1 P\u00e1nuco, 3 Cosoleacaque, 4 Veracruz, 5 Poza\u00a0Rica\u00a0de\u00a0Hidalgo, 7 Mart\u00ednez\u00a0de\u00a0la\u00a0Torre, 8 Emiliano\u00a0Zapata, 9 Coatepec, 10 Xalapa, 11 Coatzacoalcos, 12 Veracruz, 14 Minatitl\u00e1n, 15 Orizaba, 16 C\u00f3rdoba,\u00a017 Cosamaloapan, 18 Zongolica y 19 San\u00a0Andr\u00e9s\u00a0Tuxtla, respectivamente. El partido naranja, de acuerdo a esa lista, no cubre los 19 distritos electorales federales, pero s\u00ed la mayor\u00eda.<\/p>\n<p>Por un lado, puede decirse que contra lo que se pueda creer, MC ha estado trabajando de cara a la elecci\u00f3n de 2024 para renovar el Congreso federal y que si bien la dirigencia estatal que encabeza Sergio Gil Rull\u00e1n no hace mucho ruido y no es muy medi\u00e1tica, ha estado armando y tiene armada su estructura con la que va a competir.<\/p>\n<p>Pero regreso a los nombres. Para m\u00ed no son conocidos, metido como estoy en mis comentarios diarios sobre los partidos tradicionales y pol\u00edticos de viejo y nuevo cu\u00f1o, muchos los mismos de siempre, algunos (o una buena cantidad) impresentables, pero tambi\u00e9n sobre los relativamente nuevos que aparecieron en el escenario pol\u00edtico estatal con la llegada de Morena al poder, que de verdes pasaron a lo podrido sin madurar y que en tan poco tiempo ya se pueden equiparar con los de antes y que ya son conocidos por los veracruzanos pero por sus notas malas.<\/p>\n<p>\u00bfM\u00e1s vale malo por conocido que bueno por conocer? Muchos, decepcionados de los gobiernos de Morena, hoy est\u00e1n convencidos de que en la elecci\u00f3n de 2018 debieron haber aplicado ese dicho. Como hoy pretenden los de MC (al menos eso creo), llegaron muchos nombres \u2013de hombres y mujeres\u2013 a quienes nadie conoc\u00eda y que despertaron grandes esperanzas, pero han terminado siendo un fiasco.<\/p>\n<p>\u00bfDeben pagar justos por pecadores? \u00bfSe debe, por lo tanto, desconfiar de los ahora desconocidos precandidatos de MC? Creo que no. Ser\u00eda injusto, seg\u00fan mi punto de vista. A los mexicanos cada vez m\u00e1s se nos acaban las opciones. El centro, representado por el PRI, nos termin\u00f3 hartando. La derecha, representada por el PAN, nos result\u00f3 una gran decepci\u00f3n. La izquierda, representada por Morena, a la que se consideraba la gran esperanza, ha resultado frustrante.<\/p>\n<p>\u00bfPor qu\u00e9 no darles el beneficio de la duda, una oportunidad, a estos, para muchos, desconocidos? \u00bfY si resulta que de quienes no se esperar\u00eda ya nada o mucho dan la sorpresa y son el nuevo tipo de pol\u00edtico que de siempre han estado esperando los mexicanos, los veracruzanos? \u00bfQu\u00e9 m\u00e1s se podr\u00eda perder cuando ya casi se perdi\u00f3 todo con el PRI, el PAN y Morena y sus respectivos aliados y sat\u00e9lites?<\/p>\n<p>A inicios de semana, mi compa\u00f1ero Sergio Gonz\u00e1lez Levet hizo un comentario en su columna \u201cSin tacto\u201d, que me llam\u00f3 mucho la atenci\u00f3n. La titul\u00f3: \u201c\u00bfDuartistas de regreso? Dijo:<\/p>\n<p>\u201cCircula un rumor persistente, difundido sobre todo por los propios involucrados, de que varios reconocidos funcionarios de la administraci\u00f3n de Javier Duarte est\u00e1n por integrarse al staff del precandidato del PRI y casi seguro abanderado del Frente Amplio por Veracruz, Pepe Yunes Zorrilla, para la gubernatura en las elecciones del pr\u00f3ximo a\u00f1o.<\/p>\n<p>Seg\u00fan esa especie, el equipo de campa\u00f1a del diputado perote\u00f1o estar\u00eda irremediablemente conformado por varias personas que son impresentables, pero que creen que el pueblo de Veracruz no tiene memoria y ya pueden tranquilamente volver a ocupar las posiciones desde las que contribuyeron eficazmente hace una d\u00e9cada al mayor saqueo de las arcas p\u00fablicas de que se tuviera memoria en la \u00e9poca priista, s\u00f3lo comparable con la depredaci\u00f3n a que nos tienen sometidos la cuarta Transformaci\u00f3n jarocha y sus secuaces\u201d.<\/p>\n<p>No anda mal en su apunte y Pepe sabr\u00e1 lo que hace al respecto. Vuelvo a lo m\u00edo: \u00bfestos impresentables duartistas o los nuevos nombres, las nuevas caras que nos presenta el partido de Dante Delgado?<\/p>\n<p><strong>El PRI recoge una verdadera fichita<\/strong><\/p>\n<p>El 24 de mayo pasado, con el encabezado: \u201cSinverg\u00fcenza senadora de Veracruz, ejemplo de los que no son iguales\u201d, publiqu\u00e9 en este espacio:<\/p>\n<p>\u201cEl morenismo en Veracruz guarda silencio. Vergonzosamente para el estado (decir que para su causa no tiene caso, porque se advierte que ni al dirigente estatal de Morena Esteban Ram\u00edrez Zepeta ni al propio gobernador Cuitl\u00e1huac Garc\u00eda Jim\u00e9nez les preocupa ni les interesa) la senadora Claudia Esther Balderas Espinoza, originaria de Villa Allende, municipio de Coatzacoalcos, ejemplo vivo de quienes se llenan la boca diciendo que no son iguales (a los del PRI y a los del PAN), transita en medio del fango del esc\u00e1ndalo.<\/p>\n<p>La mujer, joven, de 31 a\u00f1os, ingeniera qu\u00edmica, \u2018legisladora\u2019 de la C\u00e1mara alta producto de una t\u00f3mbola pol\u00edtica interna, impulsada \u2013seg\u00fan versiones que se conocen en Coatzacoalcos\u2013 por Roc\u00edo Nahle, es, qu\u00e9 duda cabe, uno de los mejores ejemplos que debe poner en alerta a los veracruzanos que piensan acudir a votar el pr\u00f3ximo a\u00f1o sobre si est\u00e1n dispuestos a volver a elegir a una persona de su misma cala\u00f1a.<\/p>\n<p>Lo sorprendente no es que sea una caradura, sino que ni el presidente L\u00f3pez Obrador, el l\u00edder natural de Morena (en realidad, su due\u00f1o), ni Mario Delgado, el l\u00edder formal, ni Ram\u00edrez Zepeta, ni Cuitl\u00e1huac, a quienes corresponder\u00eda hacerlo por su alta representatividad (con respecto a los del estado es un decir) no solo no han pedido a su partido que la sancione, o que su bancada en el Senado le imponga una medida correctiva, sino que ni siquiera han hecho un pronunciamiento p\u00fablico condenando su conducta.<\/p>\n<p>El \u00faltimo caso m\u00e1s sonado en el que se vio envuelta fue el de una deuda por 200 mil pesos por el incumplimiento del pago de la renta de una casa en la Ciudad de M\u00e9xico, inmueble que se negaba a entregar hasta que una orden judicial la oblig\u00f3 a hacerlo. Cuando la propietaria tuvo ya la casa encontr\u00f3 una notificaci\u00f3n del Banco Azteca donde le cobraba a la morenista m\u00e1s de 126 mil pesos, por un cr\u00e9dito que le otorg\u00f3. El adeudo de la renta no lo pag\u00f3.<\/p>\n<p>Desde sus inicios como \u2018legisladora\u2019 protagoniz\u00f3 un esc\u00e1ndalo tambi\u00e9n en la Ciudad de M\u00e9xico cuando por un incidente vial polic\u00edas intervinieron la camioneta en la que viajaba. Al chofer, al que luego quiso desconocer, le encontraron polvo blanco, presuntamente coca\u00edna, lo que no se pudo corroborar porque ella, con su fuero, evit\u00f3 que lo detuvieran, pero los medios de la capital del pa\u00eds ventilaron el caso con un gran esc\u00e1ndalo. Su chofer result\u00f3 su pareja, o expareja sentimental, al que hab\u00eda estado pagando un sueldo mensual de 60 mil pesos y en Coatzacoalcos estaba acusado por la violaci\u00f3n de una menor. Luego del incidente en la CDMX, en un operativo policiaco fue detenido en Coatzacoalcos en posesi\u00f3n de droga.<\/p>\n<p>A inicios de septiembre de 2022 protagoniz\u00f3 otro esc\u00e1ndalo en el Senado cuando sostuvo un jaloneo con una mujer, presuntamente su trabajadora y prima suya. En un video que circul\u00f3 profusamente se vio cuando tras el forcejeo la empuj\u00f3 y la otra cay\u00f3. La reportera parlamentaria (la decana) Leti Robles de la Rosa, testigo de los hechos, dijo que la golpe\u00f3 en medio de palabras soeces. Public\u00f3 que, en efecto, la prima estaba completamente ebria, pero que no hab\u00eda lastimado a nadie, aunque la senadora a ella s\u00ed.<\/p>\n<p>La morenista veracruzana sali\u00f3 a escena ayer cuando en la columna \u2018Kiosko\u2019 del diario\u00a0<em>El Universal\u00a0<\/em>se public\u00f3 un comentario en forma sucinta sobre su trayectoria de esc\u00e1ndalos, comentario que remataron as\u00ed: \u2018\u2026 varios se preguntan qui\u00e9n o qui\u00e9nes la protegen para que siga haciendo de las suyas y rompiendo los mentados \u2018principios\u2019: \u2018no robar\u00e1s y no mentir\u00e1s\u2019. \u00a1Qu\u00e9 tal!\u2019. El morenismo de Veracruz, al que representa, tambi\u00e9n le tolera todo, sin chistar. \u00bfPues, qui\u00e9n la protege que agachan la cabeza y hacen como que no ven ni escuchan nada? \u00bfCallar\u00edan si fuera senadora de un partido de oposici\u00f3n?\u201d<\/p>\n<p>\u00bfY qu\u00e9 creen, lectores? Que tan delicad\u00edsima, fin\u00edsima y bell\u00edsima mujer \u00a1acaba de brincar de Morena al PRI!, donde la recibi\u00f3, con todos los honores, otro delicad\u00edsimo, fin\u00edsimo, honorabil\u00edsimo y bell\u00edsimo se\u00f1or, Alejandro Moreno, \u201cAlito\u201d, dirigente nacional del Revolucionario Institucional, de su misma cala\u00f1a. Le ha de haber ofrecido otra candidatura. \u00bfPersonas como ella, de nuevo, o desconocidos como los que propone MC?<\/p>\n<p>&nbsp;<\/p>\n","protected":false},"excerpt":{"rendered":"<p>Prosa Aprisa\/Por Arturo Reyes Isidoro. Me pregunto si a los lectores, a la mayor\u00eda de ellos, les dicen algo los siguientes nombres: Crescencio\u00a0Emilio\u00a0M\u00e1rquez\u00a0Ricardo, Julio\u00a0C\u00e9sar\u00a0Gonz\u00e1lez\u00a0Fern\u00e1ndez, Mar\u00eda\u00a0de\u00a0Jes\u00fas\u00a0Lavalle\u00a0Rend\u00f3n, Adela\u00a0Elizabeth\u00a0Morales\u00a0M\u00e9ndez, Karla\u00a0Estrada\u00a0G\u00f3mez, Miguel\u00a0\u00c1ngel\u00a0Castillo\u00a0L\u00f3pez, Mar\u00eda\u00a0Elena\u00a0Cano\u00a0Serv\u00edn, Erika\u00a0Monserrat\u00a0Blix\u00a0Portilla, Christopher\u00a0Alan\u00a0Santos\u00a0Castillo, Karina\u00a0Guzm\u00e1n\u00a0Mar\u00edn, Carlos\u00a0Cruz\u00a0Orozco, Letty\u00a0Hern\u00e1ndez\u00a0Miranda, Erick\u00a0Alberto\u00a0Gasca\u00a0Morales, \u00c1ngel\u00a0Federico\u00a0\u00c1lvarez\u00a0Medina, \u00a0Ignacio\u00a0Ram\u00edrez\u00a0Flores y Renato\u00a0de\u00a0Gasperin\u00a0Zilli. Me atrevo a pensar, aunque puedo estar equivocado, que no los conocen o que casi no los conocen, con la excepci\u00f3n de uno que otro; que no saben por qu\u00e9 los cito; qui\u00e9nes son y a qu\u00e9 se dedican. Si es as\u00ed, considerar\u00eda una posibilidad de por qu\u00e9 no: porque no&hellip;<\/p>\n","protected":false},"author":1,"featured_media":0,"comment_status":"open","ping_status":"closed","sticky":false,"template":"","format":"standard","meta":{"footnotes":""},"categories":[8,10],"tags":[112],"class_list":["post-104472","post","type-post","status-publish","format-standard","hentry","category-opinion","category-prosa-aprisa","tag-arturo-reyes-isidoro"],"jetpack-related-posts":[],"_links":{"self":[{"href":"https:\/\/www.noticiasperfil.com\/index\/wp-json\/wp\/v2\/posts\/104472","targetHints":{"allow":["GET"]}}],"collection":[{"href":"https:\/\/www.noticiasperfil.com\/index\/wp-json\/wp\/v2\/posts"}],"about":[{"href":"https:\/\/www.noticiasperfil.com\/index\/wp-json\/wp\/v2\/types\/post"}],"author":[{"embeddable":true,"href":"https:\/\/www.noticiasperfil.com\/index\/wp-json\/wp\/v2\/users\/1"}],"replies":[{"embeddable":true,"href":"https:\/\/www.noticiasperfil.com\/index\/wp-json\/wp\/v2\/comments?post=104472"}],"version-history":[{"count":1,"href":"https:\/\/www.noticiasperfil.com\/index\/wp-json\/wp\/v2\/posts\/104472\/revisions"}],"predecessor-version":[{"id":104473,"href":"https:\/\/www.noticiasperfil.com\/index\/wp-json\/wp\/v2\/posts\/104472\/revisions\/104473"}],"wp:attachment":[{"href":"https:\/\/www.noticiasperfil.com\/index\/wp-json\/wp\/v2\/media?parent=104472"}],"wp:term":[{"taxonomy":"category","embeddable":true,"href":"https:\/\/www.noticiasperfil.com\/index\/wp-json\/wp\/v2\/categories?post=104472"},{"taxonomy":"post_tag","embeddable":true,"href":"https:\/\/www.noticiasperfil.com\/index\/wp-json\/wp\/v2\/tags?post=104472"}],"curies":[{"name":"wp","href":"https:\/\/api.w.org\/{rel}","templated":true}]}}