{"id":104503,"date":"2023-12-16T11:39:19","date_gmt":"2023-12-16T17:39:19","guid":{"rendered":"https:\/\/www.noticiasperfil.com\/index\/?p=104503"},"modified":"2023-12-16T11:39:19","modified_gmt":"2023-12-16T17:39:19","slug":"obras-magnas-de-la-4t-generadoras-de-empleos","status":"publish","type":"post","link":"https:\/\/www.noticiasperfil.com\/index\/2023\/12\/16\/obras-magnas-de-la-4t-generadoras-de-empleos\/","title":{"rendered":"Obras magnas de la 4T, generadoras de empleos"},"content":{"rendered":"<p><img loading=\"lazy\" decoding=\"async\" class=\"aligncenter size-full wp-image-104504\" src=\"https:\/\/i1.wp.com\/www.noticiasperfil.com\/index\/wp-content\/uploads\/2023\/12\/rocio-nahle-1.jpg?resize=640%2C426&#038;ssl=1\" alt=\"\" width=\"640\" height=\"426\" data-recalc-dims=\"1\" \/><\/p>\n<p>Juchique de Ferrer, Ver.- Las grandes obras que proyect\u00f3 el presidente Andr\u00e9s Manuel L\u00f3pez Obrador para su administraci\u00f3n, la primera de la Cuarta Transformaci\u00f3n, generaron empleos y desarrollo econ\u00f3mico en todo el pa\u00eds, principalmente en la regi\u00f3n sureste hist\u00f3ricamente olvidada, asegur\u00f3 la Coordinadora de los Comit\u00e9s de Defensa de la 4T en Veracruz, Roc\u00edo Nahle Garc\u00eda.<\/p>\n<p>Hoy fue inaugurada la primera etapa del Tren Maya y en ese contexto, destac\u00f3 que miles de mexicanos de todas partes se concentraron en el sur para trabajar a cambio de sueldos dignos y por un periodo prolongado.<\/p>\n<p>\u201cTambi\u00e9n necesitaba crear empleo, \u00bfc\u00f3mo vamos a crear empleo?, y el presidente dijo: vamos a hacer grandes obras, la inversi\u00f3n p\u00fablica m\u00e1s grande que ha hecho el gobierno en su historia y dijo vamos a hacer el Tren Maya que por cierto hoy se inaugur\u00f3 la etapa del Tren Maya de Campeche a Quintana Roo, hoy nuestro presidente inici\u00f3 en Campeche, se subi\u00f3 al tren y ah\u00ed va rumbo a Canc\u00fan\u201d, puntualiz\u00f3.<\/p>\n<p>De igual manera, la Refiner\u00eda Olmeca en Dos Bocas, Tabasco contrat\u00f3 miles de empleos directos e indirectos y adem\u00e1s se rehabilit\u00f3 el tren de Coatzacoalcos a Salina cruz, Oaxaca am\u00e9n de la construcci\u00f3n de dos coquizadora en Tula, Hidalgo y Salina Cruz, Oaxaca, entre muchas obras m\u00e1s.<\/p>\n<p>Subray\u00f3 que cuando el presidente Andr\u00e9s Manuel L\u00f3pez Obrador asegura que en M\u00e9xico tenemos que trabajar para lograr la autosuficiencia en el campo, en hidrocarburos, y en distintos sectores productivos, es porque si se pueden generar oportunidades de crecimiento para todos y todas en el mercado interno.<\/p>\n<p>\u201cNadie de afuera va a venir a ayudarnos, tenemos que ser nosotros y as\u00ed empez\u00f3 nuestro movimiento, de Morena, de la transformaci\u00f3n a caminar por todo el pa\u00eds\u201d, puntualiz\u00f3 ante militantes y simpatizantes de Morena que acudieron a la toma de protesta de Comit\u00e9s de Defensa de la 4T en la entidad y asamblea informativa que se llev\u00f3 a cabo en este municipio.<\/p>\n","protected":false},"excerpt":{"rendered":"<p>Juchique de Ferrer, Ver.- Las grandes obras que proyect\u00f3 el presidente Andr\u00e9s Manuel L\u00f3pez Obrador para su administraci\u00f3n, la primera de la Cuarta Transformaci\u00f3n, generaron empleos y desarrollo econ\u00f3mico en todo el pa\u00eds, principalmente en la regi\u00f3n sureste hist\u00f3ricamente olvidada, asegur\u00f3 la Coordinadora de los Comit\u00e9s de Defensa de la 4T en Veracruz, Roc\u00edo Nahle Garc\u00eda. Hoy fue inaugurada la primera etapa del Tren Maya y en ese contexto, destac\u00f3 que miles de mexicanos de todas partes se concentraron en el sur para trabajar a cambio de sueldos dignos y&hellip;<\/p>\n","protected":false},"author":1,"featured_media":0,"comment_status":"open","ping_status":"closed","sticky":false,"template":"","format":"standard","meta":{"footnotes":""},"categories":[3,4],"tags":[3387],"class_list":["post-104503","post","type-post","status-publish","format-standard","hentry","category-destacadas","category-estatal","tag-rocio-nahle-garcia"],"jetpack-related-posts":[],"_links":{"self":[{"href":"https:\/\/www.noticiasperfil.com\/index\/wp-json\/wp\/v2\/posts\/104503","targetHints":{"allow":["GET"]}}],"collection":[{"href":"https:\/\/www.noticiasperfil.com\/index\/wp-json\/wp\/v2\/posts"}],"about":[{"href":"https:\/\/www.noticiasperfil.com\/index\/wp-json\/wp\/v2\/types\/post"}],"author":[{"embeddable":true,"href":"https:\/\/www.noticiasperfil.com\/index\/wp-json\/wp\/v2\/users\/1"}],"replies":[{"embeddable":true,"href":"https:\/\/www.noticiasperfil.com\/index\/wp-json\/wp\/v2\/comments?post=104503"}],"version-history":[{"count":1,"href":"https:\/\/www.noticiasperfil.com\/index\/wp-json\/wp\/v2\/posts\/104503\/revisions"}],"predecessor-version":[{"id":104505,"href":"https:\/\/www.noticiasperfil.com\/index\/wp-json\/wp\/v2\/posts\/104503\/revisions\/104505"}],"wp:attachment":[{"href":"https:\/\/www.noticiasperfil.com\/index\/wp-json\/wp\/v2\/media?parent=104503"}],"wp:term":[{"taxonomy":"category","embeddable":true,"href":"https:\/\/www.noticiasperfil.com\/index\/wp-json\/wp\/v2\/categories?post=104503"},{"taxonomy":"post_tag","embeddable":true,"href":"https:\/\/www.noticiasperfil.com\/index\/wp-json\/wp\/v2\/tags?post=104503"}],"curies":[{"name":"wp","href":"https:\/\/api.w.org\/{rel}","templated":true}]}}