{"id":104511,"date":"2023-12-16T21:37:50","date_gmt":"2023-12-17T03:37:50","guid":{"rendered":"https:\/\/www.noticiasperfil.com\/index\/?p=104511"},"modified":"2023-12-16T21:37:50","modified_gmt":"2023-12-17T03:37:50","slug":"listos-los-comites-de-defensa-de-la-cuarta-transformacion-en-catemaco","status":"publish","type":"post","link":"https:\/\/www.noticiasperfil.com\/index\/2023\/12\/16\/listos-los-comites-de-defensa-de-la-cuarta-transformacion-en-catemaco\/","title":{"rendered":"Listos los Comit\u00e9s de Defensa de la Cuarta Transformaci\u00f3n en Catemaco"},"content":{"rendered":"<p><img loading=\"lazy\" decoding=\"async\" class=\"aligncenter size-full wp-image-104513\" src=\"https:\/\/i2.wp.com\/www.noticiasperfil.com\/index\/wp-content\/uploads\/2023\/12\/rafa-nahle-01.jpg?resize=640%2C480&#038;ssl=1\" alt=\"\" width=\"640\" height=\"480\" data-recalc-dims=\"1\" \/><\/p>\n<ul>\n<li><em><strong>Listos los Comit\u00e9s de Defensa de la Cuarta Transformaci\u00f3n en Catemaco.<\/strong><\/em><\/li>\n<\/ul>\n<p>Catemaco, Ver., 16 de diciembre 2023. &#8211; \u00abEste fin de semana, desde Los Tuxtlas, la Ingeniero Roc\u00edo Nahle tom\u00f3 protesta a los integrantes de los comit\u00e9s de defensa y fuimos testigo de ello\u00bb, se\u00f1al\u00f3 el diputado local, Rafa Fararoni Maga\u00f1a.<\/p>\n<p>Como coordinadora de la defensa de la Cuarta Transformaci\u00f3n en Veracruz, la exsecretaria de energ\u00eda visit\u00f3 Catemaco y ante cientos de personas llev\u00f3 el mensaje de continuidad del movimiento transformador.<\/p>\n<p>Al respecto, Rafa Fararoni celebr\u00f3 el avance que se ha venido logrando con la difusi\u00f3n de la lucha que, durante estos cinco a\u00f1os, ha venido encabezando el presidente de la Rep\u00fablica, Andr\u00e9s Manuel L\u00f3pez Obrador en el pa\u00eds.<\/p>\n<p><img loading=\"lazy\" decoding=\"async\" class=\"aligncenter size-full wp-image-104512\" src=\"https:\/\/i1.wp.com\/www.noticiasperfil.com\/index\/wp-content\/uploads\/2023\/12\/rafa-fararoni-2.jpg?resize=640%2C480&#038;ssl=1\" alt=\"\" width=\"640\" height=\"480\" data-recalc-dims=\"1\" \/><\/p>\n<p>\u00abEstamos listos en Los Tuxtlas para continuar con la defensa de la 4T. Estoy contento de que muchas personas acompa\u00f1en y crean en este proyecto transformador y su trabajo a favor del pueblo\u00bb, expres\u00f3 el representante del Distrito XXV.<\/p>\n<p>En el evento para la toma de protesta del Comit\u00e9 de Defensa en este municipio, estuvieron presentes los diputados locales, Illya Dolores Escobar, el l\u00edder de la bancada de Morena, Juan Javier G\u00f3mez Cazar\u00edn, el alcalde de Catemaco, Juan Rosario Morales, el l\u00edder estatal de Morena Veracruz, Esteban Ram\u00edrez Zepeta, la diputada federal, Paola Tenorio Adame y la alcaldesa Mar\u00eda Elena Solana Calzada.<\/p>\n","protected":false},"excerpt":{"rendered":"<p>Listos los Comit\u00e9s de Defensa de la Cuarta Transformaci\u00f3n en Catemaco. Catemaco, Ver., 16 de diciembre 2023. &#8211; \u00abEste fin de semana, desde Los Tuxtlas, la Ingeniero Roc\u00edo Nahle tom\u00f3 protesta a los integrantes de los comit\u00e9s de defensa y fuimos testigo de ello\u00bb, se\u00f1al\u00f3 el diputado local, Rafa Fararoni Maga\u00f1a. Como coordinadora de la defensa de la Cuarta Transformaci\u00f3n en Veracruz, la exsecretaria de energ\u00eda visit\u00f3 Catemaco y ante cientos de personas llev\u00f3 el mensaje de continuidad del movimiento transformador. Al respecto, Rafa Fararoni celebr\u00f3 el avance que se&hellip;<\/p>\n","protected":false},"author":1,"featured_media":0,"comment_status":"open","ping_status":"closed","sticky":false,"template":"","format":"standard","meta":{"footnotes":""},"categories":[3,6],"tags":[6264,3387],"class_list":["post-104511","post","type-post","status-publish","format-standard","hentry","category-destacadas","category-zona-tuxtlas","tag-rafael-fararoni-magana","tag-rocio-nahle-garcia"],"jetpack-related-posts":[],"_links":{"self":[{"href":"https:\/\/www.noticiasperfil.com\/index\/wp-json\/wp\/v2\/posts\/104511","targetHints":{"allow":["GET"]}}],"collection":[{"href":"https:\/\/www.noticiasperfil.com\/index\/wp-json\/wp\/v2\/posts"}],"about":[{"href":"https:\/\/www.noticiasperfil.com\/index\/wp-json\/wp\/v2\/types\/post"}],"author":[{"embeddable":true,"href":"https:\/\/www.noticiasperfil.com\/index\/wp-json\/wp\/v2\/users\/1"}],"replies":[{"embeddable":true,"href":"https:\/\/www.noticiasperfil.com\/index\/wp-json\/wp\/v2\/comments?post=104511"}],"version-history":[{"count":1,"href":"https:\/\/www.noticiasperfil.com\/index\/wp-json\/wp\/v2\/posts\/104511\/revisions"}],"predecessor-version":[{"id":104514,"href":"https:\/\/www.noticiasperfil.com\/index\/wp-json\/wp\/v2\/posts\/104511\/revisions\/104514"}],"wp:attachment":[{"href":"https:\/\/www.noticiasperfil.com\/index\/wp-json\/wp\/v2\/media?parent=104511"}],"wp:term":[{"taxonomy":"category","embeddable":true,"href":"https:\/\/www.noticiasperfil.com\/index\/wp-json\/wp\/v2\/categories?post=104511"},{"taxonomy":"post_tag","embeddable":true,"href":"https:\/\/www.noticiasperfil.com\/index\/wp-json\/wp\/v2\/tags?post=104511"}],"curies":[{"name":"wp","href":"https:\/\/api.w.org\/{rel}","templated":true}]}}