{"id":104515,"date":"2023-12-18T10:04:04","date_gmt":"2023-12-18T16:04:04","guid":{"rendered":"https:\/\/www.noticiasperfil.com\/index\/?p=104515"},"modified":"2026-02-06T20:42:10","modified_gmt":"2026-02-07T02:42:10","slug":"nahle-yunes-y-julio-garcia","status":"publish","type":"post","link":"https:\/\/www.noticiasperfil.com\/index\/2023\/12\/18\/nahle-yunes-y-julio-garcia\/","title":{"rendered":"Nahle, Yunes y Julio Garc\u00eda"},"content":{"rendered":"<p><img loading=\"lazy\" decoding=\"async\" class=\"aligncenter size-full wp-image-104513\" src=\"https:\/\/i2.wp.com\/www.noticiasperfil.com\/index\/wp-content\/uploads\/2023\/12\/rafa-nahle-01.jpg?resize=640%2C480&#038;ssl=1\" alt=\"\" width=\"640\" height=\"480\" data-recalc-dims=\"1\" \/><\/p>\n<p><strong>Aqu\u00ed en los Tuxtlas y en los Llanos\/Por V\u00edctor Calder\u00f3n Azamar.<\/strong><\/p>\n<p>Este fin de semana se registr\u00f3 una gran agitaci\u00f3n en la cuestiones de la pol\u00edtica, la Precandidata de Morena, Roci\u00f3 Nahle Garc\u00eda, estuvo en la capital de los Brujos, Catemaco, en donde incluyo un encuentro con los Alcaldes de los Tuxtlas y varios de la Cuenca, quienes se comprometieron como militantes Morenistas, sacar adelante el proyecto del Partido Guinda, con lo anterior quedo de manifiesto que la intenci\u00f3n de Roci\u00f3 Nahle, es mandar un claro mensaje hacia sus adversarios pol\u00edticos, que van por Carro Completo.<\/p>\n<p>Para afianzar su terreno electoral en esta parte de la entidad, su Coordinador <strong>Juan Javier G\u00f3mez Cazar\u00edn<\/strong>, sigue sumando seguidores a favor del proyecto de Nahle Garc\u00eda, el tambi\u00e9n Legislador sabe de antemano que hoy en la actualidad para Morena, es una prioridad inmovilizar a los partidos que integran el Frente Amplio y ante esa necesidad electoral, los Guindas est\u00e1n a punto de convertir a los Tuxtlas en un basti\u00f3n Morenista.<\/p>\n<p>Esta historia no termina aqu\u00ed porque el tambi\u00e9n suspirante a la grande de Veracruz, <strong>Jos\u00e9 Yunes Zorrilla<\/strong>, sostuvo una interesante gira de trabajo por el Puerto de Veracruz, el encuentro de Pepe Yunes, con la militancia del Pri, Pan y Prd, tuvo como resultado que, en la zona del primer municipio del pa\u00eds, se empiecen a entusiasmar por el proyecto del Frente Amplio.<\/p>\n<p><strong>Lekeras y Pi\u00f1er\u00edas-<\/strong> La Diputada Local, <strong>Liliana Castro Mu\u00f1oz<\/strong>, no es profeta en su tierra Ciudad Isla, no acepta que en su periodo como legisladora no a hecho nada para sus paisanos, ya no se acuerda de sus promesas de campa\u00f1a, de apoyar a las clases necesitadas y con el tiempo a entregado puros enga\u00f1os, el d\u00eda de hoy al intentar su reelecci\u00f3n, est\u00e1 sintiendo el rechazo absoluto del electorado y de varios alcaldes de su distrito quienes le han empezado a cobrar la factura de su falso liderazgo\u2026\u2026\u2026\u2026\u2026\u2026\u2026\u2026. All\u00e1 en el municipio de \u00c1ngel R. Cabada, el Alcalde <strong>Julio Garc\u00eda Machucho<\/strong>, trae excelentes n\u00fameros, en lo que se refiere a la aplicaci\u00f3n de pol\u00edticas p\u00fablicas, aplicadas en beneficio de las familias de esta demarcaci\u00f3n, lo cual lo habr\u00e1 de manifestar en su segundo informe de labores, en donde habr\u00e1 de caracterizar el tema de la modernizaci\u00f3n Urbana, Pavimentaci\u00f3n, Infraestructura en Agua Potable y Drenaje y sobre todo el apoyo al sector Deportivo y Educativo, as\u00ed de esta forma la Comuna y el Mun\u00edcipe Julio Garc\u00eda, se ganaron la certidumbre y la confianza de sus coterr\u00e1neos, al posesionarse como el primer alcalde de la izquierda que ha logrado realizar una destacada labor, trabajo que hoy se palpa y se verifica con creces, en las calles y colonias se notan la transformaci\u00f3n de este rinc\u00f3n Veracruzano, en este segundo a\u00f1o de gobierno municipal de Julio Garc\u00eda Machucho, quien como capit\u00e1n del Barco Cabadense, lleva el mando y ante esto existen varios sondeos pol\u00edticos, que lo consideran como uno de los mejores alcalde de los Tuxtlas.<\/p>\n<p>Y nos vemos en la otra.<\/p>\n","protected":false},"excerpt":{"rendered":"<p>Aqu\u00ed en los Tuxtlas y en los Llanos\/Por V\u00edctor Calder\u00f3n Azamar. Este fin de semana se registr\u00f3 una gran agitaci\u00f3n en la cuestiones de la pol\u00edtica, la Precandidata de Morena, Roci\u00f3 Nahle Garc\u00eda, estuvo en la capital de los Brujos, Catemaco, en donde incluyo un encuentro con los Alcaldes de los Tuxtlas y varios de la Cuenca, quienes se comprometieron como militantes Morenistas, sacar adelante el proyecto del Partido Guinda, con lo anterior quedo de manifiesto que la intenci\u00f3n de Roci\u00f3 Nahle, es mandar un claro mensaje hacia sus adversarios&hellip;<\/p>\n","protected":false},"author":1,"featured_media":0,"comment_status":"open","ping_status":"closed","sticky":false,"template":"","format":"standard","meta":{"footnotes":""},"categories":[3,8,6],"tags":[4842,3387],"class_list":["post-104515","post","type-post","status-publish","format-standard","hentry","category-destacadas","category-opinion","category-zona-tuxtlas","tag-juan-javier-gomez-cazarin","tag-rocio-nahle-garcia"],"jetpack-related-posts":[],"_links":{"self":[{"href":"https:\/\/www.noticiasperfil.com\/index\/wp-json\/wp\/v2\/posts\/104515","targetHints":{"allow":["GET"]}}],"collection":[{"href":"https:\/\/www.noticiasperfil.com\/index\/wp-json\/wp\/v2\/posts"}],"about":[{"href":"https:\/\/www.noticiasperfil.com\/index\/wp-json\/wp\/v2\/types\/post"}],"author":[{"embeddable":true,"href":"https:\/\/www.noticiasperfil.com\/index\/wp-json\/wp\/v2\/users\/1"}],"replies":[{"embeddable":true,"href":"https:\/\/www.noticiasperfil.com\/index\/wp-json\/wp\/v2\/comments?post=104515"}],"version-history":[{"count":1,"href":"https:\/\/www.noticiasperfil.com\/index\/wp-json\/wp\/v2\/posts\/104515\/revisions"}],"predecessor-version":[{"id":104516,"href":"https:\/\/www.noticiasperfil.com\/index\/wp-json\/wp\/v2\/posts\/104515\/revisions\/104516"}],"wp:attachment":[{"href":"https:\/\/www.noticiasperfil.com\/index\/wp-json\/wp\/v2\/media?parent=104515"}],"wp:term":[{"taxonomy":"category","embeddable":true,"href":"https:\/\/www.noticiasperfil.com\/index\/wp-json\/wp\/v2\/categories?post=104515"},{"taxonomy":"post_tag","embeddable":true,"href":"https:\/\/www.noticiasperfil.com\/index\/wp-json\/wp\/v2\/tags?post=104515"}],"curies":[{"name":"wp","href":"https:\/\/api.w.org\/{rel}","templated":true}]}}