{"id":104522,"date":"2023-12-18T11:11:01","date_gmt":"2023-12-18T17:11:01","guid":{"rendered":"https:\/\/www.noticiasperfil.com\/index\/?p=104522"},"modified":"2023-12-18T11:11:01","modified_gmt":"2023-12-18T17:11:01","slug":"oficialmente-inicia-periodo-vacacional-para-25-millones-de-estudiantes-de-educacion-basica","status":"publish","type":"post","link":"https:\/\/www.noticiasperfil.com\/index\/2023\/12\/18\/oficialmente-inicia-periodo-vacacional-para-25-millones-de-estudiantes-de-educacion-basica\/","title":{"rendered":"Oficialmente inicia periodo vacacional para 25 millones de estudiantes de educaci\u00f3n b\u00e1sica"},"content":{"rendered":"<p><img loading=\"lazy\" decoding=\"async\" class=\"aligncenter size-full wp-image-77736\" src=\"https:\/\/i0.wp.com\/www.noticiasperfil.com\/index\/wp-content\/uploads\/2021\/08\/salon-de-clases.jpg?resize=640%2C431&#038;ssl=1\" alt=\"\" width=\"640\" height=\"431\" data-recalc-dims=\"1\" \/><\/p>\n<p>Ciudad de M\u00e9xico.- La Secretar\u00eda de Educaci\u00f3n P\u00fablica (SEP) informa que, a partir de ma\u00f1ana lunes 18 de diciembre, inicia el periodo vacacional de invierno para 24 millones 93 mil 801 estudiantes y un mill\u00f3n 223 mil 387 docentes de 229 mil 379 escuelas p\u00fablicas y particulares de preescolar, primaria y secundaria.<\/p>\n<p>El Calendario Escolar 2023-2024, vigente en las 32 entidades del pa\u00eds, establece 15 d\u00edas de descanso, del 18 al 29 de diciembre de 2023, y del 1 al 5 de enero de 2024, por lo que las comunidades escolares de Educaci\u00f3n B\u00e1sica regresar\u00e1n a las actividades el lunes 8 de enero.<\/p>\n<p>Asimismo, se informa que el mi\u00e9rcoles 3 enero se realizar\u00e1 el Taller Intensivo de Formaci\u00f3n Continua para Directivos, y el 4 y 5 de enero el Consejo T\u00e9cnico Escolar y Taller Intensivo de Formaci\u00f3n Continua para Docentes.<\/p>\n<p>Los cinco millones 540 mil 108 estudiantes y 433 mil 494 docentes de las 21 mil 193 escuelas de Educaci\u00f3n Media Superior, en las modalidades escolarizada y no escolarizada, retomar\u00e1n sus actividades el martes 2 de enero.<\/p>\n<p>Por su parte, las autoridades escolares de las ocho mil 952 escuelas de Educaci\u00f3n Superior del pa\u00eds determinar\u00e1n el periodo vacacional para los cinco millones 307 mil 471 alumnos y 503 mil 559 maestras y maestros.<\/p>\n","protected":false},"excerpt":{"rendered":"<p>Ciudad de M\u00e9xico.- La Secretar\u00eda de Educaci\u00f3n P\u00fablica (SEP) informa que, a partir de ma\u00f1ana lunes 18 de diciembre, inicia el periodo vacacional de invierno para 24 millones 93 mil 801 estudiantes y un mill\u00f3n 223 mil 387 docentes de 229 mil 379 escuelas p\u00fablicas y particulares de preescolar, primaria y secundaria. El Calendario Escolar 2023-2024, vigente en las 32 entidades del pa\u00eds, establece 15 d\u00edas de descanso, del 18 al 29 de diciembre de 2023, y del 1 al 5 de enero de 2024, por lo que las comunidades&hellip;<\/p>\n","protected":false},"author":1,"featured_media":0,"comment_status":"open","ping_status":"closed","sticky":false,"template":"","format":"standard","meta":{"footnotes":""},"categories":[3,7],"tags":[10347],"class_list":["post-104522","post","type-post","status-publish","format-standard","hentry","category-destacadas","category-nacional","tag-vacaciones-invierno"],"jetpack-related-posts":[],"_links":{"self":[{"href":"https:\/\/www.noticiasperfil.com\/index\/wp-json\/wp\/v2\/posts\/104522","targetHints":{"allow":["GET"]}}],"collection":[{"href":"https:\/\/www.noticiasperfil.com\/index\/wp-json\/wp\/v2\/posts"}],"about":[{"href":"https:\/\/www.noticiasperfil.com\/index\/wp-json\/wp\/v2\/types\/post"}],"author":[{"embeddable":true,"href":"https:\/\/www.noticiasperfil.com\/index\/wp-json\/wp\/v2\/users\/1"}],"replies":[{"embeddable":true,"href":"https:\/\/www.noticiasperfil.com\/index\/wp-json\/wp\/v2\/comments?post=104522"}],"version-history":[{"count":1,"href":"https:\/\/www.noticiasperfil.com\/index\/wp-json\/wp\/v2\/posts\/104522\/revisions"}],"predecessor-version":[{"id":104523,"href":"https:\/\/www.noticiasperfil.com\/index\/wp-json\/wp\/v2\/posts\/104522\/revisions\/104523"}],"wp:attachment":[{"href":"https:\/\/www.noticiasperfil.com\/index\/wp-json\/wp\/v2\/media?parent=104522"}],"wp:term":[{"taxonomy":"category","embeddable":true,"href":"https:\/\/www.noticiasperfil.com\/index\/wp-json\/wp\/v2\/categories?post=104522"},{"taxonomy":"post_tag","embeddable":true,"href":"https:\/\/www.noticiasperfil.com\/index\/wp-json\/wp\/v2\/tags?post=104522"}],"curies":[{"name":"wp","href":"https:\/\/api.w.org\/{rel}","templated":true}]}}