{"id":104526,"date":"2023-12-18T11:27:37","date_gmt":"2023-12-18T17:27:37","guid":{"rendered":"https:\/\/www.noticiasperfil.com\/index\/?p=104526"},"modified":"2023-12-18T11:27:37","modified_gmt":"2023-12-18T17:27:37","slug":"sociedad-civil-y-xochitl-arropan-a-pepe-la-alianza-casi-lista","status":"publish","type":"post","link":"https:\/\/www.noticiasperfil.com\/index\/2023\/12\/18\/sociedad-civil-y-xochitl-arropan-a-pepe-la-alianza-casi-lista\/","title":{"rendered":"Sociedad civil y X\u00f3chitl arropan a Pepe; la alianza, casi lista"},"content":{"rendered":"<p><img loading=\"lazy\" decoding=\"async\" class=\"aligncenter size-full wp-image-93555\" src=\"https:\/\/i0.wp.com\/www.noticiasperfil.com\/index\/wp-content\/uploads\/2022\/10\/prosa-aprisa.jpg?resize=480%2C270&#038;ssl=1\" alt=\"\" width=\"480\" height=\"270\" data-recalc-dims=\"1\" \/><\/p>\n<p><strong>Prosa Aprisa\/Por Arturo Reyes Isidoro.<\/strong><\/p>\n<p>A 15 d\u00edas de que inicien las precampa\u00f1as para la gubernatura, en cuesti\u00f3n de horas el PAN podr\u00eda informar su aceptaci\u00f3n para conformar la alianza Fuerza y Coraz\u00f3n por Veracruz.<\/p>\n<p>El candidato ser\u00e1 Pepe Yunes, propuesto por el PRI, a quien tambi\u00e9n ya se le sum\u00f3 el PRD.<\/p>\n<p>De acuerdo a fuentes confiables del PAN, si bien todav\u00eda hay jaloneos para aceptar la integraci\u00f3n de la alianza, no se llega al grado de una radicalizaci\u00f3n y en general hay buena disposici\u00f3n de casi todos para jalar parejo con los otros partidos y en torno a Pepe.<\/p>\n<p>En realidad, seg\u00fan dijeron al columnista, se afinan los detalles y \u201ctodo va bien\u201d, incluso ya negocian el n\u00famero de candidaturas a diputaciones locales que tocar\u00e1 a cada partido, porque las candidaturas a diputaciones federales ya est\u00e1n definidas: 9 para el PAN y 5 y 5 para el PRI y el PRD, respectivamente.<\/p>\n<p>El pasado fin de semana el diputado federal con licencia fue arropado por representativos de la sociedad civil, encabezados por Claudio X Gonz\u00e1lez, en un Encuentro Ciudadano Rumbo al 2024 organizado por el organismo \u201cMisi\u00f3n Rescate M\u00e9xico\u201d, celebrado en el puerto jarocho.<\/p>\n<p>El empresario y cofundador de Mexicanos contra la Corrupci\u00f3n y la Impunidad expres\u00f3 su abierto respaldo a Pepe. Expres\u00f3 que es bueno tener candidatos de su calibre y del de X\u00f3chitl G\u00e1lvez.<\/p>\n<p>Resalt\u00f3 su permanencia en la \u201ctrinchera ciudadana\u201d desde hace 30 a\u00f1os porque argument\u00f3 que en la medida en que los ciudadanos est\u00e9n siempre encima del proceso pol\u00edtico, el proceso pol\u00edtico servir\u00e1 al bien p\u00fablico.<\/p>\n<p>Expres\u00f3 que M\u00e9xico pende entre la democracia y el autoritarismo que quieren imponer el presidente L\u00f3pez Obrador, Morena y Claudia Sheinbaum,\u00a0<em>\u201cversus\u00a0<\/em>la democracia\u201d.<\/p>\n<p>Alert\u00f3 que se tiene que trabajar duro porque ellos (Morena) van a ejecutar una elecci\u00f3n de Estado, con una cantidad enorme de recursos, por lo que tienen que empatarlos en recursos y en votos y rebasarlos, ya que \u201cser\u00e1 una elecci\u00f3n mucho muy competida\u201d.<\/p>\n<p>El s\u00e1bado y el domingo, en Perote y en Boca del R\u00edo, fue la candidata presidencial de la coalici\u00f3n Fuerza y Coraz\u00f3n por M\u00e9xico, X\u00f3chitl G\u00e1lvez, quien le expres\u00f3 su respaldo.<\/p>\n<p>En su tierra natal, mientras daba un mensaje, Pepe fue aclamado con el grito de \u201c\u00a1Gobernador! \u00a1Gobernador!\u201d por unos seis mil simpatizantes que llegaron de los municipios de Atzalan, Altotonga, Ayahualulco y la cabecera municipal, aunque \u00e9l les dijo que podr\u00edan llamarle as\u00ed cuando ganaran \u201ccon un mill\u00f3n y medio de votos\u201d el pr\u00f3ximo 2 de junio.<\/p>\n<p>En ese acto, X\u00f3chitl arremeti\u00f3 contra el gobernador Cuitl\u00e1huac Garc\u00eda Jim\u00e9nez y contra Roc\u00edo Nahle. Se\u00f1al\u00f3 que hay graves problemas en el estado y pregunt\u00f3: \u00ad\u00ad\u201c\u00bfY d\u00f3nde est\u00e1 el gobernador?\u201d, y ella misma respondi\u00f3: \u201cBien, gracias, robando, robando, haci\u00e9ndose g\u00fcey, no defendiendo a los veracruzanos. Ha hecho un trabajo tan malo que la gente est\u00e1 enojada\u201d, y dijo que est\u00e1 preocupado porque \u201csu candidata\u201d no despega.<\/p>\n<p>En clara alusi\u00f3n a la zacatecana, expres\u00f3 que \u201cno tiene remedio\u201d porque \u201cfue tanto lo que se rob\u00f3 en Dos Bocas que la gente lo sabe\u201d. Cuestion\u00f3 c\u00f3mo puede ser que una refiner\u00eda que iba a costar 160 mil millones de pesos est\u00e9 costando ya 400 mil millones. \u201cEso es lo que quiere venir a hacer en Veracruz, a seguir con la robadera\u201d.<\/p>\n<p>Ayer domingo, en Boca del R\u00edo pidi\u00f3 a los militantes y simpatizantes de la oposici\u00f3n \u201ctrabajar duro\u201d para impedir que llegue a la gubernatura una \u201cinepta y corrupta\u201d. Pidi\u00f3 apoyar a Pepe ya que dijo que Veracruz necesita un gobernador veracruzano que conozca los problemas del estado y sepa sus soluciones.<\/p>\n<p>Las precampa\u00f1as para la gubernatura iniciar\u00e1n el pr\u00f3ximo 2 de enero y concluir\u00e1n el 10 de febrero y las campa\u00f1as ser\u00e1n del 31 de marzo al 29 de mayo.<\/p>\n<p><strong>Y Roc\u00edo Nahle felicita \u00a1a Notiver!<\/strong><\/p>\n<p>Por su parte, en un hecho destacable, la coordinadora de los Comit\u00e9s de Defensa de la Cuarta Transformaci\u00f3n en Veracruz (virtual candidata de Morena a la gubernatura), Roc\u00edo Nahle, envi\u00f3 un mensaje de felicitaci\u00f3n al director del diario\u00a0<em>Notiver,\u00a0<\/em>del puerto de Veracruz, Alfonso Salces Fern\u00e1ndez con motivo del 49 aniversario de ese medio, que celebr\u00f3 el pasado d\u00eda 12.<\/p>\n<p>La felicitaci\u00f3n la hizo extensiva a su esposa se\u00f1ora Rosario Ram\u00edrez de Salces, y sobresale el gesto porque ni como aspirante, ni como precandidato, ni como candidato y ni como gobernador, Cuitl\u00e1huac Garc\u00eda Jim\u00e9nez hizo algo parecido.<\/p>\n<p>\u201cPor un M\u00e9xico donde el respeto y el profesionalismo sean la pauta en la libertad de expresi\u00f3n\u201d, le expres\u00f3 al periodista la exsecretaria de Energ\u00eda.<\/p>\n<p>La l\u00ednea cr\u00edtica, abierta, plural de ese medio de referencia en el puerto generalmente no gusta a los hombres y mujeres del poder, a quienes incomoda, y por eso result\u00f3 sorpresiva la felicitaci\u00f3n, por lo que en el medio se recibi\u00f3 bien el gesto y abri\u00f3 la expectativa de que si llegara a ganar la gubernatura podr\u00eda cambiar la relaci\u00f3n prensa-poder o gobierno, que con el gobierno cuitlahuista no es ni buena ni mala porque pr\u00e1ctica y sencillamente no existe.<\/p>\n<p>No se sabe si fue la se\u00f1ora Nahle quien tom\u00f3 la iniciativa o si la felicitaci\u00f3n la hizo o la aval\u00f3 por sugerencia de alg\u00fan equipo asesor, pero se recibi\u00f3 bien.<\/p>\n<p>Por lo que hace a su actividad pol\u00edtica, el fin de semana continu\u00f3 sus recorridos por el estado tomando la protesta a los Comit\u00e9s de Defensa municipales de su partido tanto en Los Tuxtlas como en municipios del sur del estado.<\/p>\n<p>El s\u00e1bado en Catemaco dijo que una vez que se definan las candidaturas a diputados federales y locales, as\u00ed como al Senado de la Rep\u00fablica, en Morena va a prevalecer la unidad porque los militantes y simpatizantes est\u00e1n conscientes que primero es el proyecto de naci\u00f3n.<\/p>\n<p>Expres\u00f3 que al no ser el movimiento un proyecto personal, el tema de las candidaturas a todos los cargos de elecci\u00f3n popular que est\u00e1n en disputa no ser\u00e1n motivo de divisi\u00f3n o fractura.<\/p>\n<p>Asegur\u00f3 que para el proceso electoral de 2024 van a salir a contender con los mejores cuadros, los m\u00e1s aptos y que garanticen la continuidad de la Cuarta Transformaci\u00f3n.<\/p>\n<p>En esas actividades siempre estuvo acompa\u00f1ada por su coordinador Juan Javier G\u00f3mez Cazar\u00edn, por el dirigente estatal de su partido Esteban Ram\u00edrez Zepeta, as\u00ed como por el exsecretario de Educaci\u00f3n, Zenyazen Escobar Garc\u00eda.<\/p>\n","protected":false},"excerpt":{"rendered":"<p>Prosa Aprisa\/Por Arturo Reyes Isidoro. A 15 d\u00edas de que inicien las precampa\u00f1as para la gubernatura, en cuesti\u00f3n de horas el PAN podr\u00eda informar su aceptaci\u00f3n para conformar la alianza Fuerza y Coraz\u00f3n por Veracruz. El candidato ser\u00e1 Pepe Yunes, propuesto por el PRI, a quien tambi\u00e9n ya se le sum\u00f3 el PRD. De acuerdo a fuentes confiables del PAN, si bien todav\u00eda hay jaloneos para aceptar la integraci\u00f3n de la alianza, no se llega al grado de una radicalizaci\u00f3n y en general hay buena disposici\u00f3n de casi todos para&hellip;<\/p>\n","protected":false},"author":1,"featured_media":0,"comment_status":"open","ping_status":"closed","sticky":false,"template":"","format":"standard","meta":{"footnotes":""},"categories":[8,10],"tags":[112],"class_list":["post-104526","post","type-post","status-publish","format-standard","hentry","category-opinion","category-prosa-aprisa","tag-arturo-reyes-isidoro"],"jetpack-related-posts":[],"_links":{"self":[{"href":"https:\/\/www.noticiasperfil.com\/index\/wp-json\/wp\/v2\/posts\/104526","targetHints":{"allow":["GET"]}}],"collection":[{"href":"https:\/\/www.noticiasperfil.com\/index\/wp-json\/wp\/v2\/posts"}],"about":[{"href":"https:\/\/www.noticiasperfil.com\/index\/wp-json\/wp\/v2\/types\/post"}],"author":[{"embeddable":true,"href":"https:\/\/www.noticiasperfil.com\/index\/wp-json\/wp\/v2\/users\/1"}],"replies":[{"embeddable":true,"href":"https:\/\/www.noticiasperfil.com\/index\/wp-json\/wp\/v2\/comments?post=104526"}],"version-history":[{"count":1,"href":"https:\/\/www.noticiasperfil.com\/index\/wp-json\/wp\/v2\/posts\/104526\/revisions"}],"predecessor-version":[{"id":104527,"href":"https:\/\/www.noticiasperfil.com\/index\/wp-json\/wp\/v2\/posts\/104526\/revisions\/104527"}],"wp:attachment":[{"href":"https:\/\/www.noticiasperfil.com\/index\/wp-json\/wp\/v2\/media?parent=104526"}],"wp:term":[{"taxonomy":"category","embeddable":true,"href":"https:\/\/www.noticiasperfil.com\/index\/wp-json\/wp\/v2\/categories?post=104526"},{"taxonomy":"post_tag","embeddable":true,"href":"https:\/\/www.noticiasperfil.com\/index\/wp-json\/wp\/v2\/tags?post=104526"}],"curies":[{"name":"wp","href":"https:\/\/api.w.org\/{rel}","templated":true}]}}