{"id":104529,"date":"2023-12-18T13:22:20","date_gmt":"2023-12-18T19:22:20","guid":{"rendered":"https:\/\/www.noticiasperfil.com\/index\/?p=104529"},"modified":"2023-12-18T13:22:20","modified_gmt":"2023-12-18T19:22:20","slug":"niega-cuitlahuac-atraso-en-pago-a-maestros-estara-listo-en-proximos-dias-dice","status":"publish","type":"post","link":"https:\/\/www.noticiasperfil.com\/index\/2023\/12\/18\/niega-cuitlahuac-atraso-en-pago-a-maestros-estara-listo-en-proximos-dias-dice\/","title":{"rendered":"Niega Cuitl\u00e1huac atraso en pago a maestros; estar\u00e1 listo en pr\u00f3ximos d\u00edas, dice"},"content":{"rendered":"<p><img loading=\"lazy\" decoding=\"async\" class=\"aligncenter size-full wp-image-104530\" src=\"https:\/\/i1.wp.com\/www.noticiasperfil.com\/index\/wp-content\/uploads\/2023\/12\/cuitlahuac-garcia-01-1.jpg?resize=640%2C480&#038;ssl=1\" alt=\"\" width=\"640\" height=\"480\" data-recalc-dims=\"1\" \/><\/p>\n<p>Xalapa, Ver.- El gobernador Cuitl\u00e1huac Garc\u00eda Jim\u00e9nez, rechaz\u00f3 que exista un atraso en el pago de aguinaldo y dem\u00e1s prestaciones de fin de a\u00f1o a maestros, como denunciaron sindicatos magisteriales.<\/p>\n<p>\u00abRecuerden, los maestros lo sabemos, que son pagos programados\u00bb.<\/p>\n<p>En conferencia de prensa, el gobernador Cuitl\u00e1huac Garc\u00eda Jim\u00e9nez, precis\u00f3 que ser\u00e1 en los pr\u00f3ximos d\u00edas.<\/p>\n<p>\u00abLa quincena n\u00famero 23 se est\u00e1 cubriendo normalmente y en estos d\u00edas se va a pagar lo que sigue\u00bb.<\/p>\n<p>De ah\u00ed que se paga de acuerdo a lo planeado, dijo.<\/p>\n<p>El pasado fin de semana, l\u00edderes magisteriales acusaron que se incumpli\u00f3 el pago de salarios y prestaciones de fin de a\u00f1o al magisterio veracruzano.<\/p>\n<p>Presuntamente el plazo para cubrir est\u00e1s percepciones salariales y prestacionales estaba fijado hacerlo el 15 de diciembre, sin embargo, pas\u00f3 este d\u00eda y no se hizo la dispersi\u00f3n correspondiente a la quincena 24, as\u00ed como la primera parte del aguinaldo, compensaci\u00f3n provisional compacta le y otras prestaciones salariales a quien tienen derecho las y los trabajadores de la educaci\u00f3n.<\/p>\n","protected":false},"excerpt":{"rendered":"<p>Xalapa, Ver.- El gobernador Cuitl\u00e1huac Garc\u00eda Jim\u00e9nez, rechaz\u00f3 que exista un atraso en el pago de aguinaldo y dem\u00e1s prestaciones de fin de a\u00f1o a maestros, como denunciaron sindicatos magisteriales. \u00abRecuerden, los maestros lo sabemos, que son pagos programados\u00bb. En conferencia de prensa, el gobernador Cuitl\u00e1huac Garc\u00eda Jim\u00e9nez, precis\u00f3 que ser\u00e1 en los pr\u00f3ximos d\u00edas. \u00abLa quincena n\u00famero 23 se est\u00e1 cubriendo normalmente y en estos d\u00edas se va a pagar lo que sigue\u00bb. De ah\u00ed que se paga de acuerdo a lo planeado, dijo. El pasado fin de semana,&hellip;<\/p>\n","protected":false},"author":1,"featured_media":0,"comment_status":"open","ping_status":"closed","sticky":false,"template":"","format":"standard","meta":{"footnotes":""},"categories":[3,4],"tags":[339],"class_list":["post-104529","post","type-post","status-publish","format-standard","hentry","category-destacadas","category-estatal","tag-cuitlahuac-garcia-jimenez"],"jetpack-related-posts":[],"_links":{"self":[{"href":"https:\/\/www.noticiasperfil.com\/index\/wp-json\/wp\/v2\/posts\/104529","targetHints":{"allow":["GET"]}}],"collection":[{"href":"https:\/\/www.noticiasperfil.com\/index\/wp-json\/wp\/v2\/posts"}],"about":[{"href":"https:\/\/www.noticiasperfil.com\/index\/wp-json\/wp\/v2\/types\/post"}],"author":[{"embeddable":true,"href":"https:\/\/www.noticiasperfil.com\/index\/wp-json\/wp\/v2\/users\/1"}],"replies":[{"embeddable":true,"href":"https:\/\/www.noticiasperfil.com\/index\/wp-json\/wp\/v2\/comments?post=104529"}],"version-history":[{"count":1,"href":"https:\/\/www.noticiasperfil.com\/index\/wp-json\/wp\/v2\/posts\/104529\/revisions"}],"predecessor-version":[{"id":104531,"href":"https:\/\/www.noticiasperfil.com\/index\/wp-json\/wp\/v2\/posts\/104529\/revisions\/104531"}],"wp:attachment":[{"href":"https:\/\/www.noticiasperfil.com\/index\/wp-json\/wp\/v2\/media?parent=104529"}],"wp:term":[{"taxonomy":"category","embeddable":true,"href":"https:\/\/www.noticiasperfil.com\/index\/wp-json\/wp\/v2\/categories?post=104529"},{"taxonomy":"post_tag","embeddable":true,"href":"https:\/\/www.noticiasperfil.com\/index\/wp-json\/wp\/v2\/tags?post=104529"}],"curies":[{"name":"wp","href":"https:\/\/api.w.org\/{rel}","templated":true}]}}