{"id":104642,"date":"2023-12-29T11:44:03","date_gmt":"2023-12-29T17:44:03","guid":{"rendered":"https:\/\/www.noticiasperfil.com\/index\/?p=104642"},"modified":"2026-02-06T20:42:10","modified_gmt":"2026-02-07T02:42:10","slug":"pepe-yunes-en-santiago-tuxtla","status":"publish","type":"post","link":"https:\/\/www.noticiasperfil.com\/index\/2023\/12\/29\/pepe-yunes-en-santiago-tuxtla\/","title":{"rendered":"Pepe Yunes en Santiago Tuxtla"},"content":{"rendered":"<p><img loading=\"lazy\" decoding=\"async\" class=\"aligncenter size-full wp-image-104643\" src=\"https:\/\/i2.wp.com\/www.noticiasperfil.com\/index\/wp-content\/uploads\/2023\/12\/pepe-yunes-1.jpg?resize=640%2C427&#038;ssl=1\" alt=\"\" width=\"640\" height=\"427\" data-recalc-dims=\"1\" \/><\/p>\n<p><strong>Aqu\u00ed en los Tuxtlas y en los Llanos\/Por V\u00edctor Calder\u00f3n Azamar.<\/strong><\/p>\n<p>Gran agitaci\u00f3n pol\u00edtica caus\u00f3 en la colonial Santiago Tuxtla, el arribo del pretendiente a la gobernatura de Veracruz, Jos\u00e9 Yunes Zorrilla, quien tuvo un buen intercambio con los l\u00edderes de las corrientes pol\u00edticas del Pan, Prd y Pri, as\u00ed mismo con varios ex alcaldes, ex s\u00edndicos y ex Regidores y por supuesto con los diferentes sectores sociales de esta parte de la entidad, con quienes se comprometi\u00f3 con un gobierno incluyente, donde existan oportunidades para todos los Veracruzanos, combatiendo la corrupci\u00f3n e inseguridad que hoy est\u00e1n reclamando la ciudadan\u00eda en general, viene lo mejor para Veracruz, puntualiz\u00f3.<\/p>\n<p>El desaf\u00edo del suspirante a gobernar a los Veracruzanos, ser\u00e1 comprobar que el candidato del Frente Amplio, es distinto a los otros aspirantes al Gobierno Estatal, basado en que Pepe Yunes, cumpli\u00f3 varias promesas de campa\u00f1a, cuando fue Alcalde, Diputado y Senador, con lo cual se desarrollaran grandes obras de inter\u00e9s colectivo que muchos Veracruzanos, a\u00fan recuerdan.<\/p>\n<p>Durante la permanencia del Pre Candidato a la Gobernatura Veracruzana, observo que tiene una gran aceptaci\u00f3n entre la clase pol\u00edtica Panista Perredista y Priista, de esta parte de la entidad, gracias a que tuvo mucho calor pol\u00edtico y humano hacia su persona, as\u00ed mismo un gran n\u00famero de distinguidos ciudadanos de la iniciativa privada manifestaron su respaldo a su proyecto pol\u00edtico electoral.<\/p>\n<p>La lectura pol\u00edtica que dejo la visita del representante del Frente Amplio en los Tuxtlas, fue que Pepe Yunes, a\u00fan tiene muchos simpatizantes y si se lo proponen estas corrientes pol\u00edticas pueden crecer m\u00e1s en los Tuxtlas y en los llanos del Sotavento.<\/p>\n<p>Quien logro los aplausos con la organizaci\u00f3n del evento que se celebr\u00f3 en Santiago Tuxtla, en donde participo Pepe Yunes, fue Nemesio Dom\u00ednguez Dom\u00ednguez, quien una vez m\u00e1s demostr\u00f3 control y habilidad pol\u00edtica, gracias a su experiencia en las cuestiones pol\u00edticas electorales.<\/p>\n<p>Y nos vemos en el a\u00f1o pr\u00f3ximo, feliz 2024.<\/p>\n","protected":false},"excerpt":{"rendered":"<p>Aqu\u00ed en los Tuxtlas y en los Llanos\/Por V\u00edctor Calder\u00f3n Azamar. Gran agitaci\u00f3n pol\u00edtica caus\u00f3 en la colonial Santiago Tuxtla, el arribo del pretendiente a la gobernatura de Veracruz, Jos\u00e9 Yunes Zorrilla, quien tuvo un buen intercambio con los l\u00edderes de las corrientes pol\u00edticas del Pan, Prd y Pri, as\u00ed mismo con varios ex alcaldes, ex s\u00edndicos y ex Regidores y por supuesto con los diferentes sectores sociales de esta parte de la entidad, con quienes se comprometi\u00f3 con un gobierno incluyente, donde existan oportunidades para todos los Veracruzanos, combatiendo&hellip;<\/p>\n","protected":false},"author":1,"featured_media":0,"comment_status":"open","ping_status":"closed","sticky":false,"template":"","format":"standard","meta":{"footnotes":""},"categories":[3,8,6],"tags":[784],"class_list":["post-104642","post","type-post","status-publish","format-standard","hentry","category-destacadas","category-opinion","category-zona-tuxtlas","tag-jose-yunes-zorrilla"],"jetpack-related-posts":[],"_links":{"self":[{"href":"https:\/\/www.noticiasperfil.com\/index\/wp-json\/wp\/v2\/posts\/104642","targetHints":{"allow":["GET"]}}],"collection":[{"href":"https:\/\/www.noticiasperfil.com\/index\/wp-json\/wp\/v2\/posts"}],"about":[{"href":"https:\/\/www.noticiasperfil.com\/index\/wp-json\/wp\/v2\/types\/post"}],"author":[{"embeddable":true,"href":"https:\/\/www.noticiasperfil.com\/index\/wp-json\/wp\/v2\/users\/1"}],"replies":[{"embeddable":true,"href":"https:\/\/www.noticiasperfil.com\/index\/wp-json\/wp\/v2\/comments?post=104642"}],"version-history":[{"count":1,"href":"https:\/\/www.noticiasperfil.com\/index\/wp-json\/wp\/v2\/posts\/104642\/revisions"}],"predecessor-version":[{"id":104644,"href":"https:\/\/www.noticiasperfil.com\/index\/wp-json\/wp\/v2\/posts\/104642\/revisions\/104644"}],"wp:attachment":[{"href":"https:\/\/www.noticiasperfil.com\/index\/wp-json\/wp\/v2\/media?parent=104642"}],"wp:term":[{"taxonomy":"category","embeddable":true,"href":"https:\/\/www.noticiasperfil.com\/index\/wp-json\/wp\/v2\/categories?post=104642"},{"taxonomy":"post_tag","embeddable":true,"href":"https:\/\/www.noticiasperfil.com\/index\/wp-json\/wp\/v2\/tags?post=104642"}],"curies":[{"name":"wp","href":"https:\/\/api.w.org\/{rel}","templated":true}]}}