{"id":104645,"date":"2023-12-29T11:55:29","date_gmt":"2023-12-29T17:55:29","guid":{"rendered":"https:\/\/www.noticiasperfil.com\/index\/?p=104645"},"modified":"2023-12-29T11:55:29","modified_gmt":"2023-12-29T17:55:29","slug":"saldo-blanco-en-atencion-a-migrantes-en-la-temporada-vacacional-decembrina","status":"publish","type":"post","link":"https:\/\/www.noticiasperfil.com\/index\/2023\/12\/29\/saldo-blanco-en-atencion-a-migrantes-en-la-temporada-vacacional-decembrina\/","title":{"rendered":"Saldo blanco en atenci\u00f3n a migrantes en la temporada vacacional decembrina"},"content":{"rendered":"<p><img loading=\"lazy\" decoding=\"async\" class=\"aligncenter size-full wp-image-104646\" src=\"https:\/\/i2.wp.com\/www.noticiasperfil.com\/index\/wp-content\/uploads\/2023\/12\/carlos-enrique-escalante.jpg?resize=640%2C578&#038;ssl=1\" alt=\"\" width=\"640\" height=\"578\" data-recalc-dims=\"1\" \/><\/p>\n<p>Xalapa, Ver.- El director de Atenci\u00f3n a Migrantes de la secretaria de Gobierno, Carlos Enrique Escalante, inform\u00f3 que la dependencia atendi\u00f3 solo tr\u00e1mites burocr\u00e1ticos y de informaci\u00f3n a los migrantes veracruzanos que retornaron a sus ciudades de origen por motivo de las fiestas decembrinas.<\/p>\n<p>\u00abAfortunadamente si, vamos muy bien, han sido tr\u00e1mites muy sencillos, afortunadamente, nada que atender en la Secretar\u00eda de Salud y en la Secretaria de Seguridad\u00bb.<\/p>\n<p>En entrevista, el funcionario estatal destac\u00f3 que dentro del programa de Atenci\u00f3n a Migrantes se \u00bb vamos muy bien, se ha atendido muy bien a toda la gente, entonces es b\u00e1sicamente informaci\u00f3n\u00bb.<\/p>\n<p>De ah\u00ed que no ha habido ning\u00fan caso delicado.<\/p>\n<p>En ese sentido, el funcionario estatal precis\u00f3 que los migrantes veracruzanos estar\u00edan retornando a Estados Unidos a principios de a\u00f1o para seguir con su trabajo, \u00abser\u00eda a partir del d\u00eda 2 de enero\u00bb.<\/p>\n<p>Se report\u00f3 una llegada alta de veracruzanos a los municipios de Misantla, Naolinco, la zona de Xico, Xalapa, todo lo que es la zona centro, adem\u00e1s de San Andr\u00e9s Tuxtla y Santiago Tuxtla\u00bb.<\/p>\n","protected":false},"excerpt":{"rendered":"<p>Xalapa, Ver.- El director de Atenci\u00f3n a Migrantes de la secretaria de Gobierno, Carlos Enrique Escalante, inform\u00f3 que la dependencia atendi\u00f3 solo tr\u00e1mites burocr\u00e1ticos y de informaci\u00f3n a los migrantes veracruzanos que retornaron a sus ciudades de origen por motivo de las fiestas decembrinas. \u00abAfortunadamente si, vamos muy bien, han sido tr\u00e1mites muy sencillos, afortunadamente, nada que atender en la Secretar\u00eda de Salud y en la Secretaria de Seguridad\u00bb. En entrevista, el funcionario estatal destac\u00f3 que dentro del programa de Atenci\u00f3n a Migrantes se \u00bb vamos muy bien, se ha&hellip;<\/p>\n","protected":false},"author":1,"featured_media":0,"comment_status":"open","ping_status":"closed","sticky":false,"template":"","format":"standard","meta":{"footnotes":""},"categories":[3,4],"tags":[1899],"class_list":["post-104645","post","type-post","status-publish","format-standard","hentry","category-destacadas","category-estatal","tag-migrantes-veracruz"],"jetpack-related-posts":[],"_links":{"self":[{"href":"https:\/\/www.noticiasperfil.com\/index\/wp-json\/wp\/v2\/posts\/104645","targetHints":{"allow":["GET"]}}],"collection":[{"href":"https:\/\/www.noticiasperfil.com\/index\/wp-json\/wp\/v2\/posts"}],"about":[{"href":"https:\/\/www.noticiasperfil.com\/index\/wp-json\/wp\/v2\/types\/post"}],"author":[{"embeddable":true,"href":"https:\/\/www.noticiasperfil.com\/index\/wp-json\/wp\/v2\/users\/1"}],"replies":[{"embeddable":true,"href":"https:\/\/www.noticiasperfil.com\/index\/wp-json\/wp\/v2\/comments?post=104645"}],"version-history":[{"count":1,"href":"https:\/\/www.noticiasperfil.com\/index\/wp-json\/wp\/v2\/posts\/104645\/revisions"}],"predecessor-version":[{"id":104647,"href":"https:\/\/www.noticiasperfil.com\/index\/wp-json\/wp\/v2\/posts\/104645\/revisions\/104647"}],"wp:attachment":[{"href":"https:\/\/www.noticiasperfil.com\/index\/wp-json\/wp\/v2\/media?parent=104645"}],"wp:term":[{"taxonomy":"category","embeddable":true,"href":"https:\/\/www.noticiasperfil.com\/index\/wp-json\/wp\/v2\/categories?post=104645"},{"taxonomy":"post_tag","embeddable":true,"href":"https:\/\/www.noticiasperfil.com\/index\/wp-json\/wp\/v2\/tags?post=104645"}],"curies":[{"name":"wp","href":"https:\/\/api.w.org\/{rel}","templated":true}]}}