{"id":104651,"date":"2023-12-29T12:51:50","date_gmt":"2023-12-29T18:51:50","guid":{"rendered":"https:\/\/www.noticiasperfil.com\/index\/?p=104651"},"modified":"2023-12-29T12:51:50","modified_gmt":"2023-12-29T18:51:50","slug":"crecen-expectativas-para-pepe-yunes-y-el-fam","status":"publish","type":"post","link":"https:\/\/www.noticiasperfil.com\/index\/2023\/12\/29\/crecen-expectativas-para-pepe-yunes-y-el-fam\/","title":{"rendered":"Crecen expectativas para Pepe Yunes y el FAM"},"content":{"rendered":"<p><img loading=\"lazy\" decoding=\"async\" class=\"aligncenter size-full wp-image-93945\" src=\"https:\/\/i2.wp.com\/www.noticiasperfil.com\/index\/wp-content\/uploads\/2022\/11\/repechaje.jpg?resize=517%2C300&#038;ssl=1\" alt=\"\" width=\"517\" height=\"300\" data-recalc-dims=\"1\" \/><\/p>\n<p><strong>Repechaje\/Por Quirino Moreno Quiza.<\/strong><\/p>\n<p><em><strong>*Despierta el inter\u00e9s de ciudadanos por participar<br \/>\n<\/strong><strong>*El reconocido comunicador Pepe Valencia busca candidatura<br \/>\n<\/strong><strong>*Valencia S\u00e1nchez tiene perfil de candidato ciudadano, sin duda<br \/>\n<\/strong><strong>*Busca candidatura del Distrito de Xalapa por el FAM<br \/>\n<\/strong><strong>* \u201cAlma, vida y coraz\u00f3n con X\u00f3chitl: Germ\u00e1n Mart\u00ednez<br \/>\n<\/strong><strong>*Por \u201cSantos Inocentes\u201d dec\u00edan que Germ\u00e1n se iba a MC<br \/>\n<\/strong><strong>*Libelos contra Pepe Yunes, simplemente no furulan<br \/>\n<\/strong><strong>*En Veracruz es conocida la buena fama p\u00fablica del perote\u00f1o<\/strong><\/em><\/p>\n<div><\/div>\n<p><strong>\u00a0<\/strong>***\u00a0<strong><em>\u00a1Ah\u00ed est\u00e1!\u00a0<\/em><\/strong>El pr\u00f3ximo s\u00e1bado, en punto de las 10:00 horas, en el Auditorio \u201cReyes Heroles\u201d de la sede estatal del PRI, se llevar\u00e1 a cabo la \u201cJornada de Registro de Personas Aspirantes a la Candidatura a Gobernador del Estado de Veracruz\u201d&#8230;<\/p>\n<p>***\u00a0<strong><em>\u00a1Va tomando presi\u00f3n!\u00a0<\/em><\/strong>A medida que han transcurrido los d\u00edas no solo han ido creciendo las expectativas de muchos veracruzanos que hoy est\u00e1n dispuestos a buscar candidaturas por el Frente Amplio por M\u00e9xico a diputaciones federales y locales y senadur\u00edas\u2026Y ac\u00e1 en Veracruz ya vemos a personajes valiosos de la sociedad que quieren entrarle y acompa\u00f1ar al candidato del FAM a la gubernatura, Jos\u00e9 Francisco \u201cPepe\u201d Yunes Zorrilla\u2026<\/p>\n<p>***\u00a0<strong><em>\u00a1Y para muestra un bot\u00f3n\u2026!\u00a0<\/em><\/strong>\u00a0El conocido y reconocido comunicador veracruzano hasta los huesos, Jos\u00e9 \u201cPepe\u201d Valencia S\u00e1nchez, que durante su trayectoria de casi 50 a\u00f1os de experiencia, ha sido director de varios de los principales medios de comunicaci\u00f3n de la entidad, publicando adem\u00e1s, desde hace casi 30 a\u00f1os su le\u00edda columna \u201cAdelante\u201d est\u00e1 buscando la candidatura a la diputaci\u00f3n local por el distrito de Xalapa,\u00a0 mismo que el mencionado aspirante y colega ha recorrido pr\u00e1cticamente a punta de calcet\u00edn durante d\u00e9cadas para encontrar la nota de primera plana o la informaci\u00f3n exclusiva para su columna; hoy la recorre de nueva cuenta en pos de la candidatura mencionada\u2026 Y si bien miramos, Pepe Valencia re\u00fane la mayor\u00eda de las caracter\u00edsticas para ser un candidato ciudadano ya que conoce muy bien esta ciudad capital veracruzana, conoce a su gente y la problem\u00e1tica que impera en la regi\u00f3n\u2026<\/p>\n<p>***\u00a0<strong><em>\u00a1Inocente palomita que\u2026!<\/em><\/strong>Alma vida y coraz\u00f3n de Germ\u00e1n Mart\u00ednez, senador del grupo plural en el Senado de la Rep\u00fablica est\u00e1n con X\u00f3chitl G\u00e1lvez para la presidencia de M\u00e9xico\u2026 As\u00ed lo tuvo que aclarar el legislador michoacano ante los videos que se difundieron en redes sociales en los que se afirma que ir\u00eda como candidato presidencial por Movimiento Ciudadano, que corresponden precisamente a las bromitas que se difunden con motivo del \u201cD\u00eda de los Santos Inocentes\u201d cada d\u00eda 28 de diciembre\u2026EL PROBLEMA es que en las redes sociales s\u00ed hubo muchos incautos que cayeron en el garlito y ya hasta lo felicitaban o le mentaban la madre\u2026 \u201cInocentes palomitas que se dejaron enga\u00f1ar\u201d&#8230;<\/p>\n<p>***\u00a0<strong><em>\u00a1Ah brutos!\u00a0<\/em><\/strong>S\u00ed, quienes andan por la vida difundiendo infundios sobre el virtual candidato del FAM al gobierno de Veracruz, Jos\u00e9 Francisco \u201cPepe\u201d Yunes, se van topando con pared\u2026 Acaso pensaban que esos infames que podr\u00edan enga\u00f1ar a los ciudadanos veracruzanos con esas calumnias de muy bajo nivel, pero en realidad, muchos en la entidad conocen de la buena fama p\u00fablica de la que goza Yunes Zorrilla\u2026<\/p>\n<p><strong>quirino.moreno@entornopolitico.com<\/strong><\/p>\n<p><strong>columnarepechaje@gmail.com<\/strong><\/p>\n<p><strong>X: quirinomq<\/strong><\/p>\n<p><a href=\"http:\/\/www.entornopolitico.com\/\"><strong>www.entornopolitico.co<\/strong><\/a>m<\/p>\n","protected":false},"excerpt":{"rendered":"<p>Repechaje\/Por Quirino Moreno Quiza. *Despierta el inter\u00e9s de ciudadanos por participar *El reconocido comunicador Pepe Valencia busca candidatura *Valencia S\u00e1nchez tiene perfil de candidato ciudadano, sin duda *Busca candidatura del Distrito de Xalapa por el FAM * \u201cAlma, vida y coraz\u00f3n con X\u00f3chitl: Germ\u00e1n Mart\u00ednez *Por \u201cSantos Inocentes\u201d dec\u00edan que Germ\u00e1n se iba a MC *Libelos contra Pepe Yunes, simplemente no furulan *En Veracruz es conocida la buena fama p\u00fablica del perote\u00f1o \u00a0***\u00a0\u00a1Ah\u00ed est\u00e1!\u00a0El pr\u00f3ximo s\u00e1bado, en punto de las 10:00 horas, en el Auditorio \u201cReyes Heroles\u201d de la sede&hellip;<\/p>\n","protected":false},"author":1,"featured_media":0,"comment_status":"open","ping_status":"closed","sticky":false,"template":"","format":"standard","meta":{"footnotes":""},"categories":[8,11],"tags":[1155],"class_list":["post-104651","post","type-post","status-publish","format-standard","hentry","category-opinion","category-repechaje","tag-quirino-moreno-quiza"],"jetpack-related-posts":[],"_links":{"self":[{"href":"https:\/\/www.noticiasperfil.com\/index\/wp-json\/wp\/v2\/posts\/104651","targetHints":{"allow":["GET"]}}],"collection":[{"href":"https:\/\/www.noticiasperfil.com\/index\/wp-json\/wp\/v2\/posts"}],"about":[{"href":"https:\/\/www.noticiasperfil.com\/index\/wp-json\/wp\/v2\/types\/post"}],"author":[{"embeddable":true,"href":"https:\/\/www.noticiasperfil.com\/index\/wp-json\/wp\/v2\/users\/1"}],"replies":[{"embeddable":true,"href":"https:\/\/www.noticiasperfil.com\/index\/wp-json\/wp\/v2\/comments?post=104651"}],"version-history":[{"count":1,"href":"https:\/\/www.noticiasperfil.com\/index\/wp-json\/wp\/v2\/posts\/104651\/revisions"}],"predecessor-version":[{"id":104652,"href":"https:\/\/www.noticiasperfil.com\/index\/wp-json\/wp\/v2\/posts\/104651\/revisions\/104652"}],"wp:attachment":[{"href":"https:\/\/www.noticiasperfil.com\/index\/wp-json\/wp\/v2\/media?parent=104651"}],"wp:term":[{"taxonomy":"category","embeddable":true,"href":"https:\/\/www.noticiasperfil.com\/index\/wp-json\/wp\/v2\/categories?post=104651"},{"taxonomy":"post_tag","embeddable":true,"href":"https:\/\/www.noticiasperfil.com\/index\/wp-json\/wp\/v2\/tags?post=104651"}],"curies":[{"name":"wp","href":"https:\/\/api.w.org\/{rel}","templated":true}]}}