{"id":104653,"date":"2023-12-29T12:55:59","date_gmt":"2023-12-29T18:55:59","guid":{"rendered":"https:\/\/www.noticiasperfil.com\/index\/?p=104653"},"modified":"2023-12-29T12:55:59","modified_gmt":"2023-12-29T18:55:59","slug":"corte-de-caja-de-fin-de-ano","status":"publish","type":"post","link":"https:\/\/www.noticiasperfil.com\/index\/2023\/12\/29\/corte-de-caja-de-fin-de-ano\/","title":{"rendered":"Corte de caja de fin de a\u00f1o"},"content":{"rendered":"<p><img loading=\"lazy\" decoding=\"async\" class=\"aligncenter size-full wp-image-93555\" src=\"https:\/\/i0.wp.com\/www.noticiasperfil.com\/index\/wp-content\/uploads\/2022\/10\/prosa-aprisa.jpg?resize=480%2C270&#038;ssl=1\" alt=\"\" width=\"480\" height=\"270\" data-recalc-dims=\"1\" \/><\/p>\n<p><strong>Prosa Aprisa\/por\u00a0 Arturo Reyes Isidoro.<\/strong><\/p>\n<p>Concluye este viernes la \u00faltima semana de 2023. El pr\u00f3ximo lunes amaneceremos con un a\u00f1o nuevo que estar\u00e1 marcado por el proceso electoral para renovar la gubernatura en el estado.<\/p>\n<p>De hecho, con el apagarse de 2023 pr\u00e1cticamente estar\u00e1 acab\u00e1ndose el gobierno de Cuitl\u00e1huac Garc\u00eda Jim\u00e9nez, que en lo que resta estar\u00e1 dedicado a buscar poner en orden la administraci\u00f3n para tenerla lista a la hora de la entrega.<\/p>\n<p>Les preocupa. Cada vez m\u00e1s se les pasa la borrachera del poder que han tra\u00eddo, con las cubetadas de agua fr\u00eda que la realidad los ba\u00f1a. Ya empiezan a darse cuenta que ni son eternos ni indispensables.<\/p>\n<p>El gobernador, de acuerdo con informaci\u00f3n que se dio al columnista, pidi\u00f3 a varios colaboradores suyos que ten\u00edan intensi\u00f3n de contender por un cargo de elecci\u00f3n popular que no lo hicieran porque los necesita para que lo ayuden a limpiar todo y a salir limpio.<\/p>\n<p>Debi\u00f3 darse cuenta ya de que por el hecho de que su posible sucesora sea de su mismo partido no le garantiza perd\u00f3n ni impunidad a su gobierno por haberle metido la mano al caj\u00f3n, por diversas irregularidades y hasta por los atropellos contra los veracruzanos.<\/p>\n<p>M\u00e1s debi\u00f3 haberlo puesto en alerta ver c\u00f3mo, por ejemplo, el alcalde de Xalapa, Ricardo Ahued Bardahuil, no est\u00e1 dispuesto a dejar pasar las irregularidades de su antecesor, Hip\u00f3lito Rodr\u00edguez Herrero, que pueden implicar muchos millones de pesos desviados, sin importarle que son del mismo partido.<\/p>\n<p>De las denuncias medi\u00e1ticas del a\u00f1o pasado por los presuntos actos de corrupci\u00f3n pas\u00f3 ayer jueves a la denuncia formal ante la Fiscal\u00eda Especializada en Combate a la Corrupci\u00f3n, un hecho que no tiene precedentes en la historia del ayuntamiento de la capital del estado. La Fiscal\u00eda inici\u00f3 el expediente FGE\/FECCEV\/686.<\/p>\n<p>El \u00e1rea jur\u00eddica de su administraci\u00f3n pidi\u00f3 que se proceda contra qui\u00e9n o qui\u00e9nes resulten responsables de la probable comisi\u00f3n de actos de piller\u00eda que causaron da\u00f1o patrimonial al ayuntamiento, es decir, a los xalape\u00f1os, porque los recursos provienen de ellos.<\/p>\n<p>El hecho no es menor porque pone a prueba al propio gobierno estatal de Morena para ver si es cierto que est\u00e1 dispuesto a combatir la corrupci\u00f3n como ha venido pregonando, procediendo contra uno de los suyos.<\/p>\n<p>La Fiscal\u00eda del caso recibi\u00f3 una papa no caliente sino hirviendo y tendr\u00e1 que iniciar la investigaci\u00f3n y darle celeridad y proceder contra el o los responsables si no quiere darle valioso material a la oposici\u00f3n para que esta se solace en campa\u00f1a diciendo que en Morena hay corrupci\u00f3n, pero que adem\u00e1s se protege a los corruptos.<\/p>\n<p>De por s\u00ed, la sola denuncia desmiente ya que en Morena no hay corrupci\u00f3n, como vienen presumiendo los guindas. Le da la raz\u00f3n a Pepe Yunes, quien denuncia y afirma que hay muchos casos de corrupci\u00f3n en los gobiernos de la 4T.<\/p>\n<p>Precisamente por el momento en que se dan estos hechos, no es nada descabellado pensar que fue la propia (virtual) candidata a la gubernatura Roc\u00edo Nahle quien, consultada sobre el caso, respondi\u00f3 con el dedo pulgar hacia abajo para que se proceda, para demostrar que en el tiempo que ya le toca no va a permitir ni a tolerar actos de corrupci\u00f3n.<\/p>\n<p>De ah\u00ed que no haya intervenido para parar lo que necesariamente constituye un esc\u00e1ndalo de corrupci\u00f3n dentro de su partido, pero, adem\u00e1s, como un aviso de que tampoco va a tolerar los actos de corrupci\u00f3n dentro del gobierno de Cuitl\u00e1huac y por eso mantiene alejados a varios funcionarios a los que se se\u00f1ala de actos deshonestos.<\/p>\n<p>La se\u00f1ora necesita legitimarse de alguna manera para que los veracruzanos la acepten, debido a su origen zacatecano, y seguramente le ganar\u00eda simpat\u00edas si ordena proceder contra m\u00e1s de uno y de una, adem\u00e1s, evitando que obtengan impunidad con un cargo de elecci\u00f3n popular.<\/p>\n<p>Con el cambio de a\u00f1o habr\u00e1 cambio de nombres de hombres y mujeres protag\u00f3nicos, anticipo del cambio de gobierno que se habr\u00e1 de dar.<\/p>\n<p>Hay algunas se\u00f1ales de que el cambio ya se inici\u00f3 y que la se\u00f1ora Nahle empieza a imprimir su sello personal. Por ejemplo, en forma sutil bate\u00f3 ya al exsecretario de Educaci\u00f3n, Zenyazen Escobar Garc\u00eda, a quien envi\u00f3 a hacer campa\u00f1a para que busque la diputaci\u00f3n federal por C\u00f3rdoba. \u00c9l se ve\u00eda ya como parte del pr\u00f3ximo nuevo gabinete, si gana Morena.<\/p>\n<p>No obstante que ya sab\u00eda que Roc\u00edo ten\u00eda y ven\u00eda con l\u00ednea de L\u00f3pez Obrador, Zenyazen tambi\u00e9n busc\u00f3 la candidatura y le compiti\u00f3, como lo hizo Eric Cisneros, recorriendo el estado, buscando apoyos, pagando encuestas, promovi\u00e9ndose como pudo, aunque cuando vio que no ten\u00eda ninguna posibilidad, como nunca la tuvo, declin\u00f3 a su favor y se le sum\u00f3.<\/p>\n<p>Famosa por que, aseguran quienes la conocen y tratan con ella, tiene \u201ccar\u00e1cter fuerte\u201d, sin embargo, no lo trat\u00f3 mal. En un principio le dijo que la apoyara con los maestros recorriendo el estado a su lado e incluso le manej\u00f3 la posibilidad de que en agradecimiento repetir\u00eda en la SEV. Ya lo bate\u00f3. No conf\u00eda en \u00e9l desde el momento en que busc\u00f3 desplazarla de la candidatura.<\/p>\n<p>De que el cuitlahuismo caer\u00e1 en la opacidad habla otro hecho. En efecto, el alcalde de Mart\u00ednez de la Torre con licencia, Rodrigo Calder\u00f3n Salas, ser\u00e1 el coordinador general de la precampa\u00f1a de la exsecretaria de Energ\u00eda, no obstante que acept\u00f3 en conferencia de prensa que ni conoce a todos los grupos de Morena ni ha recorrido el estado.<\/p>\n<p>Se pensaba que ser\u00eda el diputado Juan Javier G\u00f3mez Cazar\u00edn, quien le coordin\u00f3 las actividades como coordinadora de los Comit\u00e9s de Defensa de la Cuarta Transformaci\u00f3n. Lo pudo hacer porque se trataban de actos interpartidistas, donde no se violaba ninguna norma. Pero ya en precampa\u00f1a electoral legal, Juan Javier tendr\u00eda que solicitar licencia para no violar la ley electoral y evitar denuncias de la oposici\u00f3n.<\/p>\n<p>Pero, adem\u00e1s, seg\u00fan la versi\u00f3n de alguien cercano al grupo interno de ella, le pidi\u00f3 que no se mueva de donde est\u00e1 porque si deja la diputaci\u00f3n guinda y la Junta de Coordinaci\u00f3n Pol\u00edtica el gobernador intentar\u00eda apoderarse del control del Poder Legislativo y ella no est\u00e1 dispuesta a ced\u00e9rselo. Conf\u00eda en G\u00f3mez Cazar\u00edn para que le cuide esa parcela.<\/p>\n<p>Eso nos estar\u00eda diciendo que est\u00e1 sellado ya el futuro del gobernador y de sus colaboradores, quienes no dejaban (o todav\u00eda no dejan) la soberbia a un lado y se cre\u00edan due\u00f1os del poder con derecho a mantenerse en \u00e9l.<\/p>\n<p>2024, pues, ya la pr\u00f3xima semana, iniciar\u00e1 una nueva etapa en la vida pol\u00edtica de Veracruz, y habremos de estar atentos a lo que vaya aconteciendo dentro del partido en el poder.<\/p>\n<p>Mientras que en la oposici\u00f3n, vaya que sacudieron las declaraciones de Pepe Yunes lo mismo contra la se\u00f1ora Nahle que contra el gobernador, que de inmediato desataron una campa\u00f1a de descalificaciones contra el pol\u00edtico de Perote.<\/p>\n<p>Por ejemplo, el dirigente estatal de Morena, Esteban Ram\u00edrez Zepeta, se le fue en contra, con todo. En su cuenta de X (antes Twitter) public\u00f3: \u201cA los veracruzanos no se les olvida que @Pepe_Yunes fue c\u00f3mplice del saqueo m\u00e1s grande en la historia de Veracruz.<\/p>\n<p>Fue c\u00f3mplice de Duarte, que p\u00fablicamente ha se\u00f1alado de haberlo ayudado, pero tambi\u00e9n fue c\u00f3mplice con su voto en el Senado de haberle entregado el petr\u00f3leo a los extranjeros a cambio de dinero. Pepe Yunes trae ADN de corrupto\u201d.<\/p>\n<p>Eso. Solo eso. Ning\u00fan se\u00f1alamiento concreto de un caso concreto, con pruebas.<\/p>\n<p>Desde mi punto de vista, tendr\u00e1n que hacer m\u00e1s porque Pepe va a crecer. El solo hecho de que lo apoyen los Garc\u00eda Guzm\u00e1n-Escalante en P\u00e1nuco y Joaqu\u00edn Guzm\u00e1n Avil\u00e9s en Tantoyuca hace creer que ser\u00e1 muy dif\u00edcil que Morena y Roc\u00edo ganen la huasteca, adem\u00e1s porque se sabe que casi todos los alcaldes de esa zona que apoyaron a Eric Cisneros, molestos porque sacaron de la jugada a su candidato, bajo el agua van a apoyar al diputado federal del PRI, al que conocen y con el que se pueden entender.<\/p>\n<p>Pero ya me tengo que ir. Esta es la \u00faltima columna del a\u00f1o. A todos los lectores, mujeres y hombres, mis mejores deseos de que concluya de la mejor forma 2023 en compa\u00f1\u00eda de sus seres queridos.<\/p>\n<p>Mi abrazo y solidaridad a las familias de las v\u00edctimas de la violencia, fallecidos y desaparecidos, hombres y mujeres, con mi ruego a Dios porque quienes los buscan los hallen. Que el Se\u00f1or les d\u00e9 consuelo y les renueve la fe y la esperanza de que est\u00e9n donde est\u00e9n est\u00e1n y viven en su reino.<\/p>\n","protected":false},"excerpt":{"rendered":"<p>Prosa Aprisa\/por\u00a0 Arturo Reyes Isidoro. Concluye este viernes la \u00faltima semana de 2023. El pr\u00f3ximo lunes amaneceremos con un a\u00f1o nuevo que estar\u00e1 marcado por el proceso electoral para renovar la gubernatura en el estado. De hecho, con el apagarse de 2023 pr\u00e1cticamente estar\u00e1 acab\u00e1ndose el gobierno de Cuitl\u00e1huac Garc\u00eda Jim\u00e9nez, que en lo que resta estar\u00e1 dedicado a buscar poner en orden la administraci\u00f3n para tenerla lista a la hora de la entrega. Les preocupa. Cada vez m\u00e1s se les pasa la borrachera del poder que han tra\u00eddo, con&hellip;<\/p>\n","protected":false},"author":1,"featured_media":0,"comment_status":"open","ping_status":"closed","sticky":false,"template":"","format":"standard","meta":{"footnotes":""},"categories":[8,10],"tags":[112],"class_list":["post-104653","post","type-post","status-publish","format-standard","hentry","category-opinion","category-prosa-aprisa","tag-arturo-reyes-isidoro"],"jetpack-related-posts":[],"_links":{"self":[{"href":"https:\/\/www.noticiasperfil.com\/index\/wp-json\/wp\/v2\/posts\/104653","targetHints":{"allow":["GET"]}}],"collection":[{"href":"https:\/\/www.noticiasperfil.com\/index\/wp-json\/wp\/v2\/posts"}],"about":[{"href":"https:\/\/www.noticiasperfil.com\/index\/wp-json\/wp\/v2\/types\/post"}],"author":[{"embeddable":true,"href":"https:\/\/www.noticiasperfil.com\/index\/wp-json\/wp\/v2\/users\/1"}],"replies":[{"embeddable":true,"href":"https:\/\/www.noticiasperfil.com\/index\/wp-json\/wp\/v2\/comments?post=104653"}],"version-history":[{"count":1,"href":"https:\/\/www.noticiasperfil.com\/index\/wp-json\/wp\/v2\/posts\/104653\/revisions"}],"predecessor-version":[{"id":104654,"href":"https:\/\/www.noticiasperfil.com\/index\/wp-json\/wp\/v2\/posts\/104653\/revisions\/104654"}],"wp:attachment":[{"href":"https:\/\/www.noticiasperfil.com\/index\/wp-json\/wp\/v2\/media?parent=104653"}],"wp:term":[{"taxonomy":"category","embeddable":true,"href":"https:\/\/www.noticiasperfil.com\/index\/wp-json\/wp\/v2\/categories?post=104653"},{"taxonomy":"post_tag","embeddable":true,"href":"https:\/\/www.noticiasperfil.com\/index\/wp-json\/wp\/v2\/tags?post=104653"}],"curies":[{"name":"wp","href":"https:\/\/api.w.org\/{rel}","templated":true}]}}