{"id":104657,"date":"2024-01-02T10:34:12","date_gmt":"2024-01-02T16:34:12","guid":{"rendered":"https:\/\/www.noticiasperfil.com\/index\/?p=104657"},"modified":"2024-01-02T10:34:12","modified_gmt":"2024-01-02T16:34:12","slug":"tesoreria-municipal-de-san-andres-tuxtla-inicia-cobro-de-predial-con-promocion-por-pago-puntual","status":"publish","type":"post","link":"https:\/\/www.noticiasperfil.com\/index\/2024\/01\/02\/tesoreria-municipal-de-san-andres-tuxtla-inicia-cobro-de-predial-con-promocion-por-pago-puntual\/","title":{"rendered":"Tesorer\u00eda Municipal de San Andr\u00e9s Tuxtla inicia cobro de predial con promoci\u00f3n por pago puntual"},"content":{"rendered":"<p><img loading=\"lazy\" decoding=\"async\" data-attachment-id=\"104658\" data-permalink=\"https:\/\/www.noticiasperfil.com\/index\/2024\/01\/02\/tesoreria-municipal-de-san-andres-tuxtla-inicia-cobro-de-predial-con-promocion-por-pago-puntual\/solana-predial-01-2\/\" data-orig-file=\"https:\/\/i1.wp.com\/www.noticiasperfil.com\/index\/wp-content\/uploads\/2024\/01\/solana-predial-01.jpg?fit=866%2C574&amp;ssl=1\" data-orig-size=\"866,574\" data-comments-opened=\"1\" data-image-meta=\"{&quot;aperture&quot;:&quot;0&quot;,&quot;credit&quot;:&quot;&quot;,&quot;camera&quot;:&quot;&quot;,&quot;caption&quot;:&quot;&quot;,&quot;created_timestamp&quot;:&quot;0&quot;,&quot;copyright&quot;:&quot;&quot;,&quot;focal_length&quot;:&quot;0&quot;,&quot;iso&quot;:&quot;0&quot;,&quot;shutter_speed&quot;:&quot;0&quot;,&quot;title&quot;:&quot;&quot;,&quot;orientation&quot;:&quot;0&quot;}\" data-image-title=\"solana-predial-01\" data-image-description=\"\" data-medium-file=\"https:\/\/i1.wp.com\/www.noticiasperfil.com\/index\/wp-content\/uploads\/2024\/01\/solana-predial-01.jpg?fit=660%2C365&amp;ssl=1\" data-large-file=\"https:\/\/i1.wp.com\/www.noticiasperfil.com\/index\/wp-content\/uploads\/2024\/01\/solana-predial-01.jpg?fit=640%2C366&amp;ssl=1\" class=\"aligncenter size-full wp-image-104658\" src=\"https:\/\/i1.wp.com\/www.noticiasperfil.com\/index\/wp-content\/uploads\/2024\/01\/solana-predial-01.jpg?resize=640%2C424&#038;ssl=1\" alt=\"\" width=\"640\" height=\"424\" data-recalc-dims=\"1\" \/><\/p>\n<p><em><strong>\u2022 Alcaldesa sanandrescana invita tambi\u00e9n a pensionados y jubilados a aprovechar promociones y descuentos.<\/strong><\/em><\/p>\n<p>San Andr\u00e9s Tuxtla, Ver.- \u201cCon el pago puntual del impuesto predial todos contribuimos al desarrollo de nuestro municipio, porque nuestra aportaci\u00f3n no solo nos da derechos sobre nuestra propiedad sino que adem\u00e1s lo recaudado se transforma en obras, acciones y bienestar para los sanandrescanos, por eso invitamos a la ciudadan\u00eda a realizar sus pagos a tiempo, aprovechando las promociones y el 20% de descuento por pago puntual y 50% a jubilados y pensionados\u201d, expres\u00f3 la Presidenta Municipal de San Andr\u00e9s Tuxtla, Mar\u00eda Elena Solana Calzada, quien fue la primera en realizar su pago de impuesto predial en este 2024, haciendo lo propio en la tesorer\u00eda municipal.<\/p>\n<p>La doctora Mar\u00eda Elena Solana Calzada asegur\u00f3 que la recaudaci\u00f3n del predial y la aportaci\u00f3n para la recolecci\u00f3n de basura, es el eje financiero sobre el cual se impulsa la integraci\u00f3n de los paquetes de obra de cada a\u00f1o, por ello la importancia de contar con una buena respuesta ciudadana que se traducir\u00e1 en m\u00e1s obras y acciones y en continuar eficientando la recolecci\u00f3n de residuos s\u00f3lidos de manera eficiente.<\/p>\n<p><img loading=\"lazy\" decoding=\"async\" data-attachment-id=\"104659\" data-permalink=\"https:\/\/www.noticiasperfil.com\/index\/2024\/01\/02\/tesoreria-municipal-de-san-andres-tuxtla-inicia-cobro-de-predial-con-promocion-por-pago-puntual\/solana-predial-02-2\/\" data-orig-file=\"https:\/\/i1.wp.com\/www.noticiasperfil.com\/index\/wp-content\/uploads\/2024\/01\/solana-predial-02.jpg?fit=887%2C615&amp;ssl=1\" data-orig-size=\"887,615\" data-comments-opened=\"1\" data-image-meta=\"{&quot;aperture&quot;:&quot;0&quot;,&quot;credit&quot;:&quot;&quot;,&quot;camera&quot;:&quot;&quot;,&quot;caption&quot;:&quot;&quot;,&quot;created_timestamp&quot;:&quot;0&quot;,&quot;copyright&quot;:&quot;&quot;,&quot;focal_length&quot;:&quot;0&quot;,&quot;iso&quot;:&quot;0&quot;,&quot;shutter_speed&quot;:&quot;0&quot;,&quot;title&quot;:&quot;&quot;,&quot;orientation&quot;:&quot;0&quot;}\" data-image-title=\"solana-predial-02\" data-image-description=\"\" data-medium-file=\"https:\/\/i1.wp.com\/www.noticiasperfil.com\/index\/wp-content\/uploads\/2024\/01\/solana-predial-02.jpg?fit=660%2C365&amp;ssl=1\" data-large-file=\"https:\/\/i1.wp.com\/www.noticiasperfil.com\/index\/wp-content\/uploads\/2024\/01\/solana-predial-02.jpg?fit=640%2C366&amp;ssl=1\" class=\"aligncenter size-full wp-image-104659\" src=\"https:\/\/i1.wp.com\/www.noticiasperfil.com\/index\/wp-content\/uploads\/2024\/01\/solana-predial-02.jpg?resize=640%2C444&#038;ssl=1\" alt=\"\" width=\"640\" height=\"444\" data-recalc-dims=\"1\" \/><\/p>\n<p>La mun\u00edcipe detall\u00f3 que lo recaudado regresa multiplicado al municipio a trav\u00e9s de participaciones de la federaci\u00f3n que se traducen en obras que son posibles gracias a la recaudaci\u00f3n oportuna y al pago puntual de los contribuyentes, permitiendo el desarrollo sustentable del municipio.<\/p>\n<p>Mientras tanto, este lunes a temprana hora inici\u00f3 el pago de predial en las cajas de la tesorer\u00eda municipal, donde un n\u00famero considerable de personas acudi\u00f3 a para cubrir este impuesto y se anunci\u00f3 que para la pr\u00f3xima semana estar\u00e1n habilitados m\u00e1s m\u00f3dulos de pago, adem\u00e1s de las cajas en tesorer\u00eda, para facilidad de jubilados y pensionados, del mismo modo que funcionar\u00e1n otros m\u00f3dulos alternos para agilizar el cobro del impuesto predial.<\/p>\n","protected":false},"excerpt":{"rendered":"<p>\u2022 Alcaldesa sanandrescana invita tambi\u00e9n a pensionados y jubilados a aprovechar promociones y descuentos. San Andr\u00e9s Tuxtla, Ver.- \u201cCon el pago puntual del impuesto predial todos contribuimos al desarrollo de nuestro municipio, porque nuestra aportaci\u00f3n no solo nos da derechos sobre nuestra propiedad sino que adem\u00e1s lo recaudado se transforma en obras, acciones y bienestar para los sanandrescanos, por eso invitamos a la ciudadan\u00eda a realizar sus pagos a tiempo, aprovechando las promociones y el 20% de descuento por pago puntual y 50% a jubilados y pensionados\u201d, expres\u00f3 la Presidenta&hellip;<\/p>\n","protected":false},"author":1,"featured_media":104658,"comment_status":"open","ping_status":"closed","sticky":false,"template":"","format":"standard","meta":{"footnotes":""},"categories":[3,12],"tags":[7966],"class_list":["post-104657","post","type-post","status-publish","format-standard","has-post-thumbnail","hentry","category-destacadas","category-san-andres-tuxtla","tag-maria-elena-solana-calzada"],"jetpack-related-posts":[],"_links":{"self":[{"href":"https:\/\/www.noticiasperfil.com\/index\/wp-json\/wp\/v2\/posts\/104657","targetHints":{"allow":["GET"]}}],"collection":[{"href":"https:\/\/www.noticiasperfil.com\/index\/wp-json\/wp\/v2\/posts"}],"about":[{"href":"https:\/\/www.noticiasperfil.com\/index\/wp-json\/wp\/v2\/types\/post"}],"author":[{"embeddable":true,"href":"https:\/\/www.noticiasperfil.com\/index\/wp-json\/wp\/v2\/users\/1"}],"replies":[{"embeddable":true,"href":"https:\/\/www.noticiasperfil.com\/index\/wp-json\/wp\/v2\/comments?post=104657"}],"version-history":[{"count":1,"href":"https:\/\/www.noticiasperfil.com\/index\/wp-json\/wp\/v2\/posts\/104657\/revisions"}],"predecessor-version":[{"id":104660,"href":"https:\/\/www.noticiasperfil.com\/index\/wp-json\/wp\/v2\/posts\/104657\/revisions\/104660"}],"wp:featuredmedia":[{"embeddable":true,"href":"https:\/\/www.noticiasperfil.com\/index\/wp-json\/wp\/v2\/media\/104658"}],"wp:attachment":[{"href":"https:\/\/www.noticiasperfil.com\/index\/wp-json\/wp\/v2\/media?parent=104657"}],"wp:term":[{"taxonomy":"category","embeddable":true,"href":"https:\/\/www.noticiasperfil.com\/index\/wp-json\/wp\/v2\/categories?post=104657"},{"taxonomy":"post_tag","embeddable":true,"href":"https:\/\/www.noticiasperfil.com\/index\/wp-json\/wp\/v2\/tags?post=104657"}],"curies":[{"name":"wp","href":"https:\/\/api.w.org\/{rel}","templated":true}]}}