{"id":104663,"date":"2024-01-02T11:28:56","date_gmt":"2024-01-02T17:28:56","guid":{"rendered":"https:\/\/www.noticiasperfil.com\/index\/?p=104663"},"modified":"2026-02-06T21:14:59","modified_gmt":"2026-02-07T03:14:59","slug":"bienvenido-2024","status":"publish","type":"post","link":"https:\/\/www.noticiasperfil.com\/index\/2024\/01\/02\/bienvenido-2024\/","title":{"rendered":"Bienvenido 2024"},"content":{"rendered":"<p><img loading=\"lazy\" decoding=\"async\" data-attachment-id=\"104664\" data-permalink=\"https:\/\/www.noticiasperfil.com\/index\/2024\/01\/02\/bienvenido-2024\/javier-gomez-cazarin-59\/\" data-orig-file=\"https:\/\/i1.wp.com\/www.noticiasperfil.com\/index\/wp-content\/uploads\/2024\/01\/javier-gomez-cazarin.jpg?fit=1600%2C1200&amp;ssl=1\" data-orig-size=\"1600,1200\" data-comments-opened=\"1\" data-image-meta=\"{&quot;aperture&quot;:&quot;0&quot;,&quot;credit&quot;:&quot;&quot;,&quot;camera&quot;:&quot;&quot;,&quot;caption&quot;:&quot;&quot;,&quot;created_timestamp&quot;:&quot;0&quot;,&quot;copyright&quot;:&quot;&quot;,&quot;focal_length&quot;:&quot;0&quot;,&quot;iso&quot;:&quot;0&quot;,&quot;shutter_speed&quot;:&quot;0&quot;,&quot;title&quot;:&quot;&quot;,&quot;orientation&quot;:&quot;0&quot;}\" data-image-title=\"javier-gomez-cazarin\" data-image-description=\"\" data-medium-file=\"https:\/\/i1.wp.com\/www.noticiasperfil.com\/index\/wp-content\/uploads\/2024\/01\/javier-gomez-cazarin.jpg?fit=660%2C365&amp;ssl=1\" data-large-file=\"https:\/\/i1.wp.com\/www.noticiasperfil.com\/index\/wp-content\/uploads\/2024\/01\/javier-gomez-cazarin.jpg?fit=640%2C366&amp;ssl=1\" class=\"aligncenter size-full wp-image-104664\" src=\"https:\/\/i1.wp.com\/www.noticiasperfil.com\/index\/wp-content\/uploads\/2024\/01\/javier-gomez-cazarin.jpg?resize=640%2C480&#038;ssl=1\" alt=\"\" width=\"640\" height=\"480\" srcset=\"https:\/\/i1.wp.com\/www.noticiasperfil.com\/index\/wp-content\/uploads\/2024\/01\/javier-gomez-cazarin.jpg?w=1600&amp;ssl=1 1600w, https:\/\/i1.wp.com\/www.noticiasperfil.com\/index\/wp-content\/uploads\/2024\/01\/javier-gomez-cazarin.jpg?resize=1536%2C1152&amp;ssl=1 1536w, https:\/\/i1.wp.com\/www.noticiasperfil.com\/index\/wp-content\/uploads\/2024\/01\/javier-gomez-cazarin.jpg?w=1280&amp;ssl=1 1280w\" sizes=\"auto, (max-width: 640px) 100vw, 640px\" data-recalc-dims=\"1\" \/><\/p>\n<p><strong>Parlamento Veracruz\/por Juan Javier G\u00f3mez Cazar\u00edn*.<\/strong><\/p>\n<p>Disfruto mucho los A\u00f1os Nuevos. Me gusta volver a mi Hueyapan de Ocampo y reunirme con la familia y con los much\u00edsimos amigos que son, para m\u00ed, una especie de familia extendida. La gente con la que comparto recuerdos de toda la vida, desde que era chamaco.<\/p>\n<p>No importa que ni ellos ni yo seamos los mismos chamacos de antes. Duele, eso s\u00ed, que ya no estamos todos. La vida se ha llevado f\u00edsicamente a muchos que siguen en nuestros recuerdos, an\u00e9cdotas y tradiciones. En la pandemia se fueron varios y, con especial dolor para m\u00ed, mis pap\u00e1s y hermanos, este a\u00f1o nos falt\u00f3 Gala.<\/p>\n<p>Pero aunque haya pasado tiempo la sensaci\u00f3n de confianza y la cercan\u00eda, entre los que seguimos aqu\u00ed, permanecen intactas. Nos llamamos por nuestros apodos, revivimos las viejas bromas, mantenemos las mismas rivalidades del futbol. \u00bfLes pasa a ustedes que dejan de ver a una persona un tiempo y, cuando la vuelven a ver, parece que se vieron apenas el d\u00eda anterior? Pues as\u00ed es con nosotros. La \u201cbandera\u201d, les digo.<\/p>\n<p>Desde temprano se mata un cochino y todos colaboramos en la preparaci\u00f3n, para desde media ma\u00f1ana empezar a taquear cueritos y al mediod\u00eda echarnos la primera chela. Tambi\u00e9n, armamos todos los a\u00f1os un partido de futbol de solteros contra casados, donde ya llevo nueve a\u00f1os de ser el \u00e1rbitro. De los buenos, no \u00e1rbitro vendido.<\/p>\n<p>Un esp\u00edritu que sigue muy vivo es el de echarnos la mano unos a otros. Ese fue, creo, un factor que contribuy\u00f3 a que los lazos entre vecinos se hicieran particularmente fuertes. Lo mismo para construir una casa nueva que en una fiesta o un velorio o para compartirnos un refresco o un taco, donde si no ten\u00edas dinero para cooperar no importaba.<\/p>\n<p>Por eso, este a\u00f1o respetamos la tradici\u00f3n, que ya lleva un buen tiempo, de reunirnos algunos amigos y mis carnales para regalar pollos y refrescos el 31 de diciembre a familias de Hueyapan y, de esta manera, hacernos presentes con algo para su cena del \u00faltimo d\u00eda del a\u00f1o.<\/p>\n<p>Tambi\u00e9n sigue la tradici\u00f3n, al rato en la noche, de nuestro tradicional baile de 1 de enero. Para empezar el a\u00f1o alegres, cantando hasta quedarnos roncos, bailando hasta que nos cansemos. Es nuestra manera de pronosticar que todo el resto del a\u00f1o seguiremos as\u00ed: felices por el regalo de estar vivos y conscientes de que la vida es preciosa y no puede desperdiciarse en amarguras y odios.<\/p>\n<p>Esta vez contaremos con Junior Klan y, por esta ocasi\u00f3n, ped\u00ed que el baile sea en Juan D\u00edaz Covarrubias, que tambi\u00e9n es municipio de Hueyapan de Ocampo, para respetar el duelo de mis pap\u00e1s.<\/p>\n<p>As\u00ed empec\u00e9 el 2024. El a\u00f1o que ser\u00e1 definitivo para el futuro de nuestro pa\u00eds y nuestro Estado. Lo empezamos con el pie derecho. Lo vamos a terminar mejor. No tengan duda.<\/p>\n<p>A los que puedan, nos vemos al rato en el baile. Y a los que no puedan, les mando mis mejores deseos para este a\u00f1o que comienza: larga vida, salud y felicidad.<\/p>\n<p>Pd. Y ya saben: ma\u00f1ana\u2026 \u00a1Coatza!<\/p>\n<p><em>*Diputado local. Presidente de la Junta de Coordinaci\u00f3n Pol\u00edtica.<\/em><\/p>\n","protected":false},"excerpt":{"rendered":"<p>Parlamento Veracruz\/por Juan Javier G\u00f3mez Cazar\u00edn*. Disfruto mucho los A\u00f1os Nuevos. Me gusta volver a mi Hueyapan de Ocampo y reunirme con la familia y con los much\u00edsimos amigos que son, para m\u00ed, una especie de familia extendida. La gente con la que comparto recuerdos de toda la vida, desde que era chamaco. No importa que ni ellos ni yo seamos los mismos chamacos de antes. Duele, eso s\u00ed, que ya no estamos todos. La vida se ha llevado f\u00edsicamente a muchos que siguen en nuestros recuerdos, an\u00e9cdotas y tradiciones.&hellip;<\/p>\n","protected":false},"author":1,"featured_media":104664,"comment_status":"open","ping_status":"closed","sticky":false,"template":"","format":"standard","meta":{"footnotes":""},"categories":[8],"tags":[4842],"class_list":["post-104663","post","type-post","status-publish","format-standard","has-post-thumbnail","hentry","category-opinion","tag-juan-javier-gomez-cazarin"],"jetpack-related-posts":[],"_links":{"self":[{"href":"https:\/\/www.noticiasperfil.com\/index\/wp-json\/wp\/v2\/posts\/104663","targetHints":{"allow":["GET"]}}],"collection":[{"href":"https:\/\/www.noticiasperfil.com\/index\/wp-json\/wp\/v2\/posts"}],"about":[{"href":"https:\/\/www.noticiasperfil.com\/index\/wp-json\/wp\/v2\/types\/post"}],"author":[{"embeddable":true,"href":"https:\/\/www.noticiasperfil.com\/index\/wp-json\/wp\/v2\/users\/1"}],"replies":[{"embeddable":true,"href":"https:\/\/www.noticiasperfil.com\/index\/wp-json\/wp\/v2\/comments?post=104663"}],"version-history":[{"count":1,"href":"https:\/\/www.noticiasperfil.com\/index\/wp-json\/wp\/v2\/posts\/104663\/revisions"}],"predecessor-version":[{"id":104665,"href":"https:\/\/www.noticiasperfil.com\/index\/wp-json\/wp\/v2\/posts\/104663\/revisions\/104665"}],"wp:featuredmedia":[{"embeddable":true,"href":"https:\/\/www.noticiasperfil.com\/index\/wp-json\/wp\/v2\/media\/104664"}],"wp:attachment":[{"href":"https:\/\/www.noticiasperfil.com\/index\/wp-json\/wp\/v2\/media?parent=104663"}],"wp:term":[{"taxonomy":"category","embeddable":true,"href":"https:\/\/www.noticiasperfil.com\/index\/wp-json\/wp\/v2\/categories?post=104663"},{"taxonomy":"post_tag","embeddable":true,"href":"https:\/\/www.noticiasperfil.com\/index\/wp-json\/wp\/v2\/tags?post=104663"}],"curies":[{"name":"wp","href":"https:\/\/api.w.org\/{rel}","templated":true}]}}