{"id":104666,"date":"2024-01-02T11:36:23","date_gmt":"2024-01-02T17:36:23","guid":{"rendered":"https:\/\/www.noticiasperfil.com\/index\/?p=104666"},"modified":"2024-01-02T11:36:23","modified_gmt":"2024-01-02T17:36:23","slug":"xochitl-encabezara-acto-agrario-amlo-el-de-rio-blanco","status":"publish","type":"post","link":"https:\/\/www.noticiasperfil.com\/index\/2024\/01\/02\/xochitl-encabezara-acto-agrario-amlo-el-de-rio-blanco\/","title":{"rendered":"X\u00f3chitl encabezar\u00e1 acto agrario; AMLO el de R\u00edo Blanco"},"content":{"rendered":"<p><img loading=\"lazy\" decoding=\"async\" class=\"aligncenter size-full wp-image-93555\" src=\"https:\/\/i0.wp.com\/www.noticiasperfil.com\/index\/wp-content\/uploads\/2022\/10\/prosa-aprisa.jpg?resize=480%2C270&#038;ssl=1\" alt=\"\" width=\"480\" height=\"270\" data-recalc-dims=\"1\" \/><\/p>\n<p><strong>Prosa Aprisa\/Por Arturo Reyes Isidoro.<\/strong><\/p>\n<p>Un d\u00eda antes de que venga el presidente Andr\u00e9s Manuel L\u00f3pez Obrador a encabezar el acto recordatorio de los m\u00e1rtires de R\u00edo Blanco el pr\u00f3ximo domingo, d\u00eda 7, la candidata presidencial de la coalici\u00f3n Fuerza y Coraz\u00f3n por M\u00e9xico, X\u00f3chitl G\u00e1lvez Ruiz, har\u00e1 lo mismo, pero en el tradicional acto conmemorativo de la promulgaci\u00f3n de la Ley Agraria de 1915, la primera del pa\u00eds, en el puerto de Veracruz.<\/p>\n<p>Ambas fechas hist\u00f3ricas servir\u00e1n de trasfondo al inicio, entre los representativos de las dos grandes fuerzas pol\u00edticas del pa\u00eds, de la disputa en territorio veracruzano por conquistar la presidencia de la rep\u00fablica y la gubernatura del estado.<\/p>\n<p>En su conferencia ma\u00f1anera del 19 de diciembre pasado, AMLO anunci\u00f3 su visita a R\u00edo Blanco. \u201cVoy a ir a R\u00edo Blanco el d\u00eda 7 que es un aniversario m\u00e1s de la represi\u00f3n a los obreros. S\u00ed voy a estar ah\u00ed\u201d, expres\u00f3 entonces.<\/p>\n<p>Aunque coment\u00f3 en esa ocasi\u00f3n que busca estar presente en todas las conmemoraciones hist\u00f3ricas que han marcado el desarrollo del estado y el pa\u00eds, en sus primeros cinco a\u00f1os de gobierno no vino a conmemorar uno de los actos antecedentes de la Revoluci\u00f3n mexicana.<\/p>\n<p>Est\u00e1 claro que lo usar\u00e1 de pretexto para venir a alentar las fuerzas morenistas y promover las candidaturas de Claudia Sheinbaum y Roc\u00edo Nahle, a la presidencia y a la gubernatura, respectivamente, adem\u00e1s porque sabe la importancia del estado debido a que tiene el cuarto padr\u00f3n electoral m\u00e1s grande del pa\u00eds y su votaci\u00f3n ser\u00e1 fundamental y decisiva para el resultado de la votaci\u00f3n el 2 de junio.<\/p>\n<p>Si bien tiene todo el apoyo del Estado, la exsecretaria de Energ\u00eda rema contra la corriente por su origen zacatecano, que le pesa, as\u00ed como por su pasado al frente de la construcci\u00f3n de la refiner\u00eda de Dos Bocas, que todav\u00eda no produce un solo litro de gasolina no obstante el sobrecosto que tiene, mientras que la exjefa de Gobierno de la Ciudad de M\u00e9xico no ha emocionado en las visitas que ha hecho al estado y si han tenido actos masivos es por los trabajadores a los que han obligado a asistir, conocidos como \u201cacarreados\u201d.<\/p>\n<p><strong>La candidata del frente opositor homenajear\u00e1 a Carranza<\/strong><\/p>\n<p>Por lo que hace a X\u00f3chitl G\u00e1lvez, el columnista tiene informaci\u00f3n de que vendr\u00e1 a encabezar la tradicional guardia de honor y el dep\u00f3sito de la ofrenda floral ante el monumento a Venustiano Carranza, quien como presidente emiti\u00f3 la primera Ley Agraria del pa\u00eds en 1915, acto que tendr\u00e1 lugar frente al Faro y el malec\u00f3n del puerto de Veracruz. Se espera que en ese homenaje la acompa\u00f1en representativos del sector agrario del pa\u00eds.<\/p>\n<p>M\u00e1s tarde, a las 11: 30 de la ma\u00f1ana encabezar\u00e1 el tradicional acto agrario conmemorativo de la fecha en las instalaciones de la ganadera de Ylang Ylang, en el municipio de Boca del R\u00edo. Se espera que en ese acto proclame cu\u00e1l ser\u00e1 su pol\u00edtica para rescatar el campo mexicano, si gana la presidencia.<\/p>\n<p>Es obvio que la candidata tambi\u00e9n aprovechar\u00e1 la fecha para alentar a militantes de los partidos de la coalici\u00f3n Fuerza y Coraz\u00f3n por Veracruz a trabajar con la mayor intensidad posible para lograr el triunfo.<\/p>\n<p><strong>Pepe se registrar\u00e1 como candidato del PRD y del PAN<\/strong><\/p>\n<p>Por su parte, Pepe Yunes registrar\u00e1 este martes su precandidatura a la gubernatura por el PRD, acto que tendr\u00e1 lugar en la sede del partido del sol azteca en Xalapa a las 11 de la ma\u00f1ana y luego, pasado el medio d\u00eda, tendr\u00e1 un \u201cEncuentro de j\u00f3venes con Pepe\u201d, convocado por el PAN, en la misma capital del estado; el mi\u00e9rcoles se registrar\u00e1 pero como candidato del PAN en la sede del blanquiazul de la capital del estado, a las 11:30 del d\u00eda.<\/p>\n<p>El s\u00e1bado pasado, 30 de diciembre, registr\u00f3 su precandidatura en el PRI, su partido, en un acto en el que proyect\u00f3 la imagen de unidad familiar, pues aparte de su padre Jos\u00e9 Yunes Su\u00e1rez, lo acompa\u00f1aron su esposa Alicia Silva Ocaranza y sus hijos Jos\u00e9, Aldo y Adolfo, as\u00ed como sus hermanas Adriana, Ana Gabriela y Ana Mar\u00eda. Por problemas de salud no estuvo su madre Ana Mar\u00eda, y su hermano Rams\u00e9s no asisti\u00f3 para evitar un posible conflicto de inter\u00e9s por su trabajo como conductor de noticieros en Radiotelevisi\u00f3n de Veracruz, canal en el que pedir\u00e1 licencia mientras dura el proceso electoral, como lo hizo en 2018 cuando su hermano compiti\u00f3 tambi\u00e9n.<\/p>\n<p>El candidato del frente opositor no tiene planeado realizar actos masivos en el periodo de precampa\u00f1a, donde no competir\u00e1 internamente con nadie porque es precandidato \u00fanico, y se dedicar\u00e1 toda la semana a encabezar actos con comit\u00e9s seccionales de los partidos que lo apoya, as\u00ed como con j\u00f3venes, o sea, trabajar\u00e1 en \u201cterritorio\u201d con las bases.<\/p>\n<p>El diputado federal con licencia no realizar\u00e1 ning\u00fan acto que se considere anticipado de campa\u00f1a y en apego a la ley electoral sus actividades estar\u00e1n dirigidas a militantes y simpatizantes.<\/p>\n<p>El d\u00eda de su registro en el PRI lo acompa\u00f1aron los exdirigentes H\u00e9ctor Yunes Landa, Jorge Uscanga Escobar, Alfredo Ferrari Saavedra, Ricardo Landa cano y Am\u00e9rico Z\u00fa\u00f1iga Mart\u00ednez, as\u00ed como el dirigente de Antorcha Campesina, Samuel Aguirre, adem\u00e1s de la exdirigente de la Liga Agraria, Bertha Hern\u00e1ndez Rodr\u00edguez, entre otros.<\/p>\n<p>El columnista tiene informaci\u00f3n de que aparte del periodista Filiberto Vargas Rodr\u00edguez, quien lo har\u00e1 como enlace con los columnistas, colaboran tambi\u00e9n en el \u00e1rea de medios y redes sociales la periodista Noem\u00ed Vald\u00e9s (reporteros), as\u00ed como la especialista en marketing y comunicaci\u00f3n pol\u00edtica, Elie Ram\u00edrez Rueda (giras), quien tiene muchos a\u00f1os de experiencia. Oliver Olea Jarqu\u00edn, consultor de comunicaci\u00f3n pol\u00edtica y digital, tambi\u00e9n del puerto, le ha venido manejando la imagen desde hace ya un buen tiempo.<\/p>\n<p><strong>Nahle iniciar\u00e1 con acto masivo en Coatzacoalcos<\/strong><\/p>\n<p>Por lo que hace a la virtual candidata de la coalici\u00f3n Morena-PVEM-PT-FXM (este \u00faltimo un partidito esquirol para tratar de restar votos al frente opositor), Roc\u00edo Nahle, iniciar\u00e1 su precampa\u00f1a este martes con un acto abierto y masivo en el parque Independencia de la ciudad de Coatzacoalcos, por la tarde.<\/p>\n<p>Su caso es similar al de Pepe Yunes pues no tiene competencia interna y es precandidata \u00fanica, pero tratar\u00e1 de dar una imagen de fuerza con una concentraci\u00f3n al estilo del gobierno cuitlahuista, que moviliza miles de acarreados para poder llenar sus actos.<\/p>\n<p>La se\u00f1ora Nahle adopt\u00f3 el lema \u201cPor Amor a Veracruz\u201d, con la clara intenci\u00f3n de congraciarse con los veracruzanos debido a su origen zacatecano.<\/p>\n<p>Extraoficialmente se sabe que quien le maneja el \u00e1rea de prensa es la joven Adriana Mu\u00f1oz Cabrera, reportera del puerto de Veracruz, y su coordinador de precampa\u00f1a es el alcalde con licencia de Mart\u00ednez de la Torre, Rodrigo Calder\u00f3n Salas, quien opera tanto en oficinas en Xalapa como en el puerto de Veracruz.<\/p>\n<p><strong>Gesto de civilidad pol\u00edtica<\/strong><\/p>\n<p>Por lo que viene, recupero un sucedido el pasado 21 de diciembre en la posada que ofreci\u00f3 el Congreso local a sus trabajadores.<\/p>\n<p>En una mesa de futbolito, colocada para diversi\u00f3n de los asistentes, de pronto se enfrentaron los diputados Juan Javier G\u00f3mez Cazar\u00edn, coordinador de la bancada de Morena, y Enrique Cambranis Torres, coordinador de la bancada del PAN. Cuando el guinda le anot\u00f3 un gol al azul, termin\u00f3 la jugada. Entonces ambos se dieron la mano y luego un abrazo en forma cordial.<\/p>\n<p>Me pregunt\u00e9 y me pregunto si esa actitud de ambos prevalecer\u00e1 ahora que van a la diputa por la gubernatura, el Senado y las diputaciones federales y locales. Ser\u00eda lo deseable, que tuvi\u00e9ramos un proceso electoral de altura, aunque tal vez sea pedir mucho, pero los pol\u00edticos al menos debieran intentarlo. No est\u00e1 por dem\u00e1s.<\/p>\n<p>Viendo el ambiente de esa tarde-noche, en el que Juan Javier, tambi\u00e9n presidente de la Junta de Coordinaci\u00f3n Pol\u00edtica, conviv\u00eda con los trabajadores y sus familias, en un gran ambiente festivo y en el que no faltaba nada para un festejo navide\u00f1o, pens\u00e9 en que le deja todo un paquete a quien lo suceda este a\u00f1o en el control camaral. Si quien lo supla en la responsabilidad no lo iguala o lo supera, los trabajadores lo van a extra\u00f1ar. Sin duda.<\/p>\n<p><strong>El viernes registrar\u00e1 MC a su candidata o candidato<\/strong><\/p>\n<p>Ser\u00e1 hasta el viernes cuando Movimiento Ciudadano registre ante el OPLE a su candidata o candidato a la gubernatura del estado.<\/p>\n<p>Este martes habr\u00e1 una reuni\u00f3n en la Ciudad de M\u00e9xico del dirigente estatal Sergio Gil Rull\u00e1n con la c\u00fapula nacional y es posible que se definan perfiles del que saldr\u00eda quien abanderar\u00e1 al partido naranja.<\/p>\n","protected":false},"excerpt":{"rendered":"<p>Prosa Aprisa\/Por Arturo Reyes Isidoro. Un d\u00eda antes de que venga el presidente Andr\u00e9s Manuel L\u00f3pez Obrador a encabezar el acto recordatorio de los m\u00e1rtires de R\u00edo Blanco el pr\u00f3ximo domingo, d\u00eda 7, la candidata presidencial de la coalici\u00f3n Fuerza y Coraz\u00f3n por M\u00e9xico, X\u00f3chitl G\u00e1lvez Ruiz, har\u00e1 lo mismo, pero en el tradicional acto conmemorativo de la promulgaci\u00f3n de la Ley Agraria de 1915, la primera del pa\u00eds, en el puerto de Veracruz. Ambas fechas hist\u00f3ricas servir\u00e1n de trasfondo al inicio, entre los representativos de las dos grandes fuerzas&hellip;<\/p>\n","protected":false},"author":1,"featured_media":0,"comment_status":"open","ping_status":"closed","sticky":false,"template":"","format":"standard","meta":{"footnotes":""},"categories":[8,10],"tags":[112],"class_list":["post-104666","post","type-post","status-publish","format-standard","hentry","category-opinion","category-prosa-aprisa","tag-arturo-reyes-isidoro"],"jetpack-related-posts":[],"_links":{"self":[{"href":"https:\/\/www.noticiasperfil.com\/index\/wp-json\/wp\/v2\/posts\/104666","targetHints":{"allow":["GET"]}}],"collection":[{"href":"https:\/\/www.noticiasperfil.com\/index\/wp-json\/wp\/v2\/posts"}],"about":[{"href":"https:\/\/www.noticiasperfil.com\/index\/wp-json\/wp\/v2\/types\/post"}],"author":[{"embeddable":true,"href":"https:\/\/www.noticiasperfil.com\/index\/wp-json\/wp\/v2\/users\/1"}],"replies":[{"embeddable":true,"href":"https:\/\/www.noticiasperfil.com\/index\/wp-json\/wp\/v2\/comments?post=104666"}],"version-history":[{"count":1,"href":"https:\/\/www.noticiasperfil.com\/index\/wp-json\/wp\/v2\/posts\/104666\/revisions"}],"predecessor-version":[{"id":104667,"href":"https:\/\/www.noticiasperfil.com\/index\/wp-json\/wp\/v2\/posts\/104666\/revisions\/104667"}],"wp:attachment":[{"href":"https:\/\/www.noticiasperfil.com\/index\/wp-json\/wp\/v2\/media?parent=104666"}],"wp:term":[{"taxonomy":"category","embeddable":true,"href":"https:\/\/www.noticiasperfil.com\/index\/wp-json\/wp\/v2\/categories?post=104666"},{"taxonomy":"post_tag","embeddable":true,"href":"https:\/\/www.noticiasperfil.com\/index\/wp-json\/wp\/v2\/tags?post=104666"}],"curies":[{"name":"wp","href":"https:\/\/api.w.org\/{rel}","templated":true}]}}