{"id":104668,"date":"2024-01-02T11:41:39","date_gmt":"2024-01-02T17:41:39","guid":{"rendered":"https:\/\/www.noticiasperfil.com\/index\/?p=104668"},"modified":"2024-01-02T11:41:39","modified_gmt":"2024-01-02T17:41:39","slug":"pepe-valencia-aspira","status":"publish","type":"post","link":"https:\/\/www.noticiasperfil.com\/index\/2024\/01\/02\/pepe-valencia-aspira\/","title":{"rendered":"Pepe Valencia aspira"},"content":{"rendered":"<p><img loading=\"lazy\" decoding=\"async\" class=\"aligncenter size-full wp-image-93558\" src=\"https:\/\/i2.wp.com\/www.noticiasperfil.com\/index\/wp-content\/uploads\/2022\/10\/sergio-gonzalez-levet.jpg?resize=600%2C436&#038;ssl=1\" alt=\"\" width=\"600\" height=\"436\" data-recalc-dims=\"1\" \/><\/p>\n<p><strong>Sin Tacto\/Por Sergio Gonz\u00e1lez Levet.<\/strong><\/p>\n<p>Jos\u00e9 Valencia S\u00e1nchez es una estrella que refulge en la pl\u00e9yade de periodistas que form\u00f3 desde Acayucan y para bien \u00c1ngel Leodegario Guti\u00e9rrez Castellanos (a quien recordamos con el honor del agradecimiento y con una sonrisa ante su humor siempre invicto).<\/p>\n<p>Pepe Valencia se forj\u00f3 entonces en el crisol de los reporteros que hoy est\u00e1n en peligro de extinci\u00f3n pero que sobreviven a fuerza de empe\u00f1o, de tozudez y de amor por el oficio. Se hizo grande al olor de la tinta y entre las prensas anta\u00f1onas, y logr\u00f3 perder todas las ingenuidades posibles, menos su acento cuenque\u00f1o, \u00e9se que de alguna manera le rebosa en sus textos impecables y en sus notas siempre profesionales, siempre cre\u00edbles, siempre apegadas a la realidad.<\/p>\n<p>Pepe Valencia sigui\u00f3 su carrera de joven comunicador en varios peri\u00f3dicos del tr\u00f3pico jarocho pero se consolid\u00f3 en Xalapa, al lado de Froyl\u00e1n Flores Cancela -el gran maestro de maestros- y de Rub\u00e9n Pabello Acosta, un singular empresario de los medios.<\/p>\n<p>Nuestro protagonista de hoy recorri\u00f3 todo el escalaf\u00f3n del periodismo escrito y lleg\u00f3 al alto sitial de ser director de varios peri\u00f3dicos -Diario de Xalapa, El Heraldo de Xalapa, Oye Veracruz-. Y tambi\u00e9n fue un multiplicador de talento en matutinos de la regi\u00f3n de C\u00f3rdoba-Orizaba.<\/p>\n<p>Amigo de sus amigos, el entra\u00f1able Pepe Valencia congrega en su alegre figura una larga serie de afectos entra\u00f1ables que lo hacen un comunicador tan afable como reconocido, tan querido como respetado. Levante usted en Xalapa una piedra en cualquier bache de los pocos que ha dejado vivos Ricardo Ahued -\u00a1es que eran tantos los que le deb\u00edamos a la estolidez de Hip\u00f3lito Rodr\u00edguez!-\u2026 levante usted un guijarro, dec\u00eda, y ah\u00ed encontrar\u00e1 a alguien que conoce y reconoce la labor de este periodista non.<\/p>\n<p>En un momento estelar de su carrera, Pepe Valencia se dej\u00f3 contagiar de la inquietud por la funci\u00f3n p\u00fablica y se adentr\u00f3 en la aventura de ser m\u00e1s de una vez candidato a Presidente Municipal de Xalapa y a diputado, con m\u00e1s entusiasmo que fortuna, cuando las leyes de la democracia eran otras.<\/p>\n<p>Pepe Valencia vuelve hoy a las justas andadas y aspira a ser candidato a diputado por Fuerza y Coraz\u00f3n de Veracruz en alguno de los distritos locales de Xalapa. Ah\u00ed, en la oposici\u00f3n, \u00e9l sabe que tiene historia, prestigio, aliados\u2026 votos. En el rejuego de las negociaciones, de los acomodos, de las conveniencias electorales, su nombre aparecer\u00e1 -est\u00e1 apareciendo ya- con buenas credenciales y una inmejorable oportunidad.<\/p>\n<p>Pepe Valencia, nuestro colega amigo (hablo por tantos reporteros de antes y de ahora), busca su camino en la representaci\u00f3n popular para, precisamente, representar con dignidad al gremio y a los ciudadanos de la capital, que ya ha sufrido tanto tiempo sin diputados reales.<\/p>\n<p>Pepe Valencia aspira.<\/p>\n<p>Pepe Valencia est\u00e1 presente.<\/p>\n<p>&nbsp;<\/p>\n<p><a href=\"mailto:sglevet@gmail.com\">sglevet@gmail.com<\/a><\/p>\n","protected":false},"excerpt":{"rendered":"<p>Sin Tacto\/Por Sergio Gonz\u00e1lez Levet. Jos\u00e9 Valencia S\u00e1nchez es una estrella que refulge en la pl\u00e9yade de periodistas que form\u00f3 desde Acayucan y para bien \u00c1ngel Leodegario Guti\u00e9rrez Castellanos (a quien recordamos con el honor del agradecimiento y con una sonrisa ante su humor siempre invicto). Pepe Valencia se forj\u00f3 entonces en el crisol de los reporteros que hoy est\u00e1n en peligro de extinci\u00f3n pero que sobreviven a fuerza de empe\u00f1o, de tozudez y de amor por el oficio. Se hizo grande al olor de la tinta y entre las&hellip;<\/p>\n","protected":false},"author":1,"featured_media":0,"comment_status":"open","ping_status":"closed","sticky":false,"template":"","format":"standard","meta":{"footnotes":""},"categories":[8,14],"tags":[1332],"class_list":["post-104668","post","type-post","status-publish","format-standard","hentry","category-opinion","category-sin-tacto","tag-sergio-gonzalez-levet"],"jetpack-related-posts":[],"_links":{"self":[{"href":"https:\/\/www.noticiasperfil.com\/index\/wp-json\/wp\/v2\/posts\/104668","targetHints":{"allow":["GET"]}}],"collection":[{"href":"https:\/\/www.noticiasperfil.com\/index\/wp-json\/wp\/v2\/posts"}],"about":[{"href":"https:\/\/www.noticiasperfil.com\/index\/wp-json\/wp\/v2\/types\/post"}],"author":[{"embeddable":true,"href":"https:\/\/www.noticiasperfil.com\/index\/wp-json\/wp\/v2\/users\/1"}],"replies":[{"embeddable":true,"href":"https:\/\/www.noticiasperfil.com\/index\/wp-json\/wp\/v2\/comments?post=104668"}],"version-history":[{"count":1,"href":"https:\/\/www.noticiasperfil.com\/index\/wp-json\/wp\/v2\/posts\/104668\/revisions"}],"predecessor-version":[{"id":104669,"href":"https:\/\/www.noticiasperfil.com\/index\/wp-json\/wp\/v2\/posts\/104668\/revisions\/104669"}],"wp:attachment":[{"href":"https:\/\/www.noticiasperfil.com\/index\/wp-json\/wp\/v2\/media?parent=104668"}],"wp:term":[{"taxonomy":"category","embeddable":true,"href":"https:\/\/www.noticiasperfil.com\/index\/wp-json\/wp\/v2\/categories?post=104668"},{"taxonomy":"post_tag","embeddable":true,"href":"https:\/\/www.noticiasperfil.com\/index\/wp-json\/wp\/v2\/tags?post=104668"}],"curies":[{"name":"wp","href":"https:\/\/api.w.org\/{rel}","templated":true}]}}