{"id":104676,"date":"2024-01-02T13:04:36","date_gmt":"2024-01-02T19:04:36","guid":{"rendered":"https:\/\/www.noticiasperfil.com\/index\/?p=104676"},"modified":"2024-01-02T13:04:36","modified_gmt":"2024-01-02T19:04:36","slug":"anuncia-gobernador-descuentos-en-pago-de-tenencia-vehicular","status":"publish","type":"post","link":"https:\/\/www.noticiasperfil.com\/index\/2024\/01\/02\/anuncia-gobernador-descuentos-en-pago-de-tenencia-vehicular\/","title":{"rendered":"Anuncia Gobernador descuentos en pago de tenencia vehicular"},"content":{"rendered":"<p><img loading=\"lazy\" decoding=\"async\" data-attachment-id=\"104677\" data-permalink=\"https:\/\/www.noticiasperfil.com\/index\/2024\/01\/02\/anuncia-gobernador-descuentos-en-pago-de-tenencia-vehicular\/cuitlahuac-garcia-184\/\" data-orig-file=\"https:\/\/i1.wp.com\/www.noticiasperfil.com\/index\/wp-content\/uploads\/2024\/01\/cuitlahuac-garcia.jpg?fit=845%2C539&amp;ssl=1\" data-orig-size=\"845,539\" data-comments-opened=\"1\" data-image-meta=\"{&quot;aperture&quot;:&quot;0&quot;,&quot;credit&quot;:&quot;&quot;,&quot;camera&quot;:&quot;&quot;,&quot;caption&quot;:&quot;&quot;,&quot;created_timestamp&quot;:&quot;0&quot;,&quot;copyright&quot;:&quot;&quot;,&quot;focal_length&quot;:&quot;0&quot;,&quot;iso&quot;:&quot;0&quot;,&quot;shutter_speed&quot;:&quot;0&quot;,&quot;title&quot;:&quot;&quot;,&quot;orientation&quot;:&quot;0&quot;}\" data-image-title=\"cuitlahuac-garcia\" data-image-description=\"\" data-medium-file=\"https:\/\/i1.wp.com\/www.noticiasperfil.com\/index\/wp-content\/uploads\/2024\/01\/cuitlahuac-garcia.jpg?fit=660%2C365&amp;ssl=1\" data-large-file=\"https:\/\/i1.wp.com\/www.noticiasperfil.com\/index\/wp-content\/uploads\/2024\/01\/cuitlahuac-garcia.jpg?fit=640%2C366&amp;ssl=1\" class=\"aligncenter size-full wp-image-104677\" src=\"https:\/\/i1.wp.com\/www.noticiasperfil.com\/index\/wp-content\/uploads\/2024\/01\/cuitlahuac-garcia.jpg?resize=640%2C408&#038;ssl=1\" alt=\"\" width=\"640\" height=\"408\" data-recalc-dims=\"1\" \/><\/p>\n<p>Xalapa, Ver.- El gobernador Cuitl\u00e1huac Garc\u00eda Jim\u00e9nez, adelant\u00f3 descuentos para el pago de la tenencia vehicular.<br \/>\n\u00abAhora habr\u00e1 un descuento adicional para enero, por eso vendr\u00e1 el jueves el secretario de Finanzas, Jos\u00e9 Luis Lima Franco, y nos d\u00e9 el detalle de manera directa\u00bb.<\/p>\n<p>Sin adelantar los detalles y el costo de pago para este a\u00f1o, precis\u00f3 que ser\u00e1 el secretario de Finanzas, Jos\u00e9 Luis Lima Franco, qui\u00e9n de a conocer la informaci\u00f3n al respecto.<\/p>\n<p>En conferencia de prensa, el gobernador Cuitl\u00e1huac Garc\u00eda Jim\u00e9nez, resalt\u00f3 que antes de poder tener acceso a los descuentos, los due\u00f1os de autom\u00f3viles tendr\u00e1n que cumplir con la verificaci\u00f3n veh\u00edcular.<\/p>\n<p>\u00abPagando esa verificaci\u00f3n veh\u00edcular se adquiere el derecho de condonaci\u00f3n de la tenencia vehicular\u00bb.<\/p>\n","protected":false},"excerpt":{"rendered":"<p>Xalapa, Ver.- El gobernador Cuitl\u00e1huac Garc\u00eda Jim\u00e9nez, adelant\u00f3 descuentos para el pago de la tenencia vehicular. \u00abAhora habr\u00e1 un descuento adicional para enero, por eso vendr\u00e1 el jueves el secretario de Finanzas, Jos\u00e9 Luis Lima Franco, y nos d\u00e9 el detalle de manera directa\u00bb. Sin adelantar los detalles y el costo de pago para este a\u00f1o, precis\u00f3 que ser\u00e1 el secretario de Finanzas, Jos\u00e9 Luis Lima Franco, qui\u00e9n de a conocer la informaci\u00f3n al respecto. En conferencia de prensa, el gobernador Cuitl\u00e1huac Garc\u00eda Jim\u00e9nez, resalt\u00f3 que antes de poder tener&hellip;<\/p>\n","protected":false},"author":1,"featured_media":104677,"comment_status":"open","ping_status":"closed","sticky":false,"template":"","format":"standard","meta":{"footnotes":""},"categories":[3,4],"tags":[339],"class_list":["post-104676","post","type-post","status-publish","format-standard","has-post-thumbnail","hentry","category-destacadas","category-estatal","tag-cuitlahuac-garcia-jimenez"],"jetpack-related-posts":[],"_links":{"self":[{"href":"https:\/\/www.noticiasperfil.com\/index\/wp-json\/wp\/v2\/posts\/104676","targetHints":{"allow":["GET"]}}],"collection":[{"href":"https:\/\/www.noticiasperfil.com\/index\/wp-json\/wp\/v2\/posts"}],"about":[{"href":"https:\/\/www.noticiasperfil.com\/index\/wp-json\/wp\/v2\/types\/post"}],"author":[{"embeddable":true,"href":"https:\/\/www.noticiasperfil.com\/index\/wp-json\/wp\/v2\/users\/1"}],"replies":[{"embeddable":true,"href":"https:\/\/www.noticiasperfil.com\/index\/wp-json\/wp\/v2\/comments?post=104676"}],"version-history":[{"count":1,"href":"https:\/\/www.noticiasperfil.com\/index\/wp-json\/wp\/v2\/posts\/104676\/revisions"}],"predecessor-version":[{"id":104678,"href":"https:\/\/www.noticiasperfil.com\/index\/wp-json\/wp\/v2\/posts\/104676\/revisions\/104678"}],"wp:featuredmedia":[{"embeddable":true,"href":"https:\/\/www.noticiasperfil.com\/index\/wp-json\/wp\/v2\/media\/104677"}],"wp:attachment":[{"href":"https:\/\/www.noticiasperfil.com\/index\/wp-json\/wp\/v2\/media?parent=104676"}],"wp:term":[{"taxonomy":"category","embeddable":true,"href":"https:\/\/www.noticiasperfil.com\/index\/wp-json\/wp\/v2\/categories?post=104676"},{"taxonomy":"post_tag","embeddable":true,"href":"https:\/\/www.noticiasperfil.com\/index\/wp-json\/wp\/v2\/tags?post=104676"}],"curies":[{"name":"wp","href":"https:\/\/api.w.org\/{rel}","templated":true}]}}