{"id":104679,"date":"2024-01-02T13:27:56","date_gmt":"2024-01-02T19:27:56","guid":{"rendered":"https:\/\/www.noticiasperfil.com\/index\/?p=104679"},"modified":"2024-01-02T13:27:56","modified_gmt":"2024-01-02T19:27:56","slug":"amlo-en-veracruz-el-proximo-7-de-enero","status":"publish","type":"post","link":"https:\/\/www.noticiasperfil.com\/index\/2024\/01\/02\/amlo-en-veracruz-el-proximo-7-de-enero\/","title":{"rendered":"AMLO en Veracruz el pr\u00f3ximo 7 de enero"},"content":{"rendered":"<p><img loading=\"lazy\" decoding=\"async\" data-attachment-id=\"104680\" data-permalink=\"https:\/\/www.noticiasperfil.com\/index\/2024\/01\/02\/amlo-en-veracruz-el-proximo-7-de-enero\/cuitlahuac-garcia-02-58\/\" data-orig-file=\"https:\/\/i0.wp.com\/www.noticiasperfil.com\/index\/wp-content\/uploads\/2024\/01\/cuitlahuac-garcia-02.jpg?fit=812%2C545&amp;ssl=1\" data-orig-size=\"812,545\" data-comments-opened=\"1\" data-image-meta=\"{&quot;aperture&quot;:&quot;0&quot;,&quot;credit&quot;:&quot;&quot;,&quot;camera&quot;:&quot;&quot;,&quot;caption&quot;:&quot;&quot;,&quot;created_timestamp&quot;:&quot;0&quot;,&quot;copyright&quot;:&quot;&quot;,&quot;focal_length&quot;:&quot;0&quot;,&quot;iso&quot;:&quot;0&quot;,&quot;shutter_speed&quot;:&quot;0&quot;,&quot;title&quot;:&quot;&quot;,&quot;orientation&quot;:&quot;0&quot;}\" data-image-title=\"cuitlahuac-garcia-02\" data-image-description=\"\" data-medium-file=\"https:\/\/i0.wp.com\/www.noticiasperfil.com\/index\/wp-content\/uploads\/2024\/01\/cuitlahuac-garcia-02.jpg?fit=660%2C365&amp;ssl=1\" data-large-file=\"https:\/\/i0.wp.com\/www.noticiasperfil.com\/index\/wp-content\/uploads\/2024\/01\/cuitlahuac-garcia-02.jpg?fit=640%2C378&amp;ssl=1\" class=\"aligncenter size-full wp-image-104680\" src=\"https:\/\/i0.wp.com\/www.noticiasperfil.com\/index\/wp-content\/uploads\/2024\/01\/cuitlahuac-garcia-02.jpg?resize=640%2C430&#038;ssl=1\" alt=\"\" width=\"640\" height=\"430\" data-recalc-dims=\"1\" \/><\/p>\n<p>Xalapa, Ver.- El gobernador Cuitl\u00e1huac Garc\u00eda Jim\u00e9nez, inform\u00f3 que este pr\u00f3ximo domingo 7 de enero el presidente Andr\u00e9s Manuel L\u00f3pez Obrador, encabezar\u00e1 la ceremonia de conmemoraci\u00f3n de los M\u00e1rtires de R\u00edo Blanco.<\/p>\n<p>\u00abAhora viene el presidente a conmemorar este paisaje hist\u00f3rico. Le agradecemos mucho que haga est\u00e1 visita a nuestro estado, sobre todo en esta fecha tan importante\u00bb.<\/p>\n<p>En conferencia de prensa, el gobernador Cuitl\u00e1huac Garc\u00eda Jim\u00e9nez, destac\u00f3 que el gobierno federal \u00abde las cosas que ha logrado es la reforma laboral, sino tambi\u00e9n de impulsar el salario m\u00ednimo que ha crecido de manera real.\u00bb<\/p>\n<p>Existe, dijo, un crecimiento de poder adquisitivo \u00aby eso se ha logrado en este gobierno y ha sido una de las pol\u00edticas que nos hace diferente a la \u00e9poca neoliberal\u00bb.<\/p>\n<p>La huelga obrera textil de R\u00edo Blanco, comenz\u00f3 el 7 de enero de 1907, cuando miles de obreros se levantaron en contra de las decisiones que hab\u00eda tomado el gobierno del Presidente Porfirio D\u00edaz quien tras recibir las demandas de varias industrias, se pronunci\u00f3 a favor de los patrones, provocando que ese d\u00eda los obreros se unieran en huelga para exigir mejores condiciones laborales y salariales.<\/p>\n<p>Este hecho result\u00f3 de relevancia, ya que los trabajadores fueron duramente reprimidos, lo que trajo consigo detenciones y asesinatos de los l\u00edderes del movimiento, sum\u00e1ndose as\u00ed a los factores que propiciaron el estallido del movimiento revolucionario en 1910.<\/p>\n","protected":false},"excerpt":{"rendered":"<p>Xalapa, Ver.- El gobernador Cuitl\u00e1huac Garc\u00eda Jim\u00e9nez, inform\u00f3 que este pr\u00f3ximo domingo 7 de enero el presidente Andr\u00e9s Manuel L\u00f3pez Obrador, encabezar\u00e1 la ceremonia de conmemoraci\u00f3n de los M\u00e1rtires de R\u00edo Blanco. \u00abAhora viene el presidente a conmemorar este paisaje hist\u00f3rico. Le agradecemos mucho que haga est\u00e1 visita a nuestro estado, sobre todo en esta fecha tan importante\u00bb. En conferencia de prensa, el gobernador Cuitl\u00e1huac Garc\u00eda Jim\u00e9nez, destac\u00f3 que el gobierno federal \u00abde las cosas que ha logrado es la reforma laboral, sino tambi\u00e9n de impulsar el salario m\u00ednimo que&hellip;<\/p>\n","protected":false},"author":1,"featured_media":104680,"comment_status":"open","ping_status":"closed","sticky":false,"template":"","format":"standard","meta":{"footnotes":""},"categories":[3,4],"tags":[86,339],"class_list":["post-104679","post","type-post","status-publish","format-standard","has-post-thumbnail","hentry","category-destacadas","category-estatal","tag-andres-manuel-lopez-obrador","tag-cuitlahuac-garcia-jimenez"],"jetpack-related-posts":[],"_links":{"self":[{"href":"https:\/\/www.noticiasperfil.com\/index\/wp-json\/wp\/v2\/posts\/104679","targetHints":{"allow":["GET"]}}],"collection":[{"href":"https:\/\/www.noticiasperfil.com\/index\/wp-json\/wp\/v2\/posts"}],"about":[{"href":"https:\/\/www.noticiasperfil.com\/index\/wp-json\/wp\/v2\/types\/post"}],"author":[{"embeddable":true,"href":"https:\/\/www.noticiasperfil.com\/index\/wp-json\/wp\/v2\/users\/1"}],"replies":[{"embeddable":true,"href":"https:\/\/www.noticiasperfil.com\/index\/wp-json\/wp\/v2\/comments?post=104679"}],"version-history":[{"count":1,"href":"https:\/\/www.noticiasperfil.com\/index\/wp-json\/wp\/v2\/posts\/104679\/revisions"}],"predecessor-version":[{"id":104681,"href":"https:\/\/www.noticiasperfil.com\/index\/wp-json\/wp\/v2\/posts\/104679\/revisions\/104681"}],"wp:featuredmedia":[{"embeddable":true,"href":"https:\/\/www.noticiasperfil.com\/index\/wp-json\/wp\/v2\/media\/104680"}],"wp:attachment":[{"href":"https:\/\/www.noticiasperfil.com\/index\/wp-json\/wp\/v2\/media?parent=104679"}],"wp:term":[{"taxonomy":"category","embeddable":true,"href":"https:\/\/www.noticiasperfil.com\/index\/wp-json\/wp\/v2\/categories?post=104679"},{"taxonomy":"post_tag","embeddable":true,"href":"https:\/\/www.noticiasperfil.com\/index\/wp-json\/wp\/v2\/tags?post=104679"}],"curies":[{"name":"wp","href":"https:\/\/api.w.org\/{rel}","templated":true}]}}