{"id":104682,"date":"2024-01-03T15:26:06","date_gmt":"2024-01-03T21:26:06","guid":{"rendered":"https:\/\/www.noticiasperfil.com\/index\/?p=104682"},"modified":"2024-01-03T15:26:06","modified_gmt":"2024-01-03T21:26:06","slug":"solo-5-ayuntamientos-estan-en-el-programa-piloto-de-cobros-de-multas-de-transito-de-forma-electronica","status":"publish","type":"post","link":"https:\/\/www.noticiasperfil.com\/index\/2024\/01\/03\/solo-5-ayuntamientos-estan-en-el-programa-piloto-de-cobros-de-multas-de-transito-de-forma-electronica\/","title":{"rendered":"S\u00f3lo 5 ayuntamientos est\u00e1n en el programa piloto de cobros de multas de tr\u00e1nsito de forma electr\u00f3nica"},"content":{"rendered":"<p><img loading=\"lazy\" decoding=\"async\" data-attachment-id=\"104683\" data-permalink=\"https:\/\/www.noticiasperfil.com\/index\/2024\/01\/03\/solo-5-ayuntamientos-estan-en-el-programa-piloto-de-cobros-de-multas-de-transito-de-forma-electronica\/cuitlahuac-garcia-jimenez-125\/\" data-orig-file=\"https:\/\/i2.wp.com\/www.noticiasperfil.com\/index\/wp-content\/uploads\/2024\/01\/cuitlahuac-garcia-jimenez.jpg?fit=720%2C471&amp;ssl=1\" data-orig-size=\"720,471\" data-comments-opened=\"1\" data-image-meta=\"{&quot;aperture&quot;:&quot;0&quot;,&quot;credit&quot;:&quot;&quot;,&quot;camera&quot;:&quot;&quot;,&quot;caption&quot;:&quot;&quot;,&quot;created_timestamp&quot;:&quot;0&quot;,&quot;copyright&quot;:&quot;&quot;,&quot;focal_length&quot;:&quot;0&quot;,&quot;iso&quot;:&quot;0&quot;,&quot;shutter_speed&quot;:&quot;0&quot;,&quot;title&quot;:&quot;&quot;,&quot;orientation&quot;:&quot;0&quot;}\" data-image-title=\"cuitlahuac-garcia-jimenez\" data-image-description=\"\" data-medium-file=\"https:\/\/i2.wp.com\/www.noticiasperfil.com\/index\/wp-content\/uploads\/2024\/01\/cuitlahuac-garcia-jimenez.jpg?fit=660%2C365&amp;ssl=1\" data-large-file=\"https:\/\/i2.wp.com\/www.noticiasperfil.com\/index\/wp-content\/uploads\/2024\/01\/cuitlahuac-garcia-jimenez.jpg?fit=640%2C419&amp;ssl=1\" class=\"aligncenter size-full wp-image-104683\" src=\"https:\/\/i2.wp.com\/www.noticiasperfil.com\/index\/wp-content\/uploads\/2024\/01\/cuitlahuac-garcia-jimenez.jpg?resize=640%2C419&#038;ssl=1\" alt=\"\" width=\"640\" height=\"419\" data-recalc-dims=\"1\" \/><\/p>\n<ul>\n<li><em><strong>\u00abEsperemos que m\u00e1s municipios est\u00e9n a la disposici\u00f3n\u00bb, conf\u00eda gobernador Cuitl\u00e1huac.<\/strong><\/em><\/li>\n<\/ul>\n<p>XALAPA, VER.- El gobernador Cuitl\u00e1huac Garc\u00eda Jim\u00e9nez, inform\u00f3 que los municipios de Xalapa, Coatepec, Emiliano Zapata, Banderilla y San Andr\u00e9s Tlalnelhuayocan, est\u00e1n en el programa piloto para el cobro de multas de tr\u00e1nsito de manera electr\u00f3nica.<\/p>\n<p>\u00abEsperamos que m\u00e1s municipios est\u00e9n en la disposici\u00f3n\u00bb.<\/p>\n<p>De ah\u00ed que \u00abhasta ahorita son Xalapa y los de alrededor, estamos hablando de Coatepec, Emiliano Zapata, San Andr\u00e9s Tlanehuayocan y me parece que Banderilla\u00bb.<\/p>\n<p>El gobernador Cuitl\u00e1huac Garc\u00eda Jim\u00e9nez, adelant\u00f3 que una vez que concluya el programa piloto se har\u00e1n los reajustes necesarios.<\/p>\n<p>\u00abVamos a informarle, porque una vez que concluya el programa piloto hacemos un reajuste y vamos para adelante en ese aspecto\u00bb.<\/p>\n<p>De acuerdo con la propuesta del gobernador Cuitl\u00e1huac Garc\u00eda Jim\u00e9nez, ahora los automovilistas que cometan alguna falta al reglamento de Tr\u00e1nsito podr\u00e1n pagar su multa al instante de ser infraccionados; de esta manera se evitar\u00e1n tr\u00e1mites, demoras y actos de corrupci\u00f3n.<\/p>\n","protected":false},"excerpt":{"rendered":"<p>\u00abEsperemos que m\u00e1s municipios est\u00e9n a la disposici\u00f3n\u00bb, conf\u00eda gobernador Cuitl\u00e1huac. XALAPA, VER.- El gobernador Cuitl\u00e1huac Garc\u00eda Jim\u00e9nez, inform\u00f3 que los municipios de Xalapa, Coatepec, Emiliano Zapata, Banderilla y San Andr\u00e9s Tlalnelhuayocan, est\u00e1n en el programa piloto para el cobro de multas de tr\u00e1nsito de manera electr\u00f3nica. \u00abEsperamos que m\u00e1s municipios est\u00e9n en la disposici\u00f3n\u00bb. De ah\u00ed que \u00abhasta ahorita son Xalapa y los de alrededor, estamos hablando de Coatepec, Emiliano Zapata, San Andr\u00e9s Tlanehuayocan y me parece que Banderilla\u00bb. El gobernador Cuitl\u00e1huac Garc\u00eda Jim\u00e9nez, adelant\u00f3 que una vez que&hellip;<\/p>\n","protected":false},"author":1,"featured_media":104683,"comment_status":"open","ping_status":"closed","sticky":false,"template":"","format":"standard","meta":{"footnotes":""},"categories":[3,4],"tags":[339],"class_list":["post-104682","post","type-post","status-publish","format-standard","has-post-thumbnail","hentry","category-destacadas","category-estatal","tag-cuitlahuac-garcia-jimenez"],"jetpack-related-posts":[],"_links":{"self":[{"href":"https:\/\/www.noticiasperfil.com\/index\/wp-json\/wp\/v2\/posts\/104682","targetHints":{"allow":["GET"]}}],"collection":[{"href":"https:\/\/www.noticiasperfil.com\/index\/wp-json\/wp\/v2\/posts"}],"about":[{"href":"https:\/\/www.noticiasperfil.com\/index\/wp-json\/wp\/v2\/types\/post"}],"author":[{"embeddable":true,"href":"https:\/\/www.noticiasperfil.com\/index\/wp-json\/wp\/v2\/users\/1"}],"replies":[{"embeddable":true,"href":"https:\/\/www.noticiasperfil.com\/index\/wp-json\/wp\/v2\/comments?post=104682"}],"version-history":[{"count":1,"href":"https:\/\/www.noticiasperfil.com\/index\/wp-json\/wp\/v2\/posts\/104682\/revisions"}],"predecessor-version":[{"id":104684,"href":"https:\/\/www.noticiasperfil.com\/index\/wp-json\/wp\/v2\/posts\/104682\/revisions\/104684"}],"wp:featuredmedia":[{"embeddable":true,"href":"https:\/\/www.noticiasperfil.com\/index\/wp-json\/wp\/v2\/media\/104683"}],"wp:attachment":[{"href":"https:\/\/www.noticiasperfil.com\/index\/wp-json\/wp\/v2\/media?parent=104682"}],"wp:term":[{"taxonomy":"category","embeddable":true,"href":"https:\/\/www.noticiasperfil.com\/index\/wp-json\/wp\/v2\/categories?post=104682"},{"taxonomy":"post_tag","embeddable":true,"href":"https:\/\/www.noticiasperfil.com\/index\/wp-json\/wp\/v2\/tags?post=104682"}],"curies":[{"name":"wp","href":"https:\/\/api.w.org\/{rel}","templated":true}]}}