{"id":104690,"date":"2024-01-03T15:52:55","date_gmt":"2024-01-03T21:52:55","guid":{"rendered":"https:\/\/www.noticiasperfil.com\/index\/?p=104690"},"modified":"2024-01-03T15:52:55","modified_gmt":"2024-01-03T21:52:55","slug":"coordinador-de-campana-de-rocio-nahle-abre-las-puertas-a-quienes-quieran-sumarse-al-proyecto-morenista","status":"publish","type":"post","link":"https:\/\/www.noticiasperfil.com\/index\/2024\/01\/03\/coordinador-de-campana-de-rocio-nahle-abre-las-puertas-a-quienes-quieran-sumarse-al-proyecto-morenista\/","title":{"rendered":"Coordinador de campa\u00f1a de Roc\u00edo Nahle abre las puertas a quienes quieran sumarse al proyecto morenista"},"content":{"rendered":"<p><img loading=\"lazy\" decoding=\"async\" data-attachment-id=\"104691\" data-permalink=\"https:\/\/www.noticiasperfil.com\/index\/2024\/01\/03\/coordinador-de-campana-de-rocio-nahle-abre-las-puertas-a-quienes-quieran-sumarse-al-proyecto-morenista\/rodrigo-calderon\/\" data-orig-file=\"https:\/\/i0.wp.com\/www.noticiasperfil.com\/index\/wp-content\/uploads\/2024\/01\/rodrigo-calderon.jpg?fit=720%2C480&amp;ssl=1\" data-orig-size=\"720,480\" data-comments-opened=\"1\" data-image-meta=\"{&quot;aperture&quot;:&quot;0&quot;,&quot;credit&quot;:&quot;&quot;,&quot;camera&quot;:&quot;&quot;,&quot;caption&quot;:&quot;&quot;,&quot;created_timestamp&quot;:&quot;0&quot;,&quot;copyright&quot;:&quot;&quot;,&quot;focal_length&quot;:&quot;0&quot;,&quot;iso&quot;:&quot;0&quot;,&quot;shutter_speed&quot;:&quot;0&quot;,&quot;title&quot;:&quot;&quot;,&quot;orientation&quot;:&quot;0&quot;}\" data-image-title=\"rodrigo-calderon\" data-image-description=\"\" data-medium-file=\"https:\/\/i0.wp.com\/www.noticiasperfil.com\/index\/wp-content\/uploads\/2024\/01\/rodrigo-calderon.jpg?fit=660%2C365&amp;ssl=1\" data-large-file=\"https:\/\/i0.wp.com\/www.noticiasperfil.com\/index\/wp-content\/uploads\/2024\/01\/rodrigo-calderon.jpg?fit=640%2C427&amp;ssl=1\" class=\"aligncenter size-full wp-image-104691\" src=\"https:\/\/i0.wp.com\/www.noticiasperfil.com\/index\/wp-content\/uploads\/2024\/01\/rodrigo-calderon.jpg?resize=640%2C427&#038;ssl=1\" alt=\"\" width=\"640\" height=\"427\" data-recalc-dims=\"1\" \/><\/p>\n<ol>\n<li><em><strong>Rodrigo Calder\u00f3n Salas, alcalde de Mart\u00ednez de la Torre con licencia, se descart\u00f3 a un cargo de elecci\u00f3n popular o en caso de ganar Morena la gubernatura, la secretaria de Gobierno.<\/strong><\/em><\/li>\n<\/ol>\n<p>Xalapa, Ver.- Rodrigo Calder\u00f3n Salas, coordinador de la campa\u00f1a de la candidata a la gubernatura, Roc\u00edo Nahle, precis\u00f3 que las puertas del partido est\u00e1n abiertas a todos los priistas que quieran adherirse al proyecto de MORENA.<\/p>\n<p>\u00abSiempre que no tengan nada contra la justicia o deban algo y contra el mismo gobierno, no creo que se les cierre la puerta, es mi opini\u00f3n personal\u00bb.<\/p>\n<p>En entrevista, el alcalde de Mart\u00ednez de la Torre con licencia, se descart\u00f3 a un cargo de elecci\u00f3n popular o en caso de ganar Morena la gubernatura, la secretaria de Gobierno.<\/p>\n<p>\u00abNo me vislumbro para un cargo, terminando aqu\u00ed regresar\u00e9 a mi municipio querido, todav\u00eda eso no est\u00e1 en mi mente\u00bb.<br \/>\nAsimismo, Calder\u00f3n Salas asegur\u00f3 que no habr\u00e1 necesidad de realizar una operaci\u00f3n cicatriz en Veracruz una vez que se conozcan los nombres de los aspirantes a diputados federales y locales.<\/p>\n<p>\u00abNormalmente los morenistas que est\u00e1n para un cargo y no quedan, saben que hay muchas cosas que hacer en nuestro movimiento, entonces no habr\u00e1 necesidad de operaci\u00f3n cicatriz, porque no vamos por un cargo, sino por continuar con la cuarta transformaci\u00f3n, no se requiere tener un cargo.\u00bb<\/p>\n<p>Destac\u00f3 que el diputado Juan Javier G\u00f3mez Cazar\u00edn, \u00absigue siendo parte de la estructura, andamos juntos, todo esto es en equipo, nadie est\u00e1 arriba o abajo, todos funcionamos como uno solo para apoyar a nuestra precandidata\u00bb.<\/p>\n<p>El presidente municipal de Mart\u00ednez de la Torre, Rodrigo Calder\u00f3n Salas, anunci\u00f3 que a partir del 2 de enero dejar\u00e1 temporalmente su cargo para sumarse a la precampa\u00f1a de Roc\u00edo Nahle Garc\u00eda, candidata de Morena a la gubernatura de Veracruz.<\/p>\n<p>Calder\u00f3n Salas retomar\u00e1 sus funciones como mun\u00edcipe el 15 de febrero, delegando temporalmente su responsabilidad a la s\u00edndica \u00fanica, Alfa Citlali \u00c1lvarez V\u00e1zquez, quien asumir\u00e1 como encargada de despacho.<\/p>\n","protected":false},"excerpt":{"rendered":"<p>Rodrigo Calder\u00f3n Salas, alcalde de Mart\u00ednez de la Torre con licencia, se descart\u00f3 a un cargo de elecci\u00f3n popular o en caso de ganar Morena la gubernatura, la secretaria de Gobierno. Xalapa, Ver.- Rodrigo Calder\u00f3n Salas, coordinador de la campa\u00f1a de la candidata a la gubernatura, Roc\u00edo Nahle, precis\u00f3 que las puertas del partido est\u00e1n abiertas a todos los priistas que quieran adherirse al proyecto de MORENA. \u00abSiempre que no tengan nada contra la justicia o deban algo y contra el mismo gobierno, no creo que se les cierre la&hellip;<\/p>\n","protected":false},"author":1,"featured_media":104691,"comment_status":"open","ping_status":"closed","sticky":false,"template":"","format":"standard","meta":{"footnotes":""},"categories":[3,4],"tags":[3387,10351],"class_list":["post-104690","post","type-post","status-publish","format-standard","has-post-thumbnail","hentry","category-destacadas","category-estatal","tag-rocio-nahle-garcia","tag-rodrigo-calderon-salas"],"jetpack-related-posts":[],"_links":{"self":[{"href":"https:\/\/www.noticiasperfil.com\/index\/wp-json\/wp\/v2\/posts\/104690","targetHints":{"allow":["GET"]}}],"collection":[{"href":"https:\/\/www.noticiasperfil.com\/index\/wp-json\/wp\/v2\/posts"}],"about":[{"href":"https:\/\/www.noticiasperfil.com\/index\/wp-json\/wp\/v2\/types\/post"}],"author":[{"embeddable":true,"href":"https:\/\/www.noticiasperfil.com\/index\/wp-json\/wp\/v2\/users\/1"}],"replies":[{"embeddable":true,"href":"https:\/\/www.noticiasperfil.com\/index\/wp-json\/wp\/v2\/comments?post=104690"}],"version-history":[{"count":1,"href":"https:\/\/www.noticiasperfil.com\/index\/wp-json\/wp\/v2\/posts\/104690\/revisions"}],"predecessor-version":[{"id":104692,"href":"https:\/\/www.noticiasperfil.com\/index\/wp-json\/wp\/v2\/posts\/104690\/revisions\/104692"}],"wp:featuredmedia":[{"embeddable":true,"href":"https:\/\/www.noticiasperfil.com\/index\/wp-json\/wp\/v2\/media\/104691"}],"wp:attachment":[{"href":"https:\/\/www.noticiasperfil.com\/index\/wp-json\/wp\/v2\/media?parent=104690"}],"wp:term":[{"taxonomy":"category","embeddable":true,"href":"https:\/\/www.noticiasperfil.com\/index\/wp-json\/wp\/v2\/categories?post=104690"},{"taxonomy":"post_tag","embeddable":true,"href":"https:\/\/www.noticiasperfil.com\/index\/wp-json\/wp\/v2\/tags?post=104690"}],"curies":[{"name":"wp","href":"https:\/\/api.w.org\/{rel}","templated":true}]}}