{"id":104693,"date":"2024-01-03T16:06:30","date_gmt":"2024-01-03T22:06:30","guid":{"rendered":"https:\/\/www.noticiasperfil.com\/index\/?p=104693"},"modified":"2024-01-03T16:06:30","modified_gmt":"2024-01-03T22:06:30","slug":"pepe-yunes-y-los-jovenes","status":"publish","type":"post","link":"https:\/\/www.noticiasperfil.com\/index\/2024\/01\/03\/pepe-yunes-y-los-jovenes\/","title":{"rendered":"Pepe Yunes y los j\u00f3venes"},"content":{"rendered":"<p><img loading=\"lazy\" decoding=\"async\" class=\"aligncenter size-full wp-image-93561\" src=\"https:\/\/i1.wp.com\/www.noticiasperfil.com\/index\/wp-content\/uploads\/2022\/10\/punto-de-vista.jpg?resize=600%2C396&#038;ssl=1\" alt=\"\" width=\"600\" height=\"396\" data-recalc-dims=\"1\" \/><\/p>\n<p><strong>Punto de Vista\/Por Filiberto Vargas Rodr\u00edguez.<\/strong><\/p>\n<p class=\"x_MsoNormal\"><strong class=\"x_ContentPasted0\">Prefacio.\u00a0<\/strong><\/p>\n<p class=\"x_MsoNormal x_ContentPasted0\">Ser \u201cveracruzano de verdad\u201d es, para Pepe Yunes, mucho m\u00e1s que un simple slogan de campa\u00f1a. *** \u201cImplica conocer el estado de Veracruz; m\u00e1s all\u00e1 de los accidentes de nacimiento, un veracruzano de verdad a estas alturas del partido conoce el estado geogr\u00e1ficamente, pol\u00edticamente, humanamente; tiene un diagn\u00f3stico claro de cu\u00e1les son los or\u00edgenes de los problemas, tanto en el sur, como en la zona monta\u00f1osa, o en la serrana, o en la zona costera y en la huasteca\u201d, explic\u00f3 el candidato de la alianza opositora. *** Un \u201cveracruzano de verdad\u201d sabe perfectamente cual es \u201cla raz\u00f3n de ser, las expresiones culturales que explican a esta entidad y a los veracruzanos -una entidad muy larga, con muchos puntos hist\u00f3ricos- una realidad que tiene puntos transversales que la explican en t\u00e9rminos de identidad, pero que caso por caso, cada regi\u00f3n, requiere de desaf\u00edos y de acciones concretas que no se aprenden de la noche a la ma\u00f1ana. Un veracruzano de verdad las conoce ya desde este momento\u201d. ***La identidad, el origen, la raigambre, la identificaci\u00f3n con un espacio geogr\u00e1fico grande y complicado. Esas son virtudes que el ciudadano busca en sus gobernantes.<\/p>\n<p class=\"x_MsoNormal\" align=\"center\"><strong class=\"x_ContentPasted0\">* * *\u00a0<\/strong><\/p>\n<p class=\"x_MsoNormal x_ContentPasted0\">\u201cVamos a impulsar siempre un Estado democr\u00e1tico, un Gobierno respetuoso de todas las expresiones pol\u00edticas y la gente gozar\u00e1 de libertad plena para elegir a quien debe continuar despu\u00e9s de mi sexenio, a partir del 1 de diciembre\u201d.<\/p>\n<p class=\"x_MsoNormal x_ContentPasted0\">Est\u00e1 claro que entre los prop\u00f3sitos de a\u00f1o nuevo del gobernador Cuitl\u00e1huac Garc\u00eda, no incluy\u00f3 el de \u201cno mentir\u201d.<\/p>\n<p class=\"x_MsoNormal x_ContentPasted0\">El propio gobernador y -como consecuencia l\u00f3gica- su equipo de gobierno, han intervenido de manera evidente, sin rubor alguno, en el proceso electoral.<\/p>\n<p class=\"x_MsoNormal x_ContentPasted0\">Pepe Yunes arranc\u00f3 este martes su precampa\u00f1a y lo hizo de manera especial, diferente: privilegi\u00f3 el di\u00e1logo con la prensa y con el sector quiz\u00e1 menos atendido por el actual gobierno: los j\u00f3venes.<\/p>\n<p class=\"x_MsoNormal x_ContentPasted0\">\u201cHoy decid\u00ed empezar la precampa\u00f1a en un di\u00e1logo abierto con las juventudes, lo hago as\u00ed porque ya no podemos hacer lo mismo que en el pasado, cuando se iniciaba con un evento masivo, gastando mucho dinero y sin una comunicaci\u00f3n directa\u201d, les explic\u00f3.<\/p>\n<p class=\"x_MsoNormal x_ContentPasted0\">Temprano por la ma\u00f1ana, Pepe Yunes inici\u00f3 sus actividades con una reuni\u00f3n con comunicadores, a quienes les enfatiz\u00f3 la necesidad de hablar con la verdad y responder a las exigencias de la sociedad:<\/p>\n<p class=\"x_MsoNormal x_ContentPasted0\">\u201cVivimos en medio de ret\u00f3ricas falsas, de medias verdades. Vivimos en una realidad alterna que se pretende construir a trav\u00e9s de discursos, menospreciando la realidad (\u2026) La pol\u00edtica en t\u00e9rminos generales, a nivel nacional y a nivel estatal, est\u00e1 urgida de verdad, reclama acciones de verdad y nosotros estamos enfoc\u00e1ndonos en esta precampa\u00f1a en cumplir con este prop\u00f3sito\u201d.<\/p>\n<p class=\"x_MsoNormal x_ContentPasted0\">Y fue claro en los motivos de iniciar su precampa\u00f1a dialogando con la prensa:<\/p>\n<p class=\"x_MsoNormal x_ContentPasted0\">\u201cDespu\u00e9s de nueve campa\u00f1as uno sabe qui\u00e9n la hace posible y qui\u00e9n logra comunicar los puntos de inter\u00e9s de las propuestas de los candidatos y estos son ustedes, en un \u00e1mbito de objetividad, de neutralidad, de profesionalismo, pero es impensable emprender una precampa\u00f1a o una campa\u00f1a electoral, es impensable instrumentar una estrategia de acercamiento con la sociedad si no se tiene claridad de que en buena medida se logra esta vinculaci\u00f3n a trav\u00e9s de los medios de comunicaci\u00f3n y en ese sentido es el objetivo de este primer encuentro\u201d<\/p>\n<p class=\"x_MsoNormal x_ContentPasted0\">Y explic\u00f3 las razones de este cambio en el enfoque de su recorrido por Veracruz:<\/p>\n<p class=\"x_MsoNormal x_ContentPasted0\">\u201cHe tenido la oportunidad de instrumentar muchas estrategias y muchos modos de quehacer pol\u00edtico proselitista, de las movilizaciones masivas hasta lo que hoy veo que es estrat\u00e9gico: aprovechar los espacios de comunicaci\u00f3n para llegar a los sectores sensibles de la poblaci\u00f3n que pr\u00e1cticamente son todos\u201d.<\/p>\n<p class=\"x_MsoNormal x_ContentPasted0\">La de Pepe Yunes es, sin duda, una campa\u00f1a diferente. Su profundo conocimiento del estado y de sus necesidades; su contacto permanente con los diversos sectores de la sociedad, le permiten establecer v\u00edas comunicaci\u00f3n alternativas, alejadas de los tumultos, di\u00e1logos en los que ambas partes escuchen y se expresen. Eso es lo que hoy reclama el ciudadano, cansado ya de los aburridos discursos y las porras interminables.<\/p>\n<p class=\"x_MsoNormal x_ContentPasted0\">Una plaza llena -ya ha quedado demostrado- no significa urnas llenas. Pronto lo veremos.<\/p>\n<p class=\"x_MsoNormal\" align=\"center\"><strong class=\"x_ContentPasted0\">* * *\u00a0<\/strong><\/p>\n<p class=\"x_MsoNormal\"><strong class=\"x_ContentPasted0\">Ep\u00edlogo.\u00a0<\/strong><\/p>\n<p class=\"x_MsoNormal x_ContentPasted0\">Este martes, en el inicio de su precampa\u00f1a, Pepe Yunes acudi\u00f3 a la sede estatal del PRD, donde recibi\u00f3 la constancia que lo acredita como precandidato de esa fuerza pol\u00edtica a la gubernatura de Veracruz. *** El edificio estatal del PRD se colm\u00f3 de militantes de ese partido que acudieron a reiterarle a Pepe Yunes su respaldo y su confianza de que saldr\u00e1 victorioso en la contienda.<\/p>\n<p class=\"x_MsoNormal\"><a id=\"LPlnkOWA8c94be69-492e-af9b-e3b7-df214a13b369\" class=\"x_OWAAutoLink x_ContentPasted0\" data-linkindex=\"0\"><\/a>filivargas@gmail.com<\/p>\n","protected":false},"excerpt":{"rendered":"<p>Punto de Vista\/Por Filiberto Vargas Rodr\u00edguez. Prefacio.\u00a0 Ser \u201cveracruzano de verdad\u201d es, para Pepe Yunes, mucho m\u00e1s que un simple slogan de campa\u00f1a. *** \u201cImplica conocer el estado de Veracruz; m\u00e1s all\u00e1 de los accidentes de nacimiento, un veracruzano de verdad a estas alturas del partido conoce el estado geogr\u00e1ficamente, pol\u00edticamente, humanamente; tiene un diagn\u00f3stico claro de cu\u00e1les son los or\u00edgenes de los problemas, tanto en el sur, como en la zona monta\u00f1osa, o en la serrana, o en la zona costera y en la huasteca\u201d, explic\u00f3 el candidato de&hellip;<\/p>\n","protected":false},"author":1,"featured_media":0,"comment_status":"open","ping_status":"closed","sticky":false,"template":"","format":"standard","meta":{"footnotes":""},"categories":[8,4031],"tags":[4032],"class_list":["post-104693","post","type-post","status-publish","format-standard","hentry","category-opinion","category-punto-de-vista","tag-filiberto-vargas-rodriguez"],"jetpack-related-posts":[],"_links":{"self":[{"href":"https:\/\/www.noticiasperfil.com\/index\/wp-json\/wp\/v2\/posts\/104693","targetHints":{"allow":["GET"]}}],"collection":[{"href":"https:\/\/www.noticiasperfil.com\/index\/wp-json\/wp\/v2\/posts"}],"about":[{"href":"https:\/\/www.noticiasperfil.com\/index\/wp-json\/wp\/v2\/types\/post"}],"author":[{"embeddable":true,"href":"https:\/\/www.noticiasperfil.com\/index\/wp-json\/wp\/v2\/users\/1"}],"replies":[{"embeddable":true,"href":"https:\/\/www.noticiasperfil.com\/index\/wp-json\/wp\/v2\/comments?post=104693"}],"version-history":[{"count":1,"href":"https:\/\/www.noticiasperfil.com\/index\/wp-json\/wp\/v2\/posts\/104693\/revisions"}],"predecessor-version":[{"id":104694,"href":"https:\/\/www.noticiasperfil.com\/index\/wp-json\/wp\/v2\/posts\/104693\/revisions\/104694"}],"wp:attachment":[{"href":"https:\/\/www.noticiasperfil.com\/index\/wp-json\/wp\/v2\/media?parent=104693"}],"wp:term":[{"taxonomy":"category","embeddable":true,"href":"https:\/\/www.noticiasperfil.com\/index\/wp-json\/wp\/v2\/categories?post=104693"},{"taxonomy":"post_tag","embeddable":true,"href":"https:\/\/www.noticiasperfil.com\/index\/wp-json\/wp\/v2\/tags?post=104693"}],"curies":[{"name":"wp","href":"https:\/\/api.w.org\/{rel}","templated":true}]}}