{"id":104695,"date":"2024-01-03T16:10:27","date_gmt":"2024-01-03T22:10:27","guid":{"rendered":"https:\/\/www.noticiasperfil.com\/index\/?p=104695"},"modified":"2024-01-03T16:10:27","modified_gmt":"2024-01-03T22:10:27","slug":"sacan-de-contexto-declaraciones-de-dirigente-perredista","status":"publish","type":"post","link":"https:\/\/www.noticiasperfil.com\/index\/2024\/01\/03\/sacan-de-contexto-declaraciones-de-dirigente-perredista\/","title":{"rendered":"Sacan de contexto declaraciones de dirigente perredista"},"content":{"rendered":"<p><img loading=\"lazy\" decoding=\"async\" class=\"aligncenter size-full wp-image-93945\" src=\"https:\/\/i2.wp.com\/www.noticiasperfil.com\/index\/wp-content\/uploads\/2022\/11\/repechaje.jpg?resize=517%2C300&#038;ssl=1\" alt=\"\" width=\"517\" height=\"300\" data-recalc-dims=\"1\" \/><\/p>\n<p><strong>Repechaje\/Por Quirino Moreno Quiza.<\/strong><\/p>\n<p><em><strong>*La alianza PAN-PRI-PRD, m\u00e1s firme que nunca<br \/>\n<\/strong><strong>*Se registra Pepe en el PRD y este mi\u00e9rcoles lo har\u00e1 en el PAN<br \/>\n<\/strong><strong>*Pepe Yunes arranc\u00f3 fuerte y movido\u2026 Una campa\u00f1a diferente\u2026<br \/>\n<\/strong><strong>* Arranc\u00f3 dialogando con j\u00f3venes\u2026 los invit\u00f3 a participar<br \/>\n<\/strong><strong>*Seguir\u00e1 con pescadores del Puerto de Veracruz<br \/>\n<\/strong><strong>*Un privilegio haber nacido en Veracruz y \u201cVeracruzano de Verdad\u201d<br \/>\n<\/strong><strong>*\u201dVeracruz es de todos y no tiene Due\u00f1o\u201d: Roc\u00edo Nahle<br \/>\n<\/strong><strong>*\u00bfEntonces \u201cVeracruz no es de los veracruzanos\u201d?<br \/>\n<\/strong><strong>*Apoyar a los sectores productivos y lograr la seguridad en la entidad<br \/>\n<\/strong><strong>*Acabar con inseguridad y generar condiciones de inversi\u00f3n y empleo<br \/>\n<\/strong><strong>*Un grave delito obligar a trabajadores a asistir a eventos electoreros<br \/>\n<\/strong><strong>*Los puentes estatales de Xalapa\u2026 ahora son suplicio intermitente<\/strong><\/em><\/p>\n<p>***\u00a0<strong><em>\u00a1Alianza m\u00e1s firme que nunca!\u00a0<\/em><\/strong>Muchos chismorreo ha ocasionado una declaraci\u00f3n de dirigente estatal del PRD, Sergio Cadena Mart\u00ednez respecto a que ese partido busca la titularidad de 6 candidaturas a diputaciones locales y que de no ser as\u00ed, el PRD \u201cromper\u00eda con la alianza con el PRI y el PAN\u2026Pero es es una gran mentira ya que la alianza ya est\u00e1 constituida y el perredista mencionado se refer\u00eda a que en el caso de no ser considerado el PRD para esas 6 candidaturas locales, en esos 6 distritos podr\u00edan ir solos\u2026 pero es claro que persistir\u00e1\u00a0 la alianza para la gubernatura, diputaciones federales, senadur\u00edas, presidencia de la Rep\u00fablica y el restos de los distritos locales\u2026Es evidente que alguien trata de dividir la alianza PAN-PRI-PRD, pero no es Sergio Cadena sino los de enfrente, que ha intentados distorsionar la realidad\u2026 De hecho, este mismo martes, Pepe Yunes se registr\u00f3 ya como precandidato en el PRD, como ya lo hizo en el PRI y este mi\u00e9rcoles lo har\u00e1 en PAN\u2026<\/p>\n<p>***\u00a0<strong><em>\u00a1Una campa\u00f1a diferente!\u00a0<\/em><\/strong>El precandidato del PAN-PRI-PRD a la gubernatura de Veracruz, Jos\u00e9 Francisco \u201cPepe\u201d Yunes Zorrilla arranc\u00f3 este martes sus actividades correspondientes de campa\u00f1a y lo hizo, como lo hab\u00edamos previsto antes, con la integraci\u00f3n de grupos de la sociedad civil\u2026 y dec\u00edamos entonces que esa candidatura de Pepe Yunes ten\u00eda m\u00e1s un perfil ciudadano que partidista\u2026 Adem\u00e1s, su slogan apunta claramente \u201cPepe Yunes, veracruzano de verdad\u201d&#8230; y una de sus frases favoritas sigue siendo \u201ces un privilegio haber nacido en Veracruz\u201d&#8230; Ninguna de las dos afirmaciones de Pepe Yunes puede ser repetida por su adversaria de Morena, PT-PVEM, do\u00f1a Roc\u00edo Nahle\u2026<\/p>\n<p>*** Y do\u00f1a Roc\u00edo Nahle arranc\u00f3 diciendo que \u201cVeracruz es de todos y no tiene due\u00f1o\u201d, mientras que sus opositores siguen afirmando que \u201cVeracruz es de los veracruzanos\u201d&#8230;\u00a0 S\u00ed, es dif\u00edcil caminar en los zapatos de do\u00f1a Roc\u00edo Nahe\u2026se a pusieron muy dif\u00edcil\u2026<\/p>\n<p>***\u00a0<strong><em>Apoyar a sectores es urgente!\u00a0<\/em><\/strong>Hay que garantizar la seguridad de los ciudadanos, generar condiciones para la inversi\u00f3n y fuentes de empleo; apoyar a productores del campo, adem\u00e1s de pescadores y todos los sectores productivos es ya una urgencia, ya que muchos han sido abandonados por la actual administraci\u00f3n estatal\u2026 Pepe Yunes ofreci\u00f3 encontrar las formas de apoyar a todos, como ya lo ha hecho antes\u2026Por cierto que este mi\u00e9rcoles, muy temprano estar\u00e1 Pepe Yunes con los miembros de la Uni\u00f3n de Pescadores y Lancheros all\u00e1 en el Puerto Jarocho\u2026Pero este mismo martes se reuni\u00f3 ya con los j\u00f3venes, a quienes conmin\u00f3 a participar en la toma de decisiones para gobernar Veracruz, a involucrarse para lograr un mejor Veracruz\u2026 Y s\u00ed, Pepe Yunes inici\u00f3 una campa\u00f1a muy diferente e innovadora\u2026<\/p>\n<p>***\u00a0<strong><em>\u00a1Un delito m\u00e1s!\u00a0<\/em><\/strong>Pepe Yunes reiter\u00f3 que obligar a los trabajadores de los gobiernos federal, estatales y municipales a asistir a eventos electoreros, como lo ha estado haciendo Morena, es un grave delito electoral\u2026 Y asegur\u00f3 que eso no ocurrir\u00e1 m\u00e1s en Veracruz\u2026<\/p>\n<p>***<strong><em>\u00a1El suplicio contin\u00faa!\u00a0<\/em><\/strong>La obra del puente a desnivel de Las Trancas en Xalapa causa momentos \u201cagridulces\u201d, ya que la empresa constructora que contrat\u00f3 el gobierno estatal no la termin\u00f3 aunque ya la abri\u00f3\u2026 a ratos funciona y a ratos cierran uno de los carriles de dicho puente\u2026y s\u00ed, a\u00fan falta terminar los bajos del puente, refinar partes del concreto y retirar palizadas laterales\u2026 el caso es que a\u00fan nadie puede determinar si el mentado puente funciona bien o no\u2026 Y adem\u00e1s, falta que la constructora desaloje de una buena vez las v\u00eda que tiene invadidas con maquinaria y oficina, que se ha convertido en un estuvo para todos\u2026 Y al otro puente, del de L\u00e1zaro C\u00e1rdenas, a\u00fan le falta bastante para concluir\u2026 Dos obras en la capital del estado que est\u00e1n causando mucha irritaci\u00f3n cuando lo que se esperaba es que el gobernador pudiera presumirlas para arrancar el a\u00f1o\u2026<\/p>\n<p><strong>quirino.moreno@entornopolitico.com<\/strong><\/p>\n<p><strong>columnarepechaje@gmail.com<\/strong><\/p>\n<p><strong>X: quirinomq<\/strong><\/p>\n<p><a href=\"http:\/\/www.entornopolitico.com\/\"><strong>www.entornopolitico.co<\/strong><\/a>m<\/p>\n","protected":false},"excerpt":{"rendered":"<p>Repechaje\/Por Quirino Moreno Quiza. *La alianza PAN-PRI-PRD, m\u00e1s firme que nunca *Se registra Pepe en el PRD y este mi\u00e9rcoles lo har\u00e1 en el PAN *Pepe Yunes arranc\u00f3 fuerte y movido\u2026 Una campa\u00f1a diferente\u2026 * Arranc\u00f3 dialogando con j\u00f3venes\u2026 los invit\u00f3 a participar *Seguir\u00e1 con pescadores del Puerto de Veracruz *Un privilegio haber nacido en Veracruz y \u201cVeracruzano de Verdad\u201d *\u201dVeracruz es de todos y no tiene Due\u00f1o\u201d: Roc\u00edo Nahle *\u00bfEntonces \u201cVeracruz no es de los veracruzanos\u201d? *Apoyar a los sectores productivos y lograr la seguridad en la entidad *Acabar&hellip;<\/p>\n","protected":false},"author":1,"featured_media":0,"comment_status":"open","ping_status":"closed","sticky":false,"template":"","format":"standard","meta":{"footnotes":""},"categories":[8,11],"tags":[1155],"class_list":["post-104695","post","type-post","status-publish","format-standard","hentry","category-opinion","category-repechaje","tag-quirino-moreno-quiza"],"jetpack-related-posts":[],"_links":{"self":[{"href":"https:\/\/www.noticiasperfil.com\/index\/wp-json\/wp\/v2\/posts\/104695","targetHints":{"allow":["GET"]}}],"collection":[{"href":"https:\/\/www.noticiasperfil.com\/index\/wp-json\/wp\/v2\/posts"}],"about":[{"href":"https:\/\/www.noticiasperfil.com\/index\/wp-json\/wp\/v2\/types\/post"}],"author":[{"embeddable":true,"href":"https:\/\/www.noticiasperfil.com\/index\/wp-json\/wp\/v2\/users\/1"}],"replies":[{"embeddable":true,"href":"https:\/\/www.noticiasperfil.com\/index\/wp-json\/wp\/v2\/comments?post=104695"}],"version-history":[{"count":1,"href":"https:\/\/www.noticiasperfil.com\/index\/wp-json\/wp\/v2\/posts\/104695\/revisions"}],"predecessor-version":[{"id":104696,"href":"https:\/\/www.noticiasperfil.com\/index\/wp-json\/wp\/v2\/posts\/104695\/revisions\/104696"}],"wp:attachment":[{"href":"https:\/\/www.noticiasperfil.com\/index\/wp-json\/wp\/v2\/media?parent=104695"}],"wp:term":[{"taxonomy":"category","embeddable":true,"href":"https:\/\/www.noticiasperfil.com\/index\/wp-json\/wp\/v2\/categories?post=104695"},{"taxonomy":"post_tag","embeddable":true,"href":"https:\/\/www.noticiasperfil.com\/index\/wp-json\/wp\/v2\/tags?post=104695"}],"curies":[{"name":"wp","href":"https:\/\/api.w.org\/{rel}","templated":true}]}}