{"id":104697,"date":"2024-01-03T16:16:26","date_gmt":"2024-01-03T22:16:26","guid":{"rendered":"https:\/\/www.noticiasperfil.com\/index\/?p=104697"},"modified":"2024-01-03T16:16:26","modified_gmt":"2024-01-03T22:16:26","slug":"100-de-veracruz","status":"publish","type":"post","link":"https:\/\/www.noticiasperfil.com\/index\/2024\/01\/03\/100-de-veracruz\/","title":{"rendered":"100% de Veracruz"},"content":{"rendered":"<p><img loading=\"lazy\" decoding=\"async\" class=\"aligncenter size-full wp-image-93558\" src=\"https:\/\/i2.wp.com\/www.noticiasperfil.com\/index\/wp-content\/uploads\/2022\/10\/sergio-gonzalez-levet.jpg?resize=600%2C436&#038;ssl=1\" alt=\"\" width=\"600\" height=\"436\" data-recalc-dims=\"1\" \/><\/p>\n<p><strong>Sin Tacto\/Por Sergio Gonz\u00e1lez Levet.<\/strong><\/p>\n<p>Mi nieta, aunque Luna, es un sol.<\/p>\n<p>A sus cuatro a\u00f1os y meses, ya deja ver su origen del meritito Aguascalientes. \u00d3igala usted c\u00f3mo de repente le va poniendo una \u201cn\u201d a las palabras que terminan en \u201cs\u201d, como la de su tierra natal. As\u00ed: \u00a1Aguascalientes\u2019n! O tambi\u00e9n se le sale un \u201cbien muchoooote\u201d cuando se trata de hablar de la demas\u00eda en la abundancia. O que a las casas de la ciudad les dice \u201cfincas\u201d.<\/p>\n<p>Y ella ya sabe qu\u00e9 quiere decir \u201credina\u201d y \u201cverbena\u201d, o nos dice que \u201cocupa\u201d algo cuando en realidad es que lo quiere o lo necesita.<\/p>\n<p>Luna es hermosa, inteligente, simp\u00e1tica. Ya s\u00e9 que todas las nietas de todos los abuelos son as\u00ed, pero ella es diferente nadam\u00e1s porque es \u201cmi\u201d hermosa, \u201cmi\u201d inteligente y \u201cmi\u201d simp\u00e1tica.<\/p>\n<p>Pero lo mejor de todo es que Luna es veracruzana, 100 por ciento de Veracruz. Y lo es porque naci\u00f3 de padre jarocho y tiene dos abuelos y una t\u00eda que tambi\u00e9n son de ac\u00e1, del mejor lugar del mundo (\u00bfo no?).<\/p>\n<p>Vamos a ver, mi ni\u00f1a se reconoce de esta tierra porque tiene sangre veracruzana; porque es o va a ser rumbera, jarocha y trovadora de veras; porque al igual que su padre siente en la sangre galopar el incendio de una misma nostalgia (que dijera el vate afrocolombiano Jorge Artel).<\/p>\n<p>Y as\u00ed como ella se reconoce ind\u00edgena, las leyes igualmente la definen como una oriunda de Veracruz con todo el peso de las normas que nos han hecho ser lo que somos, es decir, el mejor estado de la rep\u00fablica.<\/p>\n<p>La Constituci\u00f3n dice que Luna y todos los que est\u00e9n en su condici\u00f3n de hijos de veracruzano son ciudadanos con todos los derechos:<\/p>\n<p>\u201cArt\u00edculo 11.- Son veracruzanos:<\/p>\n<p>\u201cI. Los nacidos en el territorio del Estado; y<\/p>\n<p>\u201cII. Los hijos de padre o madre nativos del Estado, nacidos en el territorio nacional o en el extranjero.\u201d<\/p>\n<p>Ella, a su temprana edad ya lo sabe y lo disfruta, porque le encanta venir a Xalapa o mojar sus pies en las playas del Puerto o senderear por las m\u00faltiples vegetaciones que hacen nuestras selvas.<\/p>\n<p>La fuerza de su sangre la hace \u00fanica entre los mexicanos que nacieron en otros estados o que no tuvieron la dicha de tener el padre que ella tiene, nacido en el centro de la capital para gloria y gracia de su propia sapiencia.<\/p>\n<p>As\u00ed que Luna es 100% veracruzana.<\/p>\n<p>NI m\u00e1s ni menos que como Pepe Yunes Zorrilla, el (pre)candidato de todos los que reconocemos a la Bamba como el alma de nuestra esencia y como lo m\u00e1s jarocho que hay en el universo.<\/p>\n<p>Ser veracruzano es un h\u00e1ndicap siempre a favor. Por eso van a ganar los dos.<\/p>\n<p>sglevet@gmail.com<\/p>\n","protected":false},"excerpt":{"rendered":"<p>Sin Tacto\/Por Sergio Gonz\u00e1lez Levet. Mi nieta, aunque Luna, es un sol. A sus cuatro a\u00f1os y meses, ya deja ver su origen del meritito Aguascalientes. \u00d3igala usted c\u00f3mo de repente le va poniendo una \u201cn\u201d a las palabras que terminan en \u201cs\u201d, como la de su tierra natal. As\u00ed: \u00a1Aguascalientes\u2019n! O tambi\u00e9n se le sale un \u201cbien muchoooote\u201d cuando se trata de hablar de la demas\u00eda en la abundancia. O que a las casas de la ciudad les dice \u201cfincas\u201d. Y ella ya sabe qu\u00e9 quiere decir \u201credina\u201d y&hellip;<\/p>\n","protected":false},"author":1,"featured_media":0,"comment_status":"open","ping_status":"closed","sticky":false,"template":"","format":"standard","meta":{"footnotes":""},"categories":[8,14],"tags":[1332],"class_list":["post-104697","post","type-post","status-publish","format-standard","hentry","category-opinion","category-sin-tacto","tag-sergio-gonzalez-levet"],"jetpack-related-posts":[],"_links":{"self":[{"href":"https:\/\/www.noticiasperfil.com\/index\/wp-json\/wp\/v2\/posts\/104697","targetHints":{"allow":["GET"]}}],"collection":[{"href":"https:\/\/www.noticiasperfil.com\/index\/wp-json\/wp\/v2\/posts"}],"about":[{"href":"https:\/\/www.noticiasperfil.com\/index\/wp-json\/wp\/v2\/types\/post"}],"author":[{"embeddable":true,"href":"https:\/\/www.noticiasperfil.com\/index\/wp-json\/wp\/v2\/users\/1"}],"replies":[{"embeddable":true,"href":"https:\/\/www.noticiasperfil.com\/index\/wp-json\/wp\/v2\/comments?post=104697"}],"version-history":[{"count":1,"href":"https:\/\/www.noticiasperfil.com\/index\/wp-json\/wp\/v2\/posts\/104697\/revisions"}],"predecessor-version":[{"id":104698,"href":"https:\/\/www.noticiasperfil.com\/index\/wp-json\/wp\/v2\/posts\/104697\/revisions\/104698"}],"wp:attachment":[{"href":"https:\/\/www.noticiasperfil.com\/index\/wp-json\/wp\/v2\/media?parent=104697"}],"wp:term":[{"taxonomy":"category","embeddable":true,"href":"https:\/\/www.noticiasperfil.com\/index\/wp-json\/wp\/v2\/categories?post=104697"},{"taxonomy":"post_tag","embeddable":true,"href":"https:\/\/www.noticiasperfil.com\/index\/wp-json\/wp\/v2\/tags?post=104697"}],"curies":[{"name":"wp","href":"https:\/\/api.w.org\/{rel}","templated":true}]}}