{"id":105428,"date":"2024-02-05T11:16:26","date_gmt":"2024-02-05T17:16:26","guid":{"rendered":"https:\/\/www.noticiasperfil.com\/index\/?p=105428"},"modified":"2024-02-05T11:16:26","modified_gmt":"2024-02-05T17:16:26","slug":"cerrara-pepe-yunes-precampana-en-xalapa","status":"publish","type":"post","link":"https:\/\/www.noticiasperfil.com\/index\/2024\/02\/05\/cerrara-pepe-yunes-precampana-en-xalapa\/","title":{"rendered":"Cerrar\u00e1 Pepe Yunes precampa\u00f1a en Xalapa"},"content":{"rendered":"<p><img loading=\"lazy\" decoding=\"async\" data-attachment-id=\"105429\" data-permalink=\"https:\/\/www.noticiasperfil.com\/index\/2024\/02\/05\/cerrara-pepe-yunes-precampana-en-xalapa\/pepe-yunes-13\/\" data-orig-file=\"https:\/\/i2.wp.com\/www.noticiasperfil.com\/index\/wp-content\/uploads\/2024\/02\/pepe-yunes.jpg?fit=2048%2C1366&amp;ssl=1\" data-orig-size=\"2048,1366\" data-comments-opened=\"1\" data-image-meta=\"{&quot;aperture&quot;:&quot;0&quot;,&quot;credit&quot;:&quot;&quot;,&quot;camera&quot;:&quot;&quot;,&quot;caption&quot;:&quot;&quot;,&quot;created_timestamp&quot;:&quot;0&quot;,&quot;copyright&quot;:&quot;&quot;,&quot;focal_length&quot;:&quot;0&quot;,&quot;iso&quot;:&quot;0&quot;,&quot;shutter_speed&quot;:&quot;0&quot;,&quot;title&quot;:&quot;&quot;,&quot;orientation&quot;:&quot;0&quot;}\" data-image-title=\"pepe-yunes\" data-image-description=\"\" data-medium-file=\"https:\/\/i2.wp.com\/www.noticiasperfil.com\/index\/wp-content\/uploads\/2024\/02\/pepe-yunes.jpg?fit=660%2C365&amp;ssl=1\" data-large-file=\"https:\/\/i2.wp.com\/www.noticiasperfil.com\/index\/wp-content\/uploads\/2024\/02\/pepe-yunes.jpg?fit=640%2C366&amp;ssl=1\" class=\"aligncenter wp-image-105429 size-full\" src=\"https:\/\/i2.wp.com\/www.noticiasperfil.com\/index\/wp-content\/uploads\/2024\/02\/pepe-yunes.jpg?resize=640%2C427&#038;ssl=1\" alt=\"\" width=\"640\" height=\"427\" srcset=\"https:\/\/i2.wp.com\/www.noticiasperfil.com\/index\/wp-content\/uploads\/2024\/02\/pepe-yunes.jpg?w=2048&amp;ssl=1 2048w, https:\/\/i2.wp.com\/www.noticiasperfil.com\/index\/wp-content\/uploads\/2024\/02\/pepe-yunes.jpg?resize=1536%2C1025&amp;ssl=1 1536w, https:\/\/i2.wp.com\/www.noticiasperfil.com\/index\/wp-content\/uploads\/2024\/02\/pepe-yunes.jpg?w=1280&amp;ssl=1 1280w, https:\/\/i2.wp.com\/www.noticiasperfil.com\/index\/wp-content\/uploads\/2024\/02\/pepe-yunes.jpg?w=1920&amp;ssl=1 1920w\" sizes=\"auto, (max-width: 640px) 100vw, 640px\" data-recalc-dims=\"1\" \/><\/p>\n<p>Xalapa, Ver.- El consejero estatal del PRI, Mauro Solano Lozano, inform\u00f3 que el cierre de precampa\u00f1a de Jos\u00e9 Yunes Zorrilla, aspirante de la alianza opositora a la gubernatura, ser\u00e1 en Xalapa este pr\u00f3ximo martes 6 de febrero.<\/p>\n<p>\u00abEstamos preparando un evento importante como es el cierre de precampa\u00f1a de nuestro candidato que ser\u00e1 en Xalapa, en la capital del estado\u00bb.<\/p>\n<p>En ese sentido, dijo, estar\u00e1n armando toda una estrategia para lanzar la campa\u00f1a total \u00aben el mes de marzo arrancamos en forma la campa\u00f1a rumbo a la gubernatura de Veracruz\u00bb.<\/p>\n<p>Solano Lozano, precis\u00f3 que hay confianza de ganar la gubernatura, porque los veracruzanos \u00abhan respondido muy bien\u00bb.<\/p>\n<p>El cierre de precampa\u00f1a ser\u00e1 este martes 6 de febrero a las 16 horas en el auditorio Salvador D\u00edaz Mir\u00f3n en la reserva territorial.<\/p>\n<p>Las elecciones son el pr\u00f3ximo 2 de junio.<\/p>\n","protected":false},"excerpt":{"rendered":"<p>Xalapa, Ver.- El consejero estatal del PRI, Mauro Solano Lozano, inform\u00f3 que el cierre de precampa\u00f1a de Jos\u00e9 Yunes Zorrilla, aspirante de la alianza opositora a la gubernatura, ser\u00e1 en Xalapa este pr\u00f3ximo martes 6 de febrero. \u00abEstamos preparando un evento importante como es el cierre de precampa\u00f1a de nuestro candidato que ser\u00e1 en Xalapa, en la capital del estado\u00bb. En ese sentido, dijo, estar\u00e1n armando toda una estrategia para lanzar la campa\u00f1a total \u00aben el mes de marzo arrancamos en forma la campa\u00f1a rumbo a la gubernatura de Veracruz\u00bb.&hellip;<\/p>\n","protected":false},"author":1,"featured_media":105429,"comment_status":"open","ping_status":"closed","sticky":false,"template":"","format":"standard","meta":{"footnotes":""},"categories":[3,4],"tags":[],"class_list":["post-105428","post","type-post","status-publish","format-standard","has-post-thumbnail","hentry","category-destacadas","category-estatal"],"jetpack-related-posts":[],"_links":{"self":[{"href":"https:\/\/www.noticiasperfil.com\/index\/wp-json\/wp\/v2\/posts\/105428","targetHints":{"allow":["GET"]}}],"collection":[{"href":"https:\/\/www.noticiasperfil.com\/index\/wp-json\/wp\/v2\/posts"}],"about":[{"href":"https:\/\/www.noticiasperfil.com\/index\/wp-json\/wp\/v2\/types\/post"}],"author":[{"embeddable":true,"href":"https:\/\/www.noticiasperfil.com\/index\/wp-json\/wp\/v2\/users\/1"}],"replies":[{"embeddable":true,"href":"https:\/\/www.noticiasperfil.com\/index\/wp-json\/wp\/v2\/comments?post=105428"}],"version-history":[{"count":1,"href":"https:\/\/www.noticiasperfil.com\/index\/wp-json\/wp\/v2\/posts\/105428\/revisions"}],"predecessor-version":[{"id":105430,"href":"https:\/\/www.noticiasperfil.com\/index\/wp-json\/wp\/v2\/posts\/105428\/revisions\/105430"}],"wp:featuredmedia":[{"embeddable":true,"href":"https:\/\/www.noticiasperfil.com\/index\/wp-json\/wp\/v2\/media\/105429"}],"wp:attachment":[{"href":"https:\/\/www.noticiasperfil.com\/index\/wp-json\/wp\/v2\/media?parent=105428"}],"wp:term":[{"taxonomy":"category","embeddable":true,"href":"https:\/\/www.noticiasperfil.com\/index\/wp-json\/wp\/v2\/categories?post=105428"},{"taxonomy":"post_tag","embeddable":true,"href":"https:\/\/www.noticiasperfil.com\/index\/wp-json\/wp\/v2\/tags?post=105428"}],"curies":[{"name":"wp","href":"https:\/\/api.w.org\/{rel}","templated":true}]}}