{"id":105638,"date":"2024-02-13T09:55:49","date_gmt":"2024-02-13T15:55:49","guid":{"rendered":"https:\/\/www.noticiasperfil.com\/index\/?p=105638"},"modified":"2024-02-13T09:55:49","modified_gmt":"2024-02-13T15:55:49","slug":"listo-el-registro-de-claudia-tello-por-la-senaduria","status":"publish","type":"post","link":"https:\/\/www.noticiasperfil.com\/index\/2024\/02\/13\/listo-el-registro-de-claudia-tello-por-la-senaduria\/","title":{"rendered":"Listo el registro de Claudia Tello por la senadur\u00eda"},"content":{"rendered":"<p><img loading=\"lazy\" decoding=\"async\" data-attachment-id=\"105639\" data-permalink=\"https:\/\/www.noticiasperfil.com\/index\/2024\/02\/13\/listo-el-registro-de-claudia-tello-por-la-senaduria\/claudia-tello-2\/\" data-orig-file=\"https:\/\/i0.wp.com\/www.noticiasperfil.com\/index\/wp-content\/uploads\/2024\/02\/claudia-tello.jpeg?fit=1440%2C1102&amp;ssl=1\" data-orig-size=\"1440,1102\" data-comments-opened=\"1\" data-image-meta=\"{&quot;aperture&quot;:&quot;0&quot;,&quot;credit&quot;:&quot;&quot;,&quot;camera&quot;:&quot;&quot;,&quot;caption&quot;:&quot;&quot;,&quot;created_timestamp&quot;:&quot;0&quot;,&quot;copyright&quot;:&quot;&quot;,&quot;focal_length&quot;:&quot;0&quot;,&quot;iso&quot;:&quot;0&quot;,&quot;shutter_speed&quot;:&quot;0&quot;,&quot;title&quot;:&quot;&quot;,&quot;orientation&quot;:&quot;0&quot;}\" data-image-title=\"claudia-tello\" data-image-description=\"\" data-medium-file=\"https:\/\/i0.wp.com\/www.noticiasperfil.com\/index\/wp-content\/uploads\/2024\/02\/claudia-tello.jpeg?fit=660%2C365&amp;ssl=1\" data-large-file=\"https:\/\/i0.wp.com\/www.noticiasperfil.com\/index\/wp-content\/uploads\/2024\/02\/claudia-tello.jpeg?fit=640%2C366&amp;ssl=1\" class=\"aligncenter size-full wp-image-105639\" src=\"https:\/\/i0.wp.com\/www.noticiasperfil.com\/index\/wp-content\/uploads\/2024\/02\/claudia-tello.jpeg?resize=640%2C490&#038;ssl=1\" alt=\"\" width=\"640\" height=\"490\" srcset=\"https:\/\/i0.wp.com\/www.noticiasperfil.com\/index\/wp-content\/uploads\/2024\/02\/claudia-tello.jpeg?w=1440&amp;ssl=1 1440w, https:\/\/i0.wp.com\/www.noticiasperfil.com\/index\/wp-content\/uploads\/2024\/02\/claudia-tello.jpeg?w=1280&amp;ssl=1 1280w\" sizes=\"auto, (max-width: 640px) 100vw, 640px\" data-recalc-dims=\"1\" \/><\/p>\n<p>Xalapa, Ver.- La ma\u00f1ana de este lunes, la morenista Claudia Tello se registr\u00f3 como candidata al Senado por Veracruz. Lleva como suplente a la tambi\u00e9n legisladora federal Raquel Bonilla; ambas iniciadoras del partido guinda y destacadas operadoras de Claudia Sheinbaum y Roc\u00edo Nahle en Veracruz.<\/p>\n<p>Cabe se\u00f1alar que Claudia ha destacado en la geograf\u00eda veracruzana por su ardua labor partidista, encaminada a unificar y dejar de lado las divisiones partidistas derivadas de la diferencia ideol\u00f3gica.<\/p>\n<p>V\u00eda redes sociales, la militancia de morena ha expresado su agrado por ser ellas quienes integren la segunda f\u00f3rmula al Senado, pues es evidente que el trabajo territorial de ambas fortalecer\u00e1 sobremanera a las y los candidatos del morena en los pr\u00f3ximos comicios.<\/p>\n<p>A trav\u00e9s de su cuenta oficial, Tello Espinosa expres\u00f3: \u00abCon amor, esperanza y convicci\u00f3n nos hemos registrado como candidatas a Senadoras de la Rep\u00fablica por mi bello Estado de Veracruz, la f\u00f3rmula est\u00e1 completa y con mi compa\u00f1era Raquel Bonilla lograremos consolidar el segundo piso de la #CuartaTransformaci\u00f3n.\u00bb<\/p>\n","protected":false},"excerpt":{"rendered":"<p>Xalapa, Ver.- La ma\u00f1ana de este lunes, la morenista Claudia Tello se registr\u00f3 como candidata al Senado por Veracruz. Lleva como suplente a la tambi\u00e9n legisladora federal Raquel Bonilla; ambas iniciadoras del partido guinda y destacadas operadoras de Claudia Sheinbaum y Roc\u00edo Nahle en Veracruz. Cabe se\u00f1alar que Claudia ha destacado en la geograf\u00eda veracruzana por su ardua labor partidista, encaminada a unificar y dejar de lado las divisiones partidistas derivadas de la diferencia ideol\u00f3gica. V\u00eda redes sociales, la militancia de morena ha expresado su agrado por ser ellas quienes&hellip;<\/p>\n","protected":false},"author":1,"featured_media":105639,"comment_status":"open","ping_status":"closed","sticky":false,"template":"","format":"standard","meta":{"footnotes":""},"categories":[3,4],"tags":[10377],"class_list":["post-105638","post","type-post","status-publish","format-standard","has-post-thumbnail","hentry","category-destacadas","category-estatal","tag-claudia-tello"],"jetpack-related-posts":[],"_links":{"self":[{"href":"https:\/\/www.noticiasperfil.com\/index\/wp-json\/wp\/v2\/posts\/105638","targetHints":{"allow":["GET"]}}],"collection":[{"href":"https:\/\/www.noticiasperfil.com\/index\/wp-json\/wp\/v2\/posts"}],"about":[{"href":"https:\/\/www.noticiasperfil.com\/index\/wp-json\/wp\/v2\/types\/post"}],"author":[{"embeddable":true,"href":"https:\/\/www.noticiasperfil.com\/index\/wp-json\/wp\/v2\/users\/1"}],"replies":[{"embeddable":true,"href":"https:\/\/www.noticiasperfil.com\/index\/wp-json\/wp\/v2\/comments?post=105638"}],"version-history":[{"count":1,"href":"https:\/\/www.noticiasperfil.com\/index\/wp-json\/wp\/v2\/posts\/105638\/revisions"}],"predecessor-version":[{"id":105640,"href":"https:\/\/www.noticiasperfil.com\/index\/wp-json\/wp\/v2\/posts\/105638\/revisions\/105640"}],"wp:featuredmedia":[{"embeddable":true,"href":"https:\/\/www.noticiasperfil.com\/index\/wp-json\/wp\/v2\/media\/105639"}],"wp:attachment":[{"href":"https:\/\/www.noticiasperfil.com\/index\/wp-json\/wp\/v2\/media?parent=105638"}],"wp:term":[{"taxonomy":"category","embeddable":true,"href":"https:\/\/www.noticiasperfil.com\/index\/wp-json\/wp\/v2\/categories?post=105638"},{"taxonomy":"post_tag","embeddable":true,"href":"https:\/\/www.noticiasperfil.com\/index\/wp-json\/wp\/v2\/tags?post=105638"}],"curies":[{"name":"wp","href":"https:\/\/api.w.org\/{rel}","templated":true}]}}