{"id":105646,"date":"2024-02-13T15:02:34","date_gmt":"2024-02-13T21:02:34","guid":{"rendered":"https:\/\/www.noticiasperfil.com\/index\/?p=105646"},"modified":"2024-02-13T15:02:34","modified_gmt":"2024-02-13T21:02:34","slug":"gobierno-de-san-andres-tuxtla-beneficia-a-jardin-de-ninos-de-buenos-aires-xoteapan-con-aula-nueva","status":"publish","type":"post","link":"https:\/\/www.noticiasperfil.com\/index\/2024\/02\/13\/gobierno-de-san-andres-tuxtla-beneficia-a-jardin-de-ninos-de-buenos-aires-xoteapan-con-aula-nueva\/","title":{"rendered":"Gobierno de San Andr\u00e9s Tuxtla beneficia a jard\u00edn de ni\u00f1os de Buenos Aires Xoteapan, con aula nueva"},"content":{"rendered":"<p><img loading=\"lazy\" decoding=\"async\" data-attachment-id=\"105647\" data-permalink=\"https:\/\/www.noticiasperfil.com\/index\/2024\/02\/13\/gobierno-de-san-andres-tuxtla-beneficia-a-jardin-de-ninos-de-buenos-aires-xoteapan-con-aula-nueva\/solana-bs-xoteapan-01\/\" data-orig-file=\"https:\/\/i0.wp.com\/www.noticiasperfil.com\/index\/wp-content\/uploads\/2024\/02\/solana-bs-xoteapan-01.jpg?fit=960%2C640&amp;ssl=1\" data-orig-size=\"960,640\" data-comments-opened=\"1\" data-image-meta=\"{&quot;aperture&quot;:&quot;0&quot;,&quot;credit&quot;:&quot;&quot;,&quot;camera&quot;:&quot;&quot;,&quot;caption&quot;:&quot;&quot;,&quot;created_timestamp&quot;:&quot;0&quot;,&quot;copyright&quot;:&quot;&quot;,&quot;focal_length&quot;:&quot;0&quot;,&quot;iso&quot;:&quot;0&quot;,&quot;shutter_speed&quot;:&quot;0&quot;,&quot;title&quot;:&quot;&quot;,&quot;orientation&quot;:&quot;0&quot;}\" data-image-title=\"solana-bs-xoteapan-01\" data-image-description=\"\" data-medium-file=\"https:\/\/i0.wp.com\/www.noticiasperfil.com\/index\/wp-content\/uploads\/2024\/02\/solana-bs-xoteapan-01.jpg?fit=660%2C365&amp;ssl=1\" data-large-file=\"https:\/\/i0.wp.com\/www.noticiasperfil.com\/index\/wp-content\/uploads\/2024\/02\/solana-bs-xoteapan-01.jpg?fit=640%2C366&amp;ssl=1\" class=\"aligncenter size-full wp-image-105647\" src=\"https:\/\/i0.wp.com\/www.noticiasperfil.com\/index\/wp-content\/uploads\/2024\/02\/solana-bs-xoteapan-01.jpg?resize=640%2C427&#038;ssl=1\" alt=\"\" width=\"640\" height=\"427\" data-recalc-dims=\"1\" \/><\/p>\n<p><em><strong>\u2022 Junto con regidores de su cabildo la alcaldesa Mar\u00eda Elena Solana Calzada, acudi\u00f3 al k\u00ednder \u201cMiguel \u00c1ngel Licona Carvajal\u201d para inaugurar este espacio educativo totalmente equipado.<\/strong><\/em><\/p>\n<p>San Andr\u00e9s Tuxtla, Ver.- En beneficio de los alumnos del jard\u00edn de ni\u00f1os \u201cMiguel \u00c1ngel Licona Carvajal\u201d, de la comunidad de Buenos Aires Xoteapan, la Presidenta Municipal de San Andr\u00e9s Tuxtla, la Dra Maria Elena Solana Calzada, acudi\u00f3 junto con miembros de su cabildo a inaugurar un aula equipada.<\/p>\n<p><img loading=\"lazy\" decoding=\"async\" data-attachment-id=\"105648\" data-permalink=\"https:\/\/www.noticiasperfil.com\/index\/2024\/02\/13\/gobierno-de-san-andres-tuxtla-beneficia-a-jardin-de-ninos-de-buenos-aires-xoteapan-con-aula-nueva\/solana-bs-xoteapan-02\/\" data-orig-file=\"https:\/\/i0.wp.com\/www.noticiasperfil.com\/index\/wp-content\/uploads\/2024\/02\/solana-bs-xoteapan-02.jpg?fit=960%2C640&amp;ssl=1\" data-orig-size=\"960,640\" data-comments-opened=\"1\" data-image-meta=\"{&quot;aperture&quot;:&quot;0&quot;,&quot;credit&quot;:&quot;&quot;,&quot;camera&quot;:&quot;&quot;,&quot;caption&quot;:&quot;&quot;,&quot;created_timestamp&quot;:&quot;0&quot;,&quot;copyright&quot;:&quot;&quot;,&quot;focal_length&quot;:&quot;0&quot;,&quot;iso&quot;:&quot;0&quot;,&quot;shutter_speed&quot;:&quot;0&quot;,&quot;title&quot;:&quot;&quot;,&quot;orientation&quot;:&quot;0&quot;}\" data-image-title=\"solana-bs-xoteapan-02\" data-image-description=\"\" data-medium-file=\"https:\/\/i0.wp.com\/www.noticiasperfil.com\/index\/wp-content\/uploads\/2024\/02\/solana-bs-xoteapan-02.jpg?fit=660%2C365&amp;ssl=1\" data-large-file=\"https:\/\/i0.wp.com\/www.noticiasperfil.com\/index\/wp-content\/uploads\/2024\/02\/solana-bs-xoteapan-02.jpg?fit=640%2C366&amp;ssl=1\" class=\"aligncenter size-full wp-image-105648\" src=\"https:\/\/i0.wp.com\/www.noticiasperfil.com\/index\/wp-content\/uploads\/2024\/02\/solana-bs-xoteapan-02.jpg?resize=640%2C427&#038;ssl=1\" alt=\"\" width=\"640\" height=\"427\" data-recalc-dims=\"1\" \/><\/p>\n<p>A la primera autoridad municipal le acompa\u00f1aron los regidores Maria Elida Pino Villaseca, Iv\u00e1n de J. Bautista Tom, Edgar Antemate Caixba, Abelardo Javier Ortiz Navarrete, Ximena Tress Fadanelli, Edgardo Cecilio Ram\u00edrez Sosa, Concepci\u00f3n Carmona Caldela, Gabriela D\u00edaz del Castillo Dom\u00ednguez y Concepci\u00f3n Danae V\u00e1zquez Molina, todos ellos recibidos por una comitiva conformada por la Directora del Jard\u00edn de ni\u00f1os, la maestra Berenice del Roc\u00edo Garc\u00eda Fuentes; la Presidenta de la Sociedad de Padres de Familia, Concepci\u00f3n Mozo Sosme; el agente municipal de Buenos Aires Xoteapan, Rodolfo Fiscal Temich, y el ejidatario Juan Fiscal Ixtepan quien durante la inauguraci\u00f3n de la obra recibi\u00f3 una placa conmemorativa en agradecimiento a que fu\u00e9 el donador del terreno donde se edific\u00f3 este k\u00ednder.<\/p>\n<p><img loading=\"lazy\" decoding=\"async\" data-attachment-id=\"105649\" data-permalink=\"https:\/\/www.noticiasperfil.com\/index\/2024\/02\/13\/gobierno-de-san-andres-tuxtla-beneficia-a-jardin-de-ninos-de-buenos-aires-xoteapan-con-aula-nueva\/solana-bs-xoteapan-03\/\" data-orig-file=\"https:\/\/i1.wp.com\/www.noticiasperfil.com\/index\/wp-content\/uploads\/2024\/02\/solana-bs-xoteapan-03.jpg?fit=960%2C540&amp;ssl=1\" data-orig-size=\"960,540\" data-comments-opened=\"1\" data-image-meta=\"{&quot;aperture&quot;:&quot;0&quot;,&quot;credit&quot;:&quot;&quot;,&quot;camera&quot;:&quot;&quot;,&quot;caption&quot;:&quot;&quot;,&quot;created_timestamp&quot;:&quot;0&quot;,&quot;copyright&quot;:&quot;&quot;,&quot;focal_length&quot;:&quot;0&quot;,&quot;iso&quot;:&quot;0&quot;,&quot;shutter_speed&quot;:&quot;0&quot;,&quot;title&quot;:&quot;&quot;,&quot;orientation&quot;:&quot;0&quot;}\" data-image-title=\"solana-bs-xoteapan-03\" data-image-description=\"\" data-medium-file=\"https:\/\/i1.wp.com\/www.noticiasperfil.com\/index\/wp-content\/uploads\/2024\/02\/solana-bs-xoteapan-03.jpg?fit=660%2C365&amp;ssl=1\" data-large-file=\"https:\/\/i1.wp.com\/www.noticiasperfil.com\/index\/wp-content\/uploads\/2024\/02\/solana-bs-xoteapan-03.jpg?fit=640%2C366&amp;ssl=1\" class=\"aligncenter size-full wp-image-105649\" src=\"https:\/\/i1.wp.com\/www.noticiasperfil.com\/index\/wp-content\/uploads\/2024\/02\/solana-bs-xoteapan-03.jpg?resize=640%2C360&#038;ssl=1\" alt=\"\" width=\"640\" height=\"360\" srcset=\"https:\/\/i1.wp.com\/www.noticiasperfil.com\/index\/wp-content\/uploads\/2024\/02\/solana-bs-xoteapan-03.jpg?w=960&amp;ssl=1 960w, https:\/\/i1.wp.com\/www.noticiasperfil.com\/index\/wp-content\/uploads\/2024\/02\/solana-bs-xoteapan-03.jpg?resize=500%2C280&amp;ssl=1 500w\" sizes=\"auto, (max-width: 640px) 100vw, 640px\" data-recalc-dims=\"1\" \/><\/p>\n<p>Para recibir de manera oficial esta obra, la profesora Berenice del Roc\u00edo Garc\u00eda Fuentes, Directora del Jard\u00edn de Ni\u00f1os, acompa\u00f1\u00f3 a una alumna del preescolar quien dio el agradecimiento a nombre de los alumnos y posteriormente, la maestra tambi\u00e9n extern\u00f3 su gratitud por este beneficio, destacando que es un compromiso cumplido por esta administraci\u00f3n municipal y resaltando las ventajas de contar con esta aula nueva y equipada para que los peque\u00f1os reciban sus clases.<\/p>\n<p><img loading=\"lazy\" decoding=\"async\" data-attachment-id=\"105650\" data-permalink=\"https:\/\/www.noticiasperfil.com\/index\/2024\/02\/13\/gobierno-de-san-andres-tuxtla-beneficia-a-jardin-de-ninos-de-buenos-aires-xoteapan-con-aula-nueva\/solana-bs-xoteapan-04\/\" data-orig-file=\"https:\/\/i1.wp.com\/www.noticiasperfil.com\/index\/wp-content\/uploads\/2024\/02\/solana-bs-xoteapan-04.jpg?fit=960%2C640&amp;ssl=1\" data-orig-size=\"960,640\" data-comments-opened=\"1\" data-image-meta=\"{&quot;aperture&quot;:&quot;0&quot;,&quot;credit&quot;:&quot;&quot;,&quot;camera&quot;:&quot;&quot;,&quot;caption&quot;:&quot;&quot;,&quot;created_timestamp&quot;:&quot;0&quot;,&quot;copyright&quot;:&quot;&quot;,&quot;focal_length&quot;:&quot;0&quot;,&quot;iso&quot;:&quot;0&quot;,&quot;shutter_speed&quot;:&quot;0&quot;,&quot;title&quot;:&quot;&quot;,&quot;orientation&quot;:&quot;0&quot;}\" data-image-title=\"solana-bs-xoteapan-04\" data-image-description=\"\" data-medium-file=\"https:\/\/i1.wp.com\/www.noticiasperfil.com\/index\/wp-content\/uploads\/2024\/02\/solana-bs-xoteapan-04.jpg?fit=660%2C365&amp;ssl=1\" data-large-file=\"https:\/\/i1.wp.com\/www.noticiasperfil.com\/index\/wp-content\/uploads\/2024\/02\/solana-bs-xoteapan-04.jpg?fit=640%2C366&amp;ssl=1\" class=\"aligncenter size-full wp-image-105650\" src=\"https:\/\/i1.wp.com\/www.noticiasperfil.com\/index\/wp-content\/uploads\/2024\/02\/solana-bs-xoteapan-04.jpg?resize=640%2C427&#038;ssl=1\" alt=\"\" width=\"640\" height=\"427\" data-recalc-dims=\"1\" \/><\/p>\n<p>La doctora Mar\u00eda Elena Solana Calzada, reiter\u00f3 que la educaci\u00f3n es un eje importante para el desarrollo municipal y es la clave para un mejor futuro y el arma m\u00e1s poderosa para cambiar al mundo, refrendando el compromiso de su gobierno para continuar mejorando y dignificando los espacios educativos.<\/p>\n<p><img loading=\"lazy\" decoding=\"async\" data-attachment-id=\"105651\" data-permalink=\"https:\/\/www.noticiasperfil.com\/index\/2024\/02\/13\/gobierno-de-san-andres-tuxtla-beneficia-a-jardin-de-ninos-de-buenos-aires-xoteapan-con-aula-nueva\/solana-bs-xoteapan-05\/\" data-orig-file=\"https:\/\/i1.wp.com\/www.noticiasperfil.com\/index\/wp-content\/uploads\/2024\/02\/solana-bs-xoteapan-05.jpg?fit=960%2C640&amp;ssl=1\" data-orig-size=\"960,640\" data-comments-opened=\"1\" data-image-meta=\"{&quot;aperture&quot;:&quot;0&quot;,&quot;credit&quot;:&quot;&quot;,&quot;camera&quot;:&quot;&quot;,&quot;caption&quot;:&quot;&quot;,&quot;created_timestamp&quot;:&quot;0&quot;,&quot;copyright&quot;:&quot;&quot;,&quot;focal_length&quot;:&quot;0&quot;,&quot;iso&quot;:&quot;0&quot;,&quot;shutter_speed&quot;:&quot;0&quot;,&quot;title&quot;:&quot;&quot;,&quot;orientation&quot;:&quot;0&quot;}\" data-image-title=\"solana-bs-xoteapan-05\" data-image-description=\"\" data-medium-file=\"https:\/\/i1.wp.com\/www.noticiasperfil.com\/index\/wp-content\/uploads\/2024\/02\/solana-bs-xoteapan-05.jpg?fit=660%2C365&amp;ssl=1\" data-large-file=\"https:\/\/i1.wp.com\/www.noticiasperfil.com\/index\/wp-content\/uploads\/2024\/02\/solana-bs-xoteapan-05.jpg?fit=640%2C366&amp;ssl=1\" class=\"aligncenter size-full wp-image-105651\" src=\"https:\/\/i1.wp.com\/www.noticiasperfil.com\/index\/wp-content\/uploads\/2024\/02\/solana-bs-xoteapan-05.jpg?resize=640%2C427&#038;ssl=1\" alt=\"\" width=\"640\" height=\"427\" data-recalc-dims=\"1\" \/><\/p>\n<p>La obra se realiz\u00f3 con una inversi\u00f3n de 638 mil 46.25 pesos, beneficiando de manera directa a 40 alumnos y quedando para futuras generaciones como un legado para la educaci\u00f3n en esta localidad rural.<\/p>\n","protected":false},"excerpt":{"rendered":"<p>\u2022 Junto con regidores de su cabildo la alcaldesa Mar\u00eda Elena Solana Calzada, acudi\u00f3 al k\u00ednder \u201cMiguel \u00c1ngel Licona Carvajal\u201d para inaugurar este espacio educativo totalmente equipado. San Andr\u00e9s Tuxtla, Ver.- En beneficio de los alumnos del jard\u00edn de ni\u00f1os \u201cMiguel \u00c1ngel Licona Carvajal\u201d, de la comunidad de Buenos Aires Xoteapan, la Presidenta Municipal de San Andr\u00e9s Tuxtla, la Dra Maria Elena Solana Calzada, acudi\u00f3 junto con miembros de su cabildo a inaugurar un aula equipada. A la primera autoridad municipal le acompa\u00f1aron los regidores Maria Elida Pino Villaseca, Iv\u00e1n&hellip;<\/p>\n","protected":false},"author":1,"featured_media":105647,"comment_status":"open","ping_status":"closed","sticky":false,"template":"","format":"standard","meta":{"footnotes":""},"categories":[3,12],"tags":[7966],"class_list":["post-105646","post","type-post","status-publish","format-standard","has-post-thumbnail","hentry","category-destacadas","category-san-andres-tuxtla","tag-maria-elena-solana-calzada"],"jetpack-related-posts":[],"_links":{"self":[{"href":"https:\/\/www.noticiasperfil.com\/index\/wp-json\/wp\/v2\/posts\/105646","targetHints":{"allow":["GET"]}}],"collection":[{"href":"https:\/\/www.noticiasperfil.com\/index\/wp-json\/wp\/v2\/posts"}],"about":[{"href":"https:\/\/www.noticiasperfil.com\/index\/wp-json\/wp\/v2\/types\/post"}],"author":[{"embeddable":true,"href":"https:\/\/www.noticiasperfil.com\/index\/wp-json\/wp\/v2\/users\/1"}],"replies":[{"embeddable":true,"href":"https:\/\/www.noticiasperfil.com\/index\/wp-json\/wp\/v2\/comments?post=105646"}],"version-history":[{"count":1,"href":"https:\/\/www.noticiasperfil.com\/index\/wp-json\/wp\/v2\/posts\/105646\/revisions"}],"predecessor-version":[{"id":105652,"href":"https:\/\/www.noticiasperfil.com\/index\/wp-json\/wp\/v2\/posts\/105646\/revisions\/105652"}],"wp:featuredmedia":[{"embeddable":true,"href":"https:\/\/www.noticiasperfil.com\/index\/wp-json\/wp\/v2\/media\/105647"}],"wp:attachment":[{"href":"https:\/\/www.noticiasperfil.com\/index\/wp-json\/wp\/v2\/media?parent=105646"}],"wp:term":[{"taxonomy":"category","embeddable":true,"href":"https:\/\/www.noticiasperfil.com\/index\/wp-json\/wp\/v2\/categories?post=105646"},{"taxonomy":"post_tag","embeddable":true,"href":"https:\/\/www.noticiasperfil.com\/index\/wp-json\/wp\/v2\/tags?post=105646"}],"curies":[{"name":"wp","href":"https:\/\/api.w.org\/{rel}","templated":true}]}}