{"id":105653,"date":"2024-02-13T15:06:05","date_gmt":"2024-02-13T21:06:05","guid":{"rendered":"https:\/\/www.noticiasperfil.com\/index\/?p=105653"},"modified":"2024-02-13T15:06:05","modified_gmt":"2024-02-13T21:06:05","slug":"la-cargada-la-bufalada-la-fiesta-politica-del-alarido","status":"publish","type":"post","link":"https:\/\/www.noticiasperfil.com\/index\/2024\/02\/13\/la-cargada-la-bufalada-la-fiesta-politica-del-alarido\/","title":{"rendered":"La cargada, la bufalada; la fiesta pol\u00edtica del alarido"},"content":{"rendered":"<p><img loading=\"lazy\" decoding=\"async\" class=\"aligncenter size-full wp-image-93555\" src=\"https:\/\/i0.wp.com\/www.noticiasperfil.com\/index\/wp-content\/uploads\/2022\/10\/prosa-aprisa.jpg?resize=480%2C270&#038;ssl=1\" alt=\"\" width=\"480\" height=\"270\" data-recalc-dims=\"1\" \/><\/p>\n<p><strong>Prosa Aprisa\/Por Arturo Reyes Isidoro.<\/strong><\/p>\n<p>La llaman la cargada, o la bufalada. Es una pr\u00e1ctica pol\u00edtica que cre\u00f3 el PRI. Con el paso de los a\u00f1os se convirti\u00f3 en una costumbre, en un h\u00e1bito, propiamente en una cultura pol\u00edtica. Forma parte de la idiosincrasia del veracruzano.<\/p>\n<p>Cada que hab\u00eda destapes de candidato a gobernador, o que lo proclamaban oficialmente candidato en una convenci\u00f3n partidista, o cuando rend\u00eda protesta como gobernador, se daba el fen\u00f3meno.<\/p>\n<p>Viejo periodista que soy, como reportero atestig\u00fc\u00e9 muchas veces cuando esa masa enorme de militantes o simpatizantes de alguna figura pol\u00edtica rompi\u00f3 los cristales de las puertas del PRI o los gruesos cristales del Teatro del Estado.<\/p>\n<p>Todos quer\u00edan entrar al acto, ser testigos del ungimiento de su candidato o gobernador, que el nuevo jefe pol\u00edtico los viera, estar en la que era una verdadera fiesta c\u00edvica y pol\u00edtica, una fiesta de verdadero alarido y de mucho colorido.<\/p>\n<p>Incluso ya gobernador en funciones, hubo figuras que atra\u00edan a la multitud, como Fidel Herrera Beltr\u00e1n, a quien una vez se le arremolin\u00f3 tanto la gente casi hasta el grado de la asfixia, que presion\u00f3 tanto que le fracturaron una costilla.<\/p>\n<p>Fidel lo disfrutaba, como otros candidatos y gobernadores tambi\u00e9n. Era, para los priistas sigue siendo, parte de un ritual. Al pol\u00edtico veracruzano de verdad, aut\u00e9ntico, eso lo alimenta, le insufla energ\u00eda, lo alivia de todos sus males, le da vida.<\/p>\n<p>Pero nadie que no haya nacido en Veracruz, que no se haya formado en su medio pol\u00edtico, que no conozca al veracruzano interesado en la participaci\u00f3n pol\u00edtica-partidista lo entiende, y si no lo entiende no lo pr\u00e1ctica, no lo vive y no lo disfruta.<\/p>\n<p>Ese desconocimiento es una de las fallas que le veo a Roc\u00edo Nahle, quien, zacatecana, urgida de legitimidad que solo le dar\u00eda el acercamiento, el contacto directo con quienes quiere gobernar para que la sientan, se niega y se resiste a esa cercan\u00eda tan necesaria como urgente para ella.<\/p>\n<p>Contra lo que se pueda pensar, tengo conocimiento que s\u00ed hay personas de su partido, veracruzanos, por supuesto, que se dan cuenta de la falla y que sabiendo las consecuencias negativas que puede tener le han querido decir y pedir que, por ejemplo, quite las vallas met\u00e1licas de las que se rodea para que nadie se le acerque, pero ni siquiera permite que terminen y los para con un no rotundo.<\/p>\n<p>Su argumento o pretexto es que no quiere que la gente, que los veracruzanos, esos que ir\u00edan a votar por ella, se le acerquen y la aprieten, o sea, la se\u00f1ora sali\u00f3 delicada y por esa delicadeza no se deja querer, sentir el calor del veracruzano, que se da cuenta del rechazo.<\/p>\n<p>Por lo que se vio en su precampa\u00f1a, la se\u00f1ora adolece del mismo problema de Cuitl\u00e1huac: tuvieron un ascenso pol\u00edtico hasta las alturas sin haber pasado por etapas intermedias como ser jefe de manzana, director o directora de alg\u00fan \u00e1rea de un ayuntamiento, regidor, s\u00edndico, miembro de un cargo en alg\u00fan comit\u00e9 municipal de su partido, en fin, les falt\u00f3 haber vivido pr\u00e1cticas pol\u00edticas que ense\u00f1an y dan experiencia.<\/p>\n<p>Quien quiera que revise las fotos y videos de sus actividades puede advertir que la se\u00f1ora vino a Veracruz como aspirante y luego precandidata en plan de conquistadora, viendo a los veracruzanos menos, a los que les hace un favor pretendi\u00e9ndolos gobernar. Craso error.<\/p>\n<p>Su salto a las alturas, haber formado parte del gabinete presidencial, haber sido actora de la pr\u00e1ctica ceremonial que rodea al presidente, quien viaja en camionetas blindadas, rodeado por los miembros del Ej\u00e9rcito que fueron parte del Estado Mayor Presidencial, aislado de la poblaci\u00f3n por vallas met\u00e1licas, la da\u00f1aron para la aspiraci\u00f3n que tiene de ser gobernadora.<\/p>\n<p>Act\u00faa, siempre ha actuado como el presidente, como si ya fuera gobernadora y repite en forma exacta el esquema de protecci\u00f3n que rodea a L\u00f3pez Obrador: se mueve en un aparatoso, costoso y lujoso convoy de camionetas, la rodea un equipo de seguridad y de \u201cayudantes\u201d (la ayudant\u00eda que fue de Fidel Herrera) que impide que la gente se le acerque, en sus actos est\u00e1 rodeada de vallas met\u00e1licas y nunca se baja de los entarimados donde colocan los pres\u00eddium. Nunca se le ha visto que llegue a un restaurante o a alg\u00fan caf\u00e9 y salude a los comensales de mano, uno a uno.<\/p>\n<p>En su campa\u00f1a ser\u00e1 lo mismo. Cometi\u00f3 otro error, de origen: no empez\u00f3 de menos a m\u00e1s de tal forma que ahora no puede ya bajarse de su camionetota de lujo, movilizarse en un veh\u00edculo austero, como el de cualquier ciudadano, dejar los entarimados y mezclarse con la gente, eliminar a sus guaruras, quitar las vallas met\u00e1licas, porque si lo hace el veracruzano sabr\u00e1 que es una farsa.<\/p>\n<p>Permiti\u00f3 que le inflaran sus encuestas, que la pusieran casi hasta el rango o porcentaje de 100, y ya no puede bajar porque dar\u00eda la imagen de derrota. El problema es que el tope es 100, de tal forma que ya no puede crecer m\u00e1s. Cuando se llega a la altura m\u00e1xima lo que \u00fanico que queda es la ca\u00edda. Debieron ir dosificando su crecimiento para que se viera natural y fuera cre\u00edble.<\/p>\n<p>Lo que se sabe es que para la campa\u00f1a (pr\u00e1cticamente abril y mayo, aunque inicia el 31 de marzo), en Morena vienen con todo, la elecci\u00f3n de Estado que ha estado denunciando Pepe Yunes, y van a recurrir a todas las malas pr\u00e1cticas, ilegales por supuesto, para tratar de ganar a toda costa. No parar\u00e1n por nada.<\/p>\n<p>La semana pasada ya empezaron a intentar a golpear a Pepe con una campa\u00f1a en redes que no tuvo ning\u00fan \u00e9xito. Saben que la competencia ya est\u00e1 cerrada y pareja aunque alguna encuesta ya le da al de Perote una ventaja de 3 puntos, pr\u00e1cticamente un empate t\u00e9cnico, pero puntos valiosos porque no tiene todos los recursos del gobierno.<\/p>\n<p>Vienen las campa\u00f1as y si inician una guerra sucia contra Pepe, seguramente los de la coalici\u00f3n opositora no se van a dar callados, y cuidado que la se\u00f1ora tiene mucha tela de d\u00f3nde cortar, como la de Dos Bocas, o que sus hijas Tania y Roc\u00edo Pe\u00f1a ni siquiera estudiaron en una universidad de Veracruz sino en el Tecnol\u00f3gico de Monterrey, de las m\u00e1s caras, y Roc\u00edo hija en la Columbia University de Nueva York, cuando Morena proclama austeridad republicana y pobreza franciscana y el mismo L\u00f3pez Obrador dijo el 5 de agosto de 2021 que \u201clos que van a estudiar al extranjero aprenden a robar\u201d.<\/p>\n<p>O sea ni mam\u00e1 ni hijas se han involucrado con los veracruzanos, pero ahora quieren su voto. Ya se ver\u00e1 si todo el dinero p\u00fablico que van a derrochar alcanza para derrotar la voluntad de un pueblo que se identifica plenamente, pero con los suyos.<\/p>\n<p><strong>Otra mujer valiente<\/strong><\/p>\n<p>Ayer dije que la exjueza Ang\u00e9lica S\u00e1nchez Hern\u00e1ndez me tiene sorprendido y admirado por su valent\u00eda, luego de que no se ech\u00f3 para atr\u00e1s cuando el gobierno de Cuitl\u00e1huac Garc\u00eda Jim\u00e9nez reinici\u00f3 la persecuci\u00f3n en su contra por haber aceptado ser candidata de MC a senadora.<\/p>\n<p>Hay otra mujer valiente, veracruzana de verdad, huasteca, Octavia Ortega Arteaga, \u201cTava\u201d Ortega, quien, igual, ha vivido y sido v\u00edctima de la peor violencia, pero nada la ha hecho desistir.<\/p>\n<p>Exalcaldesa de P\u00e1nuco, exdiputada local por ese distrito, expresidenta de la Mesa Directiva de la Legislatura del Congreso local, sufri\u00f3 el secuestro de su esposo en 2011, regidor entonces, por el que se pag\u00f3 un rescate pero nunca apareci\u00f3 y luego, en 2018, sus enemigos pol\u00edticos mandaron tirar una mano humana frente a la puerta de su casa para intimidarla y obligarla a que se retirara de su candidatura a diputada local.<\/p>\n<p>Cosas del tiempo, entonces era candidata del PRI cuando Pepe Yunes era candidato a gobernador por el mismo partido.<\/p>\n<p>Nada la ha intimidado, ah\u00ed est\u00e1 y sigue, con todas las posibilidades de ser ahora candidata del PVEM a diputada local si decide aceptar. Ella tiene miles de seguidores, simpatizantes suyos, que le pueden sumar miles de votos a la candidata aliada de su partido, Roc\u00edo Nahle.<\/p>\n","protected":false},"excerpt":{"rendered":"<p>Prosa Aprisa\/Por Arturo Reyes Isidoro. La llaman la cargada, o la bufalada. Es una pr\u00e1ctica pol\u00edtica que cre\u00f3 el PRI. Con el paso de los a\u00f1os se convirti\u00f3 en una costumbre, en un h\u00e1bito, propiamente en una cultura pol\u00edtica. Forma parte de la idiosincrasia del veracruzano. Cada que hab\u00eda destapes de candidato a gobernador, o que lo proclamaban oficialmente candidato en una convenci\u00f3n partidista, o cuando rend\u00eda protesta como gobernador, se daba el fen\u00f3meno. Viejo periodista que soy, como reportero atestig\u00fc\u00e9 muchas veces cuando esa masa enorme de militantes o&hellip;<\/p>\n","protected":false},"author":1,"featured_media":0,"comment_status":"open","ping_status":"closed","sticky":false,"template":"","format":"standard","meta":{"footnotes":""},"categories":[8,10],"tags":[112],"class_list":["post-105653","post","type-post","status-publish","format-standard","hentry","category-opinion","category-prosa-aprisa","tag-arturo-reyes-isidoro"],"jetpack-related-posts":[],"_links":{"self":[{"href":"https:\/\/www.noticiasperfil.com\/index\/wp-json\/wp\/v2\/posts\/105653","targetHints":{"allow":["GET"]}}],"collection":[{"href":"https:\/\/www.noticiasperfil.com\/index\/wp-json\/wp\/v2\/posts"}],"about":[{"href":"https:\/\/www.noticiasperfil.com\/index\/wp-json\/wp\/v2\/types\/post"}],"author":[{"embeddable":true,"href":"https:\/\/www.noticiasperfil.com\/index\/wp-json\/wp\/v2\/users\/1"}],"replies":[{"embeddable":true,"href":"https:\/\/www.noticiasperfil.com\/index\/wp-json\/wp\/v2\/comments?post=105653"}],"version-history":[{"count":1,"href":"https:\/\/www.noticiasperfil.com\/index\/wp-json\/wp\/v2\/posts\/105653\/revisions"}],"predecessor-version":[{"id":105654,"href":"https:\/\/www.noticiasperfil.com\/index\/wp-json\/wp\/v2\/posts\/105653\/revisions\/105654"}],"wp:attachment":[{"href":"https:\/\/www.noticiasperfil.com\/index\/wp-json\/wp\/v2\/media?parent=105653"}],"wp:term":[{"taxonomy":"category","embeddable":true,"href":"https:\/\/www.noticiasperfil.com\/index\/wp-json\/wp\/v2\/categories?post=105653"},{"taxonomy":"post_tag","embeddable":true,"href":"https:\/\/www.noticiasperfil.com\/index\/wp-json\/wp\/v2\/tags?post=105653"}],"curies":[{"name":"wp","href":"https:\/\/api.w.org\/{rel}","templated":true}]}}