{"id":105655,"date":"2024-02-13T15:12:38","date_gmt":"2024-02-13T21:12:38","guid":{"rendered":"https:\/\/www.noticiasperfil.com\/index\/?p=105655"},"modified":"2024-02-13T15:12:38","modified_gmt":"2024-02-13T21:12:38","slug":"cerca-de-25-mil-veracruzanos-ejerceran-su-voto-en-el-extranjero","status":"publish","type":"post","link":"https:\/\/www.noticiasperfil.com\/index\/2024\/02\/13\/cerca-de-25-mil-veracruzanos-ejerceran-su-voto-en-el-extranjero\/","title":{"rendered":"Cerca de 25 mil veracruzanos ejercer\u00e1n su voto en el extranjero"},"content":{"rendered":"<p><img loading=\"lazy\" decoding=\"async\" data-attachment-id=\"105656\" data-permalink=\"https:\/\/www.noticiasperfil.com\/index\/2024\/02\/13\/cerca-de-25-mil-veracruzanos-ejerceran-su-voto-en-el-extranjero\/sergio-vera-olvera\/\" data-orig-file=\"https:\/\/i0.wp.com\/www.noticiasperfil.com\/index\/wp-content\/uploads\/2024\/02\/sergio-vera-olvera.jpg?fit=1280%2C853&amp;ssl=1\" data-orig-size=\"1280,853\" data-comments-opened=\"1\" data-image-meta=\"{&quot;aperture&quot;:&quot;0&quot;,&quot;credit&quot;:&quot;&quot;,&quot;camera&quot;:&quot;&quot;,&quot;caption&quot;:&quot;&quot;,&quot;created_timestamp&quot;:&quot;0&quot;,&quot;copyright&quot;:&quot;&quot;,&quot;focal_length&quot;:&quot;0&quot;,&quot;iso&quot;:&quot;0&quot;,&quot;shutter_speed&quot;:&quot;0&quot;,&quot;title&quot;:&quot;&quot;,&quot;orientation&quot;:&quot;0&quot;}\" data-image-title=\"sergio-vera-olvera\" data-image-description=\"\" data-medium-file=\"https:\/\/i0.wp.com\/www.noticiasperfil.com\/index\/wp-content\/uploads\/2024\/02\/sergio-vera-olvera.jpg?fit=660%2C365&amp;ssl=1\" data-large-file=\"https:\/\/i0.wp.com\/www.noticiasperfil.com\/index\/wp-content\/uploads\/2024\/02\/sergio-vera-olvera.jpg?fit=640%2C366&amp;ssl=1\" class=\"aligncenter size-full wp-image-105656\" src=\"https:\/\/i0.wp.com\/www.noticiasperfil.com\/index\/wp-content\/uploads\/2024\/02\/sergio-vera-olvera.jpg?resize=640%2C427&#038;ssl=1\" alt=\"\" width=\"640\" height=\"427\" data-recalc-dims=\"1\" \/><\/p>\n<p>Xalapa, Ver.-\u00a0El vocal Ejecutivo del Registro Federal de Electores en Veracruz, Sergio Vera Olvera, inform\u00f3 que para el proceso electoral del 2 de junio, alrededor de 25 mil veracruzanos radicados en el extranjero podr\u00e1n emitir su voto en cualquiera de las tres modalidades aprobabas por el INE, \u00fanicamente para presidente de la Rep\u00fablica y Senado.<\/p>\n<div dir=\"auto\">Una de las opciones es el formato presencial en las casillas que se instalar\u00e1n en los 23 consulados del mundo, el voto postal y el electr\u00f3nico.<\/div>\n<div dir=\"auto\"><\/div>\n<div dir=\"auto\">Para ello, el INE instalar\u00e1 casillas en m\u00e1s de 20 consulados en Estados Unidos, Canad\u00e1, Espa\u00f1a y Par\u00eds; se espera el sufragio de 23 mil ciudadanos.<\/div>\n<div dir=\"auto\"><\/div>\n<div dir=\"auto\">Vera Olvera fue entrevistado previo a la certificaci\u00f3n internacional en la Norma ISO 9001:2015 para el servicio de atenci\u00f3n a la ciudadan\u00eda durante el tr\u00e1mite de expedici\u00f3n de la credencial para votar.<\/div>\n<div dir=\"auto\"><\/div>\n<div dir=\"auto\">Al respecto record\u00f3 que el 20 de febrero vence el plazo para el proceso de inscripci\u00f3n en la Lista Nominal del Electorado en el Extranjero; aunque, el pr\u00f3ximo jueves, habr\u00e1 de definirse si ampl\u00eda la fecha tal como lo impulsa la Comisi\u00f3n Temporal del Voto de las y los Mexicanos Residentes en el Extranjero del Instituto Nacional Electoral (INE).<\/div>\n<div dir=\"auto\"><\/div>\n<div dir=\"auto\">Las elecciones son el pr\u00f3ximo domingo 2 de junio.<\/div>\n","protected":false},"excerpt":{"rendered":"<p>Xalapa, Ver.-\u00a0El vocal Ejecutivo del Registro Federal de Electores en Veracruz, Sergio Vera Olvera, inform\u00f3 que para el proceso electoral del 2 de junio, alrededor de 25 mil veracruzanos radicados en el extranjero podr\u00e1n emitir su voto en cualquiera de las tres modalidades aprobabas por el INE, \u00fanicamente para presidente de la Rep\u00fablica y Senado. Una de las opciones es el formato presencial en las casillas que se instalar\u00e1n en los 23 consulados del mundo, el voto postal y el electr\u00f3nico. Para ello, el INE instalar\u00e1 casillas en m\u00e1s de&hellip;<\/p>\n","protected":false},"author":1,"featured_media":105656,"comment_status":"open","ping_status":"closed","sticky":false,"template":"","format":"standard","meta":{"footnotes":""},"categories":[3,4],"tags":[10321,709],"class_list":["post-105655","post","type-post","status-publish","format-standard","has-post-thumbnail","hentry","category-destacadas","category-estatal","tag-elecciones-veracruz-2024","tag-ine"],"jetpack-related-posts":[],"_links":{"self":[{"href":"https:\/\/www.noticiasperfil.com\/index\/wp-json\/wp\/v2\/posts\/105655","targetHints":{"allow":["GET"]}}],"collection":[{"href":"https:\/\/www.noticiasperfil.com\/index\/wp-json\/wp\/v2\/posts"}],"about":[{"href":"https:\/\/www.noticiasperfil.com\/index\/wp-json\/wp\/v2\/types\/post"}],"author":[{"embeddable":true,"href":"https:\/\/www.noticiasperfil.com\/index\/wp-json\/wp\/v2\/users\/1"}],"replies":[{"embeddable":true,"href":"https:\/\/www.noticiasperfil.com\/index\/wp-json\/wp\/v2\/comments?post=105655"}],"version-history":[{"count":1,"href":"https:\/\/www.noticiasperfil.com\/index\/wp-json\/wp\/v2\/posts\/105655\/revisions"}],"predecessor-version":[{"id":105657,"href":"https:\/\/www.noticiasperfil.com\/index\/wp-json\/wp\/v2\/posts\/105655\/revisions\/105657"}],"wp:featuredmedia":[{"embeddable":true,"href":"https:\/\/www.noticiasperfil.com\/index\/wp-json\/wp\/v2\/media\/105656"}],"wp:attachment":[{"href":"https:\/\/www.noticiasperfil.com\/index\/wp-json\/wp\/v2\/media?parent=105655"}],"wp:term":[{"taxonomy":"category","embeddable":true,"href":"https:\/\/www.noticiasperfil.com\/index\/wp-json\/wp\/v2\/categories?post=105655"},{"taxonomy":"post_tag","embeddable":true,"href":"https:\/\/www.noticiasperfil.com\/index\/wp-json\/wp\/v2\/tags?post=105655"}],"curies":[{"name":"wp","href":"https:\/\/api.w.org\/{rel}","templated":true}]}}