{"id":105658,"date":"2024-02-13T15:17:54","date_gmt":"2024-02-13T21:17:54","guid":{"rendered":"https:\/\/www.noticiasperfil.com\/index\/?p=105658"},"modified":"2024-02-13T15:17:54","modified_gmt":"2024-02-13T21:17:54","slug":"en-veracruz-se-espera-la-participacion-ciudadana-del-60-para-el-dia-de-las-elecciones","status":"publish","type":"post","link":"https:\/\/www.noticiasperfil.com\/index\/2024\/02\/13\/en-veracruz-se-espera-la-participacion-ciudadana-del-60-para-el-dia-de-las-elecciones\/","title":{"rendered":"En Veracruz, se espera la participaci\u00f3n ciudadana del 60% para el d\u00eda de las elecciones"},"content":{"rendered":"<p><img loading=\"lazy\" decoding=\"async\" data-attachment-id=\"105659\" data-permalink=\"https:\/\/www.noticiasperfil.com\/index\/2024\/02\/13\/en-veracruz-se-espera-la-participacion-ciudadana-del-60-para-el-dia-de-las-elecciones\/vocales-ine\/\" data-orig-file=\"https:\/\/i1.wp.com\/www.noticiasperfil.com\/index\/wp-content\/uploads\/2024\/02\/vocales-ine.jpg?fit=1280%2C720&amp;ssl=1\" data-orig-size=\"1280,720\" data-comments-opened=\"1\" data-image-meta=\"{&quot;aperture&quot;:&quot;0&quot;,&quot;credit&quot;:&quot;&quot;,&quot;camera&quot;:&quot;&quot;,&quot;caption&quot;:&quot;&quot;,&quot;created_timestamp&quot;:&quot;0&quot;,&quot;copyright&quot;:&quot;&quot;,&quot;focal_length&quot;:&quot;0&quot;,&quot;iso&quot;:&quot;0&quot;,&quot;shutter_speed&quot;:&quot;0&quot;,&quot;title&quot;:&quot;&quot;,&quot;orientation&quot;:&quot;0&quot;}\" data-image-title=\"vocales-ine\" data-image-description=\"\" data-medium-file=\"https:\/\/i1.wp.com\/www.noticiasperfil.com\/index\/wp-content\/uploads\/2024\/02\/vocales-ine.jpg?fit=660%2C365&amp;ssl=1\" data-large-file=\"https:\/\/i1.wp.com\/www.noticiasperfil.com\/index\/wp-content\/uploads\/2024\/02\/vocales-ine.jpg?fit=640%2C366&amp;ssl=1\" class=\"aligncenter size-full wp-image-105659\" src=\"https:\/\/i1.wp.com\/www.noticiasperfil.com\/index\/wp-content\/uploads\/2024\/02\/vocales-ine.jpg?resize=640%2C360&#038;ssl=1\" alt=\"\" width=\"640\" height=\"360\" srcset=\"https:\/\/i1.wp.com\/www.noticiasperfil.com\/index\/wp-content\/uploads\/2024\/02\/vocales-ine.jpg?w=1280&amp;ssl=1 1280w, https:\/\/i1.wp.com\/www.noticiasperfil.com\/index\/wp-content\/uploads\/2024\/02\/vocales-ine.jpg?resize=500%2C280&amp;ssl=1 500w\" sizes=\"auto, (max-width: 640px) 100vw, 640px\" data-recalc-dims=\"1\" \/><\/p>\n<p>Xalapa, Ver.- El vocal Ejecutivo de la Junta Local del INE, Josu\u00e9 Cervantes Mart\u00ednez, inform\u00f3 que para el proceso electoral del 2 de junio se espera la participaci\u00f3n del 60 por ciento de ciudadanos en un padr\u00f3n de 6 millones de electores.<\/p>\n<p>\u00abEso es una buena noticia, no vemos ning\u00fan problema para superar ese umbral y en realidad yo esperar\u00eda una votaci\u00f3n incluso m\u00e1s elevada\u00bb.<\/p>\n<p>En entrevista, Cervantes Mart\u00ednez, precis\u00f3 que la elecci\u00f3n del 2 de junio ha levantado una efervescencia interesante en los \u00faltimos meses.<\/p>\n<p>\u00abHay mucha actividad pol\u00edtica que necesariamente llega a casa y yo apostar\u00eda que pudi\u00e9ramos alcanzar el margen que tuvimos en el 94 que fue alrededor de 74 por ciento\u00bb.<\/p>\n<p>En ese sentido, inform\u00f3 que el padr\u00f3n electoral es de alrededor de 6 millones de electores, que podr\u00eda aumentar debido a que faltan ciudadanos en recoger su mica, toda vez que tienen hasta el 14 de marzo.<\/p>\n<p>Cervantes Mart\u00ednez, inform\u00f3 tambi\u00e9n que est\u00e1 a la espera de que las autoridades federales y estatales definan la participaci\u00f3n del INE en las mesas de coordinaci\u00f3n para la construcci\u00f3n de la paz y exponer la informaci\u00f3n que consideren pertinente para los temas de seguridad en la jornada comicial del 2 de junio.<\/p>\n","protected":false},"excerpt":{"rendered":"<p>Xalapa, Ver.- El vocal Ejecutivo de la Junta Local del INE, Josu\u00e9 Cervantes Mart\u00ednez, inform\u00f3 que para el proceso electoral del 2 de junio se espera la participaci\u00f3n del 60 por ciento de ciudadanos en un padr\u00f3n de 6 millones de electores. \u00abEso es una buena noticia, no vemos ning\u00fan problema para superar ese umbral y en realidad yo esperar\u00eda una votaci\u00f3n incluso m\u00e1s elevada\u00bb. En entrevista, Cervantes Mart\u00ednez, precis\u00f3 que la elecci\u00f3n del 2 de junio ha levantado una efervescencia interesante en los \u00faltimos meses. \u00abHay mucha actividad pol\u00edtica&hellip;<\/p>\n","protected":false},"author":1,"featured_media":105659,"comment_status":"open","ping_status":"closed","sticky":false,"template":"","format":"standard","meta":{"footnotes":""},"categories":[3,4],"tags":[10321],"class_list":["post-105658","post","type-post","status-publish","format-standard","has-post-thumbnail","hentry","category-destacadas","category-estatal","tag-elecciones-veracruz-2024"],"jetpack-related-posts":[],"_links":{"self":[{"href":"https:\/\/www.noticiasperfil.com\/index\/wp-json\/wp\/v2\/posts\/105658","targetHints":{"allow":["GET"]}}],"collection":[{"href":"https:\/\/www.noticiasperfil.com\/index\/wp-json\/wp\/v2\/posts"}],"about":[{"href":"https:\/\/www.noticiasperfil.com\/index\/wp-json\/wp\/v2\/types\/post"}],"author":[{"embeddable":true,"href":"https:\/\/www.noticiasperfil.com\/index\/wp-json\/wp\/v2\/users\/1"}],"replies":[{"embeddable":true,"href":"https:\/\/www.noticiasperfil.com\/index\/wp-json\/wp\/v2\/comments?post=105658"}],"version-history":[{"count":1,"href":"https:\/\/www.noticiasperfil.com\/index\/wp-json\/wp\/v2\/posts\/105658\/revisions"}],"predecessor-version":[{"id":105660,"href":"https:\/\/www.noticiasperfil.com\/index\/wp-json\/wp\/v2\/posts\/105658\/revisions\/105660"}],"wp:featuredmedia":[{"embeddable":true,"href":"https:\/\/www.noticiasperfil.com\/index\/wp-json\/wp\/v2\/media\/105659"}],"wp:attachment":[{"href":"https:\/\/www.noticiasperfil.com\/index\/wp-json\/wp\/v2\/media?parent=105658"}],"wp:term":[{"taxonomy":"category","embeddable":true,"href":"https:\/\/www.noticiasperfil.com\/index\/wp-json\/wp\/v2\/categories?post=105658"},{"taxonomy":"post_tag","embeddable":true,"href":"https:\/\/www.noticiasperfil.com\/index\/wp-json\/wp\/v2\/tags?post=105658"}],"curies":[{"name":"wp","href":"https:\/\/api.w.org\/{rel}","templated":true}]}}