{"id":105661,"date":"2024-02-13T18:56:41","date_gmt":"2024-02-14T00:56:41","guid":{"rendered":"https:\/\/www.noticiasperfil.com\/index\/?p=105661"},"modified":"2024-02-13T18:56:41","modified_gmt":"2024-02-14T00:56:41","slug":"incongruente-que-quienes-oprimieron-al-pais-llamen-a-marchar-por-la-libertad-manuel-huerta","status":"publish","type":"post","link":"https:\/\/www.noticiasperfil.com\/index\/2024\/02\/13\/incongruente-que-quienes-oprimieron-al-pais-llamen-a-marchar-por-la-libertad-manuel-huerta\/","title":{"rendered":"Incongruente que quienes oprimieron al pa\u00eds, llamen a marchar por la libertad: Manuel Huerta"},"content":{"rendered":"<p><img loading=\"lazy\" decoding=\"async\" data-attachment-id=\"105662\" data-permalink=\"https:\/\/www.noticiasperfil.com\/index\/2024\/02\/13\/incongruente-que-quienes-oprimieron-al-pais-llamen-a-marchar-por-la-libertad-manuel-huerta\/huerta-exsome\/\" data-orig-file=\"https:\/\/i1.wp.com\/www.noticiasperfil.com\/index\/wp-content\/uploads\/2024\/02\/huerta-exsome.jpg?fit=1280%2C852&amp;ssl=1\" data-orig-size=\"1280,852\" data-comments-opened=\"1\" data-image-meta=\"{&quot;aperture&quot;:&quot;0&quot;,&quot;credit&quot;:&quot;&quot;,&quot;camera&quot;:&quot;&quot;,&quot;caption&quot;:&quot;&quot;,&quot;created_timestamp&quot;:&quot;0&quot;,&quot;copyright&quot;:&quot;&quot;,&quot;focal_length&quot;:&quot;0&quot;,&quot;iso&quot;:&quot;0&quot;,&quot;shutter_speed&quot;:&quot;0&quot;,&quot;title&quot;:&quot;&quot;,&quot;orientation&quot;:&quot;0&quot;}\" data-image-title=\"huerta-exsome\" data-image-description=\"\" data-medium-file=\"https:\/\/i1.wp.com\/www.noticiasperfil.com\/index\/wp-content\/uploads\/2024\/02\/huerta-exsome.jpg?fit=660%2C365&amp;ssl=1\" data-large-file=\"https:\/\/i1.wp.com\/www.noticiasperfil.com\/index\/wp-content\/uploads\/2024\/02\/huerta-exsome.jpg?fit=640%2C366&amp;ssl=1\" class=\"aligncenter size-full wp-image-105662\" src=\"https:\/\/i1.wp.com\/www.noticiasperfil.com\/index\/wp-content\/uploads\/2024\/02\/huerta-exsome.jpg?resize=640%2C426&#038;ssl=1\" alt=\"\" width=\"640\" height=\"426\" data-recalc-dims=\"1\" \/><\/p>\n<p>Veracruz, Ver.- Qued\u00f3 registrado ante la dirigencia nacional de Morena la primera f\u00f3rmula de Morena al Senado integrada por Manuel Huerta (titular) y Ricardo Exsome (suplente) como candidatos para el proceso federal de la alianza \u201cSigamos Haciendo Historia\u201d, en ese sentido el tambi\u00e9n Coordinador de la Defensa del Federalismo reiter\u00f3 su total apoyo al paquete de iniciativas de reforma constitucionales propuestas por el presidente, Andr\u00e9s Manuel L\u00f3pez Obrador.<\/p>\n<p>Manuel Huerta, en entrevista, celebr\u00f3 la actitud de quienes se declararon abiertamente en apoyo a la oposici\u00f3n tras d\u00e9cadas de beneficiarse, desde el anonimato, de los apoyos, concesiones y negocios con los gobiernos neoliberales, para que los ciudadanos tengan un claro panorama de qui\u00e9nes son los que est\u00e1n detr\u00e1s de los partidos buscando retomar el control del pa\u00eds y cobijarse con el fuero para seguir enriqueci\u00e9ndose.<\/p>\n<p>\u201cVer c\u00f3mo llaman a manifestarse los opresores ahora por la libertad, qu\u00e9 cosas est\u00e1n por verse, uno de ellos que se benefici\u00f3 de las privatizaciones y ahora se declara en n\u00fameros rojos, los que da\u00f1aron tanto a la poblaci\u00f3n ahora se declaran del coraz\u00f3n blandito, ellos que se dec\u00edan apartidistas y que luchaban por la universalizaci\u00f3n de la educaci\u00f3n ahora toman bandera con los opresores, con los que han da\u00f1ado al pa\u00eds, pues yo celebro que ya fuera m\u00e1scaras y todos a dar la cara de lo que pensamos, de lo que sentimos, que no haya simulaci\u00f3n, que estemos de frente actuando\u201d, expres\u00f3 el ya candidato al Senado por Morena.<\/p>\n<p>Reiter\u00f3 su total apoyo al paquete de iniciativas de reformas constitucionales que present\u00f3 el Presidente, Andr\u00e9s Manuel L\u00f3pez Obrador, el pasado 5 de febrero e insisti\u00f3 en reducir el n\u00famero de representantes ante las c\u00e1maras de diputados federales y senadores para lograr un importante ahorro de recursos dentro de la pol\u00edtica de austeridad republicana.<\/p>\n<p>Consider\u00f3 que reducir el n\u00famero de diputaciones federales y senadur\u00edas plurinominales no representa un atentado contra la democracia pues explic\u00f3 que \u201cfue en las legislaturas que se integraron durante los gobiernos de Salinas y Pe\u00f1a Nieto cuando se arrebata la esencia del contenido ejemplar a nivel mundial de nuestra constituci\u00f3n con ese componente socialista en beneficio de las causas populares del pa\u00eds, producto de una revoluci\u00f3n mexicana, tener la oportunidad de debatirlo y no como un cambio de la constituci\u00f3n, sino con un ajuste de alrededor de 20 reformas, 18 de ellas a la constituci\u00f3n y 2 a los cuerpos de leyes secundarias permitir\u00eda regresar a esa esencia\u201d, apunt\u00f3.<\/p>\n<p>Dijo que la reducci\u00f3n de las plurinominales es sumamente necesaria pues las c\u00e1maras pasaron de ser un equilibrio para la democracia de la Naci\u00f3n a un antro de perdici\u00f3n donde los que ocupan los palacios del Senado y la Diputaci\u00f3n Federal pierden la esencia de la representaci\u00f3n del pueblo y ocupan su cargo para enriquecerse a cambio de votar a favor de temas perjudiciales para la naci\u00f3n como ocurri\u00f3 con la Reforma Energ\u00e9tica.<\/p>\n<p>\u201cLa creaci\u00f3n de los plurinominales no fue la creaci\u00f3n de un equilibrio de la democracia, fue sacar a los opositores de la \u00e9poca, de las luchas sociales, campesinos, sindicales, de la lucha del territorio a darles el confort que tienen ahora los palacios legislativos, porque algunos se la creen que ah\u00ed est\u00e1 el poder y la verdad se volvieron en antros de perdici\u00f3n de los que llegaban a representar al pueblo, por no decir lo que vimos en la Reforma Energ\u00e9tica donde daban los billetazos para votar a favor y eso ocurre en las regidur\u00edas, en los palacios legislativos\u201d, expres\u00f3 textualmente al considerar necesaria la reducci\u00f3n de dichas representaciones.<\/p>\n<p>Finalmente record\u00f3 que est\u00e1 por definirse los perfiles de quienes ocupar\u00e1n las magistraturas del Poder Judicial del Estado, a lo que insisti\u00f3 en la necesidad de que se propongan y se designen a quienes de verdad se encuentran capacitados para desempe\u00f1ar esos importantes espacios para la impartici\u00f3n de justicia en el Estado de Veracruz.<\/p>\n","protected":false},"excerpt":{"rendered":"<p>Veracruz, Ver.- Qued\u00f3 registrado ante la dirigencia nacional de Morena la primera f\u00f3rmula de Morena al Senado integrada por Manuel Huerta (titular) y Ricardo Exsome (suplente) como candidatos para el proceso federal de la alianza \u201cSigamos Haciendo Historia\u201d, en ese sentido el tambi\u00e9n Coordinador de la Defensa del Federalismo reiter\u00f3 su total apoyo al paquete de iniciativas de reforma constitucionales propuestas por el presidente, Andr\u00e9s Manuel L\u00f3pez Obrador. Manuel Huerta, en entrevista, celebr\u00f3 la actitud de quienes se declararon abiertamente en apoyo a la oposici\u00f3n tras d\u00e9cadas de beneficiarse, desde&hellip;<\/p>\n","protected":false},"author":1,"featured_media":105662,"comment_status":"open","ping_status":"closed","sticky":false,"template":"","format":"standard","meta":{"footnotes":""},"categories":[3,4],"tags":[3075],"class_list":["post-105661","post","type-post","status-publish","format-standard","has-post-thumbnail","hentry","category-destacadas","category-estatal","tag-manuel-huerta-ladron-de-guevara"],"jetpack-related-posts":[],"_links":{"self":[{"href":"https:\/\/www.noticiasperfil.com\/index\/wp-json\/wp\/v2\/posts\/105661","targetHints":{"allow":["GET"]}}],"collection":[{"href":"https:\/\/www.noticiasperfil.com\/index\/wp-json\/wp\/v2\/posts"}],"about":[{"href":"https:\/\/www.noticiasperfil.com\/index\/wp-json\/wp\/v2\/types\/post"}],"author":[{"embeddable":true,"href":"https:\/\/www.noticiasperfil.com\/index\/wp-json\/wp\/v2\/users\/1"}],"replies":[{"embeddable":true,"href":"https:\/\/www.noticiasperfil.com\/index\/wp-json\/wp\/v2\/comments?post=105661"}],"version-history":[{"count":1,"href":"https:\/\/www.noticiasperfil.com\/index\/wp-json\/wp\/v2\/posts\/105661\/revisions"}],"predecessor-version":[{"id":105663,"href":"https:\/\/www.noticiasperfil.com\/index\/wp-json\/wp\/v2\/posts\/105661\/revisions\/105663"}],"wp:featuredmedia":[{"embeddable":true,"href":"https:\/\/www.noticiasperfil.com\/index\/wp-json\/wp\/v2\/media\/105662"}],"wp:attachment":[{"href":"https:\/\/www.noticiasperfil.com\/index\/wp-json\/wp\/v2\/media?parent=105661"}],"wp:term":[{"taxonomy":"category","embeddable":true,"href":"https:\/\/www.noticiasperfil.com\/index\/wp-json\/wp\/v2\/categories?post=105661"},{"taxonomy":"post_tag","embeddable":true,"href":"https:\/\/www.noticiasperfil.com\/index\/wp-json\/wp\/v2\/tags?post=105661"}],"curies":[{"name":"wp","href":"https:\/\/api.w.org\/{rel}","templated":true}]}}