{"id":105664,"date":"2024-02-13T19:12:10","date_gmt":"2024-02-14T01:12:10","guid":{"rendered":"https:\/\/www.noticiasperfil.com\/index\/?p=105664"},"modified":"2024-02-13T19:12:10","modified_gmt":"2024-02-14T01:12:10","slug":"cuitlahuac-garcia-participa-en-octavo-encuentro-del-sur-sureste-con-embajada-de-estados-unidos","status":"publish","type":"post","link":"https:\/\/www.noticiasperfil.com\/index\/2024\/02\/13\/cuitlahuac-garcia-participa-en-octavo-encuentro-del-sur-sureste-con-embajada-de-estados-unidos\/","title":{"rendered":"Cuitl\u00e1huac Garc\u00eda participa en octavo Encuentro del Sur-Sureste con Embajada de Estados Unidos"},"content":{"rendered":"<p><img loading=\"lazy\" decoding=\"async\" data-attachment-id=\"105665\" data-permalink=\"https:\/\/www.noticiasperfil.com\/index\/2024\/02\/13\/cuitlahuac-garcia-participa-en-octavo-encuentro-del-sur-sureste-con-embajada-de-estados-unidos\/cuitlahuac-gobernadores\/\" data-orig-file=\"https:\/\/i2.wp.com\/www.noticiasperfil.com\/index\/wp-content\/uploads\/2024\/02\/cuitlahuac-gobernadores.jpg?fit=1280%2C854&amp;ssl=1\" data-orig-size=\"1280,854\" data-comments-opened=\"1\" data-image-meta=\"{&quot;aperture&quot;:&quot;0&quot;,&quot;credit&quot;:&quot;&quot;,&quot;camera&quot;:&quot;&quot;,&quot;caption&quot;:&quot;&quot;,&quot;created_timestamp&quot;:&quot;0&quot;,&quot;copyright&quot;:&quot;&quot;,&quot;focal_length&quot;:&quot;0&quot;,&quot;iso&quot;:&quot;0&quot;,&quot;shutter_speed&quot;:&quot;0&quot;,&quot;title&quot;:&quot;&quot;,&quot;orientation&quot;:&quot;0&quot;}\" data-image-title=\"cuitlahuac-gobernadores\" data-image-description=\"\" data-medium-file=\"https:\/\/i2.wp.com\/www.noticiasperfil.com\/index\/wp-content\/uploads\/2024\/02\/cuitlahuac-gobernadores.jpg?fit=660%2C365&amp;ssl=1\" data-large-file=\"https:\/\/i2.wp.com\/www.noticiasperfil.com\/index\/wp-content\/uploads\/2024\/02\/cuitlahuac-gobernadores.jpg?fit=640%2C366&amp;ssl=1\" class=\"aligncenter size-full wp-image-105665\" src=\"https:\/\/i2.wp.com\/www.noticiasperfil.com\/index\/wp-content\/uploads\/2024\/02\/cuitlahuac-gobernadores.jpg?resize=640%2C427&#038;ssl=1\" alt=\"\" width=\"640\" height=\"427\" data-recalc-dims=\"1\" \/><\/p>\n<ul>\n<li><em><strong>Con la presencia del embajador Ken Salazar se tocar\u00e1n temas regionales como la migraci\u00f3n, seguridad, calidad educativa, econom\u00eda a peque\u00f1a escala, entre otros.<\/strong><\/em><\/li>\n<\/ul>\n<p>Xalapa, Ver.- A trav\u00e9s de sus redes sociales, el gobernador del Estado, Cuitl\u00e1huac Garc\u00eda Jim\u00e9nez inform\u00f3 de su asistencia y participaci\u00f3n en el octavo encuentro y reuni\u00f3n de gobernadores y gobernadoras del Sur-Sureste de M\u00e9xico con la Embajada de Estados Unidos; evento realizado este martes en Canc\u00fan, Quintana Roo.<\/p>\n<p>\u00abAsistimos a la octava reuni\u00f3n de seguimiento de los temas de desarrollo econ\u00f3mico, medio ambiente y turismo de los gobernadores del sur-sureste del pa\u00eds con la participaci\u00f3n de la embajada norteamericana.<\/p>\n<p>En particular seguimos promoviendo la inversi\u00f3n en nuestros estados m\u00e1s a\u00fan cuando ya tenemos la infraestructura del corredor interoce\u00e1nico, la l\u00ednea FA y el Tren Maya por solo mencionar algunas que se han inaugurado recientemente\u00bb, inform\u00f3 el mandatario estatal a trav\u00e9s de su cuenta en la red social Facebook.<\/p>\n<p>La coordinadora de la Comisi\u00f3n Sur- Sureste de la Conferencia Nacional de Gobernadores (CONAGO), Mara Lezama Espinosa, acompa\u00f1ada del Embajador de Estados Unidos en M\u00e9xico, Ken Salazar, inaugur\u00f3 en Canc\u00fan el octavo encuentro con la embajada de Estados Unidos de Am\u00e9rica.<\/p>\n<p>Asimismo, participaron el presidente de la CONAGO y gobernador de Yucat\u00e1n, Mauricio Vila Dosal, as\u00ed como Miguel Torruco, secretario de Turismo asisti\u00f3 en representaci\u00f3n del Presidente de M\u00e9xico Andr\u00e9s Manuel L\u00f3pez Obrador.<\/p>\n<p>Gobernadoras y Gobernadores, as\u00ed como representantes de Guerrero, Oaxaca, Veracruz, Tabasco, Chiapas, Puebla, Campeche, Yucat\u00e1n y Quintana Roo tocar\u00e1n temas como la migraci\u00f3n, la seguridad, el apoyo para mejorar la calidad educativa y la econom\u00eda a peque\u00f1a escala de las comunidades rurales.<\/p>\n","protected":false},"excerpt":{"rendered":"<p>Con la presencia del embajador Ken Salazar se tocar\u00e1n temas regionales como la migraci\u00f3n, seguridad, calidad educativa, econom\u00eda a peque\u00f1a escala, entre otros. Xalapa, Ver.- A trav\u00e9s de sus redes sociales, el gobernador del Estado, Cuitl\u00e1huac Garc\u00eda Jim\u00e9nez inform\u00f3 de su asistencia y participaci\u00f3n en el octavo encuentro y reuni\u00f3n de gobernadores y gobernadoras del Sur-Sureste de M\u00e9xico con la Embajada de Estados Unidos; evento realizado este martes en Canc\u00fan, Quintana Roo. \u00abAsistimos a la octava reuni\u00f3n de seguimiento de los temas de desarrollo econ\u00f3mico, medio ambiente y turismo de&hellip;<\/p>\n","protected":false},"author":1,"featured_media":105665,"comment_status":"open","ping_status":"closed","sticky":false,"template":"","format":"standard","meta":{"footnotes":""},"categories":[3,4],"tags":[339],"class_list":["post-105664","post","type-post","status-publish","format-standard","has-post-thumbnail","hentry","category-destacadas","category-estatal","tag-cuitlahuac-garcia-jimenez"],"jetpack-related-posts":[],"_links":{"self":[{"href":"https:\/\/www.noticiasperfil.com\/index\/wp-json\/wp\/v2\/posts\/105664","targetHints":{"allow":["GET"]}}],"collection":[{"href":"https:\/\/www.noticiasperfil.com\/index\/wp-json\/wp\/v2\/posts"}],"about":[{"href":"https:\/\/www.noticiasperfil.com\/index\/wp-json\/wp\/v2\/types\/post"}],"author":[{"embeddable":true,"href":"https:\/\/www.noticiasperfil.com\/index\/wp-json\/wp\/v2\/users\/1"}],"replies":[{"embeddable":true,"href":"https:\/\/www.noticiasperfil.com\/index\/wp-json\/wp\/v2\/comments?post=105664"}],"version-history":[{"count":1,"href":"https:\/\/www.noticiasperfil.com\/index\/wp-json\/wp\/v2\/posts\/105664\/revisions"}],"predecessor-version":[{"id":105666,"href":"https:\/\/www.noticiasperfil.com\/index\/wp-json\/wp\/v2\/posts\/105664\/revisions\/105666"}],"wp:featuredmedia":[{"embeddable":true,"href":"https:\/\/www.noticiasperfil.com\/index\/wp-json\/wp\/v2\/media\/105665"}],"wp:attachment":[{"href":"https:\/\/www.noticiasperfil.com\/index\/wp-json\/wp\/v2\/media?parent=105664"}],"wp:term":[{"taxonomy":"category","embeddable":true,"href":"https:\/\/www.noticiasperfil.com\/index\/wp-json\/wp\/v2\/categories?post=105664"},{"taxonomy":"post_tag","embeddable":true,"href":"https:\/\/www.noticiasperfil.com\/index\/wp-json\/wp\/v2\/tags?post=105664"}],"curies":[{"name":"wp","href":"https:\/\/api.w.org\/{rel}","templated":true}]}}