{"id":105667,"date":"2024-02-13T20:55:25","date_gmt":"2024-02-14T02:55:25","guid":{"rendered":"https:\/\/www.noticiasperfil.com\/index\/?p=105667"},"modified":"2024-02-13T20:55:25","modified_gmt":"2024-02-14T02:55:25","slug":"cazarin-lo-vuelve-a-hacer-logra-mayoria-calificada-en-nombramientos-de-magistrados-del-poder-judicial-del-estado","status":"publish","type":"post","link":"https:\/\/www.noticiasperfil.com\/index\/2024\/02\/13\/cazarin-lo-vuelve-a-hacer-logra-mayoria-calificada-en-nombramientos-de-magistrados-del-poder-judicial-del-estado\/","title":{"rendered":"\u00a1Cazar\u00edn lo vuelve a hacer! Logra mayor\u00eda calificada en nombramientos de magistrados del Poder Judicial del Estado"},"content":{"rendered":"<p><img loading=\"lazy\" decoding=\"async\" data-attachment-id=\"105668\" data-permalink=\"https:\/\/www.noticiasperfil.com\/index\/2024\/02\/13\/cazarin-lo-vuelve-a-hacer-logra-mayoria-calificada-en-nombramientos-de-magistrados-del-poder-judicial-del-estado\/cazarin-01-35\/\" data-orig-file=\"https:\/\/i2.wp.com\/www.noticiasperfil.com\/index\/wp-content\/uploads\/2024\/02\/cazarin-01.jpg?fit=1280%2C896&amp;ssl=1\" data-orig-size=\"1280,896\" data-comments-opened=\"1\" data-image-meta=\"{&quot;aperture&quot;:&quot;0&quot;,&quot;credit&quot;:&quot;&quot;,&quot;camera&quot;:&quot;&quot;,&quot;caption&quot;:&quot;&quot;,&quot;created_timestamp&quot;:&quot;0&quot;,&quot;copyright&quot;:&quot;&quot;,&quot;focal_length&quot;:&quot;0&quot;,&quot;iso&quot;:&quot;0&quot;,&quot;shutter_speed&quot;:&quot;0&quot;,&quot;title&quot;:&quot;&quot;,&quot;orientation&quot;:&quot;0&quot;}\" data-image-title=\"cazarin-01\" data-image-description=\"\" data-medium-file=\"https:\/\/i2.wp.com\/www.noticiasperfil.com\/index\/wp-content\/uploads\/2024\/02\/cazarin-01.jpg?fit=660%2C365&amp;ssl=1\" data-large-file=\"https:\/\/i2.wp.com\/www.noticiasperfil.com\/index\/wp-content\/uploads\/2024\/02\/cazarin-01.jpg?fit=640%2C366&amp;ssl=1\" class=\"aligncenter size-full wp-image-105668\" src=\"https:\/\/i2.wp.com\/www.noticiasperfil.com\/index\/wp-content\/uploads\/2024\/02\/cazarin-01.jpg?resize=640%2C448&#038;ssl=1\" alt=\"\" width=\"640\" height=\"448\" data-recalc-dims=\"1\" \/><\/p>\n<ul>\n<li><em><strong>El di\u00e1logo y el acuerdo entre bancadas le permitieron al l\u00edder de la JUCOPO sacar adelante temas torales y defender en todo momento la autonom\u00eda del Poder Legislativo.<\/strong><\/em><\/li>\n<\/ul>\n<p>Xalapa, #Veracruz, 13 de febrero de 2024.- \u00a1Lo volvi\u00f3 a hacer! La capacidad negociadora y de convencimiento que ejerce el diputado Juan Javier G\u00f3mez Cazar\u00edn, diputado presidente de la Junta de Coordinaci\u00f3n Pol\u00edtica (JUCOPO), del Congreso de Veracruz, le permiti\u00f3 sacar con mayor\u00eda calificada el nombramiento de tres nuevos magistrados del Poder Judicial del Estado.<\/p>\n<p>G\u00f3mez Cazar\u00edn sum\u00f3 a las diputadas de Movimiento Ciudadano, los independientes Hugo Gonz\u00e1lez Saavedra y Oth\u00f3n Hern\u00e1ndez Candanedo, as\u00ed como al grupo mixto \u201cTrabajo y Fuerza\u201d para respaldar los nombramientos de los ciudadanos Claudia Marlene Gal\u00e1n Espinoza, Arturo Sosa V\u00e1zquez y Humberto Oliverio Hern\u00e1ndez como titulares de magistraturas del Poder Judicial del Estado, a propuesta del gobernador Cuitl\u00e1huac Garc\u00eda Jim\u00e9nez.<\/p>\n<p><img loading=\"lazy\" decoding=\"async\" data-attachment-id=\"105669\" data-permalink=\"https:\/\/www.noticiasperfil.com\/index\/2024\/02\/13\/cazarin-lo-vuelve-a-hacer-logra-mayoria-calificada-en-nombramientos-de-magistrados-del-poder-judicial-del-estado\/cazarin-02-33\/\" data-orig-file=\"https:\/\/i0.wp.com\/www.noticiasperfil.com\/index\/wp-content\/uploads\/2024\/02\/cazarin-02.jpg?fit=1280%2C720&amp;ssl=1\" data-orig-size=\"1280,720\" data-comments-opened=\"1\" data-image-meta=\"{&quot;aperture&quot;:&quot;0&quot;,&quot;credit&quot;:&quot;&quot;,&quot;camera&quot;:&quot;&quot;,&quot;caption&quot;:&quot;&quot;,&quot;created_timestamp&quot;:&quot;0&quot;,&quot;copyright&quot;:&quot;&quot;,&quot;focal_length&quot;:&quot;0&quot;,&quot;iso&quot;:&quot;0&quot;,&quot;shutter_speed&quot;:&quot;0&quot;,&quot;title&quot;:&quot;&quot;,&quot;orientation&quot;:&quot;0&quot;}\" data-image-title=\"cazarin-02\" data-image-description=\"\" data-medium-file=\"https:\/\/i0.wp.com\/www.noticiasperfil.com\/index\/wp-content\/uploads\/2024\/02\/cazarin-02.jpg?fit=660%2C365&amp;ssl=1\" data-large-file=\"https:\/\/i0.wp.com\/www.noticiasperfil.com\/index\/wp-content\/uploads\/2024\/02\/cazarin-02.jpg?fit=640%2C366&amp;ssl=1\" class=\"aligncenter size-full wp-image-105669\" src=\"https:\/\/i0.wp.com\/www.noticiasperfil.com\/index\/wp-content\/uploads\/2024\/02\/cazarin-02.jpg?resize=640%2C360&#038;ssl=1\" alt=\"\" width=\"640\" height=\"360\" srcset=\"https:\/\/i0.wp.com\/www.noticiasperfil.com\/index\/wp-content\/uploads\/2024\/02\/cazarin-02.jpg?w=1280&amp;ssl=1 1280w, https:\/\/i0.wp.com\/www.noticiasperfil.com\/index\/wp-content\/uploads\/2024\/02\/cazarin-02.jpg?resize=500%2C280&amp;ssl=1 500w\" sizes=\"auto, (max-width: 640px) 100vw, 640px\" data-recalc-dims=\"1\" \/><\/p>\n<p>Una vez m\u00e1s, Juan Javier G\u00f3mez Cazar\u00edn, de manera tersa, proces\u00f3 un tema que medi\u00e1ticamente se hab\u00eda complicado ante versiones period\u00edsticas de imposiciones en las magistraturas por diversos actores pol\u00edticos; sin embargo, dej\u00f3 en claro que en el Congreso de Veracruz no se permiten las injerencias.<\/p>\n<p>\u201cEstaremos actuando a favor de la justicia, a favor del pueblo, porque \u00e9ste es el que nos manda\u201d, expres\u00f3 en diversas ocasiones ante los medios de comunicaci\u00f3n, demostrando este martes, en la sesi\u00f3n extraordinaria de la LXVI Legislatura, que el cabildeo y los acuerdos con quienes integran las diversas bancadas es lo que marca el rumbo del quehacer legislativo.<\/p>\n<p><img loading=\"lazy\" decoding=\"async\" data-attachment-id=\"105670\" data-permalink=\"https:\/\/www.noticiasperfil.com\/index\/2024\/02\/13\/cazarin-lo-vuelve-a-hacer-logra-mayoria-calificada-en-nombramientos-de-magistrados-del-poder-judicial-del-estado\/cazarin-03-26\/\" data-orig-file=\"https:\/\/i0.wp.com\/www.noticiasperfil.com\/index\/wp-content\/uploads\/2024\/02\/cazarin-03.jpg?fit=1280%2C720&amp;ssl=1\" data-orig-size=\"1280,720\" data-comments-opened=\"1\" data-image-meta=\"{&quot;aperture&quot;:&quot;0&quot;,&quot;credit&quot;:&quot;&quot;,&quot;camera&quot;:&quot;&quot;,&quot;caption&quot;:&quot;&quot;,&quot;created_timestamp&quot;:&quot;0&quot;,&quot;copyright&quot;:&quot;&quot;,&quot;focal_length&quot;:&quot;0&quot;,&quot;iso&quot;:&quot;0&quot;,&quot;shutter_speed&quot;:&quot;0&quot;,&quot;title&quot;:&quot;&quot;,&quot;orientation&quot;:&quot;0&quot;}\" data-image-title=\"cazarin-03\" data-image-description=\"\" data-medium-file=\"https:\/\/i0.wp.com\/www.noticiasperfil.com\/index\/wp-content\/uploads\/2024\/02\/cazarin-03.jpg?fit=660%2C365&amp;ssl=1\" data-large-file=\"https:\/\/i0.wp.com\/www.noticiasperfil.com\/index\/wp-content\/uploads\/2024\/02\/cazarin-03.jpg?fit=640%2C366&amp;ssl=1\" class=\"aligncenter size-full wp-image-105670\" src=\"https:\/\/i0.wp.com\/www.noticiasperfil.com\/index\/wp-content\/uploads\/2024\/02\/cazarin-03.jpg?resize=640%2C360&#038;ssl=1\" alt=\"\" width=\"640\" height=\"360\" srcset=\"https:\/\/i0.wp.com\/www.noticiasperfil.com\/index\/wp-content\/uploads\/2024\/02\/cazarin-03.jpg?w=1280&amp;ssl=1 1280w, https:\/\/i0.wp.com\/www.noticiasperfil.com\/index\/wp-content\/uploads\/2024\/02\/cazarin-03.jpg?resize=500%2C280&amp;ssl=1 500w\" sizes=\"auto, (max-width: 640px) 100vw, 640px\" data-recalc-dims=\"1\" \/><\/p>\n<p>De igual forma, con mayor\u00eda calificada, Juan Javier G\u00f3mez Cazar\u00edn impuls\u00f3 la ratificaci\u00f3n de Alejandro Huerta Mart\u00ednez como consejero de la Judicatura, en representaci\u00f3n del Poder Judicial, y el nombramiento de Jos\u00e9 Alfredo Corona Liz\u00e1rraga como consejero de la misma, en representaci\u00f3n del Poder Legislativo.<\/p>\n<p>Juan Javier G\u00f3mez Cazar\u00edn le sigue dando resultados al gobernador Cuitl\u00e1huac Garc\u00eda, pero sobre todo al pueblo de Veracruz, al defender y ejercer la autonom\u00eda del Poder Legislativo en los temas torales para la entidad.<\/p>\n","protected":false},"excerpt":{"rendered":"<p>El di\u00e1logo y el acuerdo entre bancadas le permitieron al l\u00edder de la JUCOPO sacar adelante temas torales y defender en todo momento la autonom\u00eda del Poder Legislativo. Xalapa, #Veracruz, 13 de febrero de 2024.- \u00a1Lo volvi\u00f3 a hacer! La capacidad negociadora y de convencimiento que ejerce el diputado Juan Javier G\u00f3mez Cazar\u00edn, diputado presidente de la Junta de Coordinaci\u00f3n Pol\u00edtica (JUCOPO), del Congreso de Veracruz, le permiti\u00f3 sacar con mayor\u00eda calificada el nombramiento de tres nuevos magistrados del Poder Judicial del Estado. G\u00f3mez Cazar\u00edn sum\u00f3 a las diputadas de&hellip;<\/p>\n","protected":false},"author":1,"featured_media":105668,"comment_status":"open","ping_status":"closed","sticky":false,"template":"","format":"standard","meta":{"footnotes":""},"categories":[3,4],"tags":[4842],"class_list":["post-105667","post","type-post","status-publish","format-standard","has-post-thumbnail","hentry","category-destacadas","category-estatal","tag-juan-javier-gomez-cazarin"],"jetpack-related-posts":[],"_links":{"self":[{"href":"https:\/\/www.noticiasperfil.com\/index\/wp-json\/wp\/v2\/posts\/105667","targetHints":{"allow":["GET"]}}],"collection":[{"href":"https:\/\/www.noticiasperfil.com\/index\/wp-json\/wp\/v2\/posts"}],"about":[{"href":"https:\/\/www.noticiasperfil.com\/index\/wp-json\/wp\/v2\/types\/post"}],"author":[{"embeddable":true,"href":"https:\/\/www.noticiasperfil.com\/index\/wp-json\/wp\/v2\/users\/1"}],"replies":[{"embeddable":true,"href":"https:\/\/www.noticiasperfil.com\/index\/wp-json\/wp\/v2\/comments?post=105667"}],"version-history":[{"count":1,"href":"https:\/\/www.noticiasperfil.com\/index\/wp-json\/wp\/v2\/posts\/105667\/revisions"}],"predecessor-version":[{"id":105671,"href":"https:\/\/www.noticiasperfil.com\/index\/wp-json\/wp\/v2\/posts\/105667\/revisions\/105671"}],"wp:featuredmedia":[{"embeddable":true,"href":"https:\/\/www.noticiasperfil.com\/index\/wp-json\/wp\/v2\/media\/105668"}],"wp:attachment":[{"href":"https:\/\/www.noticiasperfil.com\/index\/wp-json\/wp\/v2\/media?parent=105667"}],"wp:term":[{"taxonomy":"category","embeddable":true,"href":"https:\/\/www.noticiasperfil.com\/index\/wp-json\/wp\/v2\/categories?post=105667"},{"taxonomy":"post_tag","embeddable":true,"href":"https:\/\/www.noticiasperfil.com\/index\/wp-json\/wp\/v2\/tags?post=105667"}],"curies":[{"name":"wp","href":"https:\/\/api.w.org\/{rel}","templated":true}]}}