{"id":105672,"date":"2024-02-13T21:18:54","date_gmt":"2024-02-14T03:18:54","guid":{"rendered":"https:\/\/www.noticiasperfil.com\/index\/?p=105672"},"modified":"2024-02-13T21:18:54","modified_gmt":"2024-02-14T03:18:54","slug":"nombra-congreso-a-nuevos-magistrados-del-poder-judicial-del-estado","status":"publish","type":"post","link":"https:\/\/www.noticiasperfil.com\/index\/2024\/02\/13\/nombra-congreso-a-nuevos-magistrados-del-poder-judicial-del-estado\/","title":{"rendered":"Nombra Congreso a nuevos magistrados del Poder Judicial del Estado"},"content":{"rendered":"<p><img loading=\"lazy\" decoding=\"async\" data-attachment-id=\"105673\" data-permalink=\"https:\/\/www.noticiasperfil.com\/index\/2024\/02\/13\/nombra-congreso-a-nuevos-magistrados-del-poder-judicial-del-estado\/congreso-magistrados-3\/\" data-orig-file=\"https:\/\/i0.wp.com\/www.noticiasperfil.com\/index\/wp-content\/uploads\/2024\/02\/congreso-magistrados.jpeg?fit=1280%2C855&amp;ssl=1\" data-orig-size=\"1280,855\" data-comments-opened=\"1\" data-image-meta=\"{&quot;aperture&quot;:&quot;0&quot;,&quot;credit&quot;:&quot;&quot;,&quot;camera&quot;:&quot;&quot;,&quot;caption&quot;:&quot;&quot;,&quot;created_timestamp&quot;:&quot;0&quot;,&quot;copyright&quot;:&quot;&quot;,&quot;focal_length&quot;:&quot;0&quot;,&quot;iso&quot;:&quot;0&quot;,&quot;shutter_speed&quot;:&quot;0&quot;,&quot;title&quot;:&quot;&quot;,&quot;orientation&quot;:&quot;0&quot;}\" data-image-title=\"congreso-magistrados\" data-image-description=\"\" data-medium-file=\"https:\/\/i0.wp.com\/www.noticiasperfil.com\/index\/wp-content\/uploads\/2024\/02\/congreso-magistrados.jpeg?fit=660%2C365&amp;ssl=1\" data-large-file=\"https:\/\/i0.wp.com\/www.noticiasperfil.com\/index\/wp-content\/uploads\/2024\/02\/congreso-magistrados.jpeg?fit=640%2C366&amp;ssl=1\" class=\"aligncenter size-full wp-image-105673\" src=\"https:\/\/i0.wp.com\/www.noticiasperfil.com\/index\/wp-content\/uploads\/2024\/02\/congreso-magistrados.jpeg?resize=640%2C428&#038;ssl=1\" alt=\"\" width=\"640\" height=\"428\" data-recalc-dims=\"1\" \/><\/p>\n<p>Xalapa, Ver.- La LXVI Legislatura aprob\u00f3, con 34 votos a favor, siete en contra y cero abstenciones, el nombramiento de la ciudadana Claudia Marlene Gal\u00e1n Espinoza y de los ciudadanos Arturo Sosa V\u00e1zquez y Humberto Oliverio Hern\u00e1ndez Reducindo como magistrada y magistrados del Poder Judicial del Estado de Veracruz.<\/p>\n<p>Lo anterior, en cumplimiento de lo establecido en los art\u00edculos 33 fracci\u00f3n XIX y 59 de la Constituci\u00f3n Pol\u00edtica y 18, fracci\u00f3n XIX de la Ley Org\u00e1nica del Poder Legislativo, ambos ordenamientos del estado de Veracruz de Ignacio de la Llave, tras aprobar el Acuerdo de la Junta de Coordinaci\u00f3n Pol\u00edtica y al celebrar la Primera Sesi\u00f3n Extraordinaria del Primer Receso del Tercer A\u00f1o de Ejercicio Constitucional.<\/p>\n<p>En uso de la atribuci\u00f3n conferida por el Art\u00edculo 22, fracci\u00f3n IX de la Ley Org\u00e1nica del Poder Legislativo, la Mesa Directiva, presidida por la diputada Adriana Esther Mart\u00ednez S\u00e1nchez, design\u00f3 a las legisladoras y a los legisladores Roberto Francisco San Rom\u00e1n Solana, Gisela L\u00f3pez L\u00f3pez, Jos\u00e9 Luis Tehuintle Xocua y Maribel Ram\u00edrez Topete a acompa\u00f1ar a los nuevos magistrada y magistrados al Recinto Oficial de Sesiones, donde rindieron la protesta de ley.<\/p>\n<p>Con base en lo que dispone el Art\u00edculo 18, fracci\u00f3n XX, de la Ley Org\u00e1nica del Poder Legislativo, en la misma sesi\u00f3n, con 34 votos a favor, siete en contra y cero abstenciones, el Pleno de este Congreso aprob\u00f3 la ratificaci\u00f3n del ciudadano Alejandro Huerta Mart\u00ednez en el cargo de Consejero de la Judicatura del Poder Judicial del Estado, por un periodo de cinco a\u00f1os a partir de esta fecha.<\/p>\n<p>Asimismo, con 35 votos a favor, cinco en contra y una abstenci\u00f3n, aprob\u00f3 la designaci\u00f3n del ciudadano Jos\u00e9 Alfredo Corona Liz\u00e1rraga para ocupar el cargo de Consejero de la Judicatura del Poder Judicial del Estado en representaci\u00f3n de este Poder Legislativo, por un periodo de cinco a\u00f1os a partir de esta fecha.<\/p>\n<p>Por instrucci\u00f3n de la Presidenta de la Mesa Directiva, correspondi\u00f3 a las diputadas Itzel L\u00f3pez L\u00f3pez, Lidia Irma Mezhua Campos y Ruth Callejas Rold\u00e1n, as\u00ed como a los diputados Hugo Gonz\u00e1lez Saavedra y Juan Enrique Santos Mendoza, conducir a ambos consejeros de la Judicatura al Recinto Oficial de Sesiones para que rindieran la protesta de ley ante el Pleno de esta Soberan\u00eda.<\/p>\n<p>En todos los casos, la Mesa Directiva instruy\u00f3 emitir los decretos correspondientes y, en t\u00e9rminos de ley, turnarlos al titular del Poder Ejecutivo para su promulgaci\u00f3n y publicaci\u00f3n en la Gaceta Oficial del estado.<\/p>\n","protected":false},"excerpt":{"rendered":"<p>Xalapa, Ver.- La LXVI Legislatura aprob\u00f3, con 34 votos a favor, siete en contra y cero abstenciones, el nombramiento de la ciudadana Claudia Marlene Gal\u00e1n Espinoza y de los ciudadanos Arturo Sosa V\u00e1zquez y Humberto Oliverio Hern\u00e1ndez Reducindo como magistrada y magistrados del Poder Judicial del Estado de Veracruz. Lo anterior, en cumplimiento de lo establecido en los art\u00edculos 33 fracci\u00f3n XIX y 59 de la Constituci\u00f3n Pol\u00edtica y 18, fracci\u00f3n XIX de la Ley Org\u00e1nica del Poder Legislativo, ambos ordenamientos del estado de Veracruz de Ignacio de la Llave,&hellip;<\/p>\n","protected":false},"author":1,"featured_media":105673,"comment_status":"open","ping_status":"closed","sticky":false,"template":"","format":"standard","meta":{"footnotes":""},"categories":[3,4],"tags":[],"class_list":["post-105672","post","type-post","status-publish","format-standard","has-post-thumbnail","hentry","category-destacadas","category-estatal"],"jetpack-related-posts":[],"_links":{"self":[{"href":"https:\/\/www.noticiasperfil.com\/index\/wp-json\/wp\/v2\/posts\/105672","targetHints":{"allow":["GET"]}}],"collection":[{"href":"https:\/\/www.noticiasperfil.com\/index\/wp-json\/wp\/v2\/posts"}],"about":[{"href":"https:\/\/www.noticiasperfil.com\/index\/wp-json\/wp\/v2\/types\/post"}],"author":[{"embeddable":true,"href":"https:\/\/www.noticiasperfil.com\/index\/wp-json\/wp\/v2\/users\/1"}],"replies":[{"embeddable":true,"href":"https:\/\/www.noticiasperfil.com\/index\/wp-json\/wp\/v2\/comments?post=105672"}],"version-history":[{"count":1,"href":"https:\/\/www.noticiasperfil.com\/index\/wp-json\/wp\/v2\/posts\/105672\/revisions"}],"predecessor-version":[{"id":105674,"href":"https:\/\/www.noticiasperfil.com\/index\/wp-json\/wp\/v2\/posts\/105672\/revisions\/105674"}],"wp:featuredmedia":[{"embeddable":true,"href":"https:\/\/www.noticiasperfil.com\/index\/wp-json\/wp\/v2\/media\/105673"}],"wp:attachment":[{"href":"https:\/\/www.noticiasperfil.com\/index\/wp-json\/wp\/v2\/media?parent=105672"}],"wp:term":[{"taxonomy":"category","embeddable":true,"href":"https:\/\/www.noticiasperfil.com\/index\/wp-json\/wp\/v2\/categories?post=105672"},{"taxonomy":"post_tag","embeddable":true,"href":"https:\/\/www.noticiasperfil.com\/index\/wp-json\/wp\/v2\/tags?post=105672"}],"curies":[{"name":"wp","href":"https:\/\/api.w.org\/{rel}","templated":true}]}}