{"id":105675,"date":"2024-02-14T10:22:44","date_gmt":"2024-02-14T16:22:44","guid":{"rendered":"https:\/\/www.noticiasperfil.com\/index\/?p=105675"},"modified":"2024-02-14T10:22:44","modified_gmt":"2024-02-14T16:22:44","slug":"se-llevo-a-cabo-en-el-tec-de-san-andres-el-curso-proceso-de-evaluacion-por-ciees","status":"publish","type":"post","link":"https:\/\/www.noticiasperfil.com\/index\/2024\/02\/14\/se-llevo-a-cabo-en-el-tec-de-san-andres-el-curso-proceso-de-evaluacion-por-ciees\/","title":{"rendered":"Se llev\u00f3 a cabo en el Tec de San Andr\u00e9s el curso \u00abProceso de evaluaci\u00f3n por CIEES\u00bb"},"content":{"rendered":"<p><img loading=\"lazy\" decoding=\"async\" data-attachment-id=\"105676\" data-permalink=\"https:\/\/www.noticiasperfil.com\/index\/2024\/02\/14\/se-llevo-a-cabo-en-el-tec-de-san-andres-el-curso-proceso-de-evaluacion-por-ciees\/itssat-01-2\/\" data-orig-file=\"https:\/\/i0.wp.com\/www.noticiasperfil.com\/index\/wp-content\/uploads\/2024\/02\/itssat-01.jpg?fit=900%2C600&amp;ssl=1\" data-orig-size=\"900,600\" data-comments-opened=\"1\" data-image-meta=\"{&quot;aperture&quot;:&quot;0&quot;,&quot;credit&quot;:&quot;&quot;,&quot;camera&quot;:&quot;&quot;,&quot;caption&quot;:&quot;&quot;,&quot;created_timestamp&quot;:&quot;0&quot;,&quot;copyright&quot;:&quot;&quot;,&quot;focal_length&quot;:&quot;0&quot;,&quot;iso&quot;:&quot;0&quot;,&quot;shutter_speed&quot;:&quot;0&quot;,&quot;title&quot;:&quot;&quot;,&quot;orientation&quot;:&quot;0&quot;}\" data-image-title=\"itssat-01\" data-image-description=\"\" data-medium-file=\"https:\/\/i0.wp.com\/www.noticiasperfil.com\/index\/wp-content\/uploads\/2024\/02\/itssat-01.jpg?fit=660%2C365&amp;ssl=1\" data-large-file=\"https:\/\/i0.wp.com\/www.noticiasperfil.com\/index\/wp-content\/uploads\/2024\/02\/itssat-01.jpg?fit=640%2C366&amp;ssl=1\" class=\"aligncenter size-full wp-image-105676\" src=\"https:\/\/i0.wp.com\/www.noticiasperfil.com\/index\/wp-content\/uploads\/2024\/02\/itssat-01.jpg?resize=640%2C427&#038;ssl=1\" alt=\"\" width=\"640\" height=\"427\" data-recalc-dims=\"1\" \/><\/p>\n<p>San Andr\u00e9s Tuxtla, Ver.- Como parte de la proyecci\u00f3n plasmada en el Programa de Desarrollo Institucional 2019-2024 del TecNM campus San Andr\u00e9s Tuxtla y con el objetivo de fortalecer la calidad de la oferta educativa, a trav\u00e9s de la l\u00ednea de acci\u00f3n \u201cmejorar la calidad, la pertinencia y la evaluaci\u00f3n de los programas acad\u00e9micos de licenciatura hacia un nivel de competencia internacional\u201d, en el Tecnol\u00f3gico se busca incrementar el n\u00famero de programas acreditados positivamente en el nivel licenciatura.<\/p>\n<p>Para ello la direcci\u00f3n general del Tecnol\u00f3gico a trav\u00e9s de la direcci\u00f3n acad\u00e9mica ha organizado el curso de \u201cProceso de evaluaci\u00f3n por Comit\u00e9s Interinstitucionales para la Evaluaci\u00f3n de la Educaci\u00f3n Superior (CIEES)\u201d.<\/p>\n<p><img loading=\"lazy\" decoding=\"async\" data-attachment-id=\"105677\" data-permalink=\"https:\/\/www.noticiasperfil.com\/index\/2024\/02\/14\/se-llevo-a-cabo-en-el-tec-de-san-andres-el-curso-proceso-de-evaluacion-por-ciees\/itssat-02-2\/\" data-orig-file=\"https:\/\/i0.wp.com\/www.noticiasperfil.com\/index\/wp-content\/uploads\/2024\/02\/itssat-02.jpg?fit=900%2C600&amp;ssl=1\" data-orig-size=\"900,600\" data-comments-opened=\"1\" data-image-meta=\"{&quot;aperture&quot;:&quot;0&quot;,&quot;credit&quot;:&quot;&quot;,&quot;camera&quot;:&quot;&quot;,&quot;caption&quot;:&quot;&quot;,&quot;created_timestamp&quot;:&quot;0&quot;,&quot;copyright&quot;:&quot;&quot;,&quot;focal_length&quot;:&quot;0&quot;,&quot;iso&quot;:&quot;0&quot;,&quot;shutter_speed&quot;:&quot;0&quot;,&quot;title&quot;:&quot;&quot;,&quot;orientation&quot;:&quot;0&quot;}\" data-image-title=\"itssat-02\" data-image-description=\"\" data-medium-file=\"https:\/\/i0.wp.com\/www.noticiasperfil.com\/index\/wp-content\/uploads\/2024\/02\/itssat-02.jpg?fit=660%2C365&amp;ssl=1\" data-large-file=\"https:\/\/i0.wp.com\/www.noticiasperfil.com\/index\/wp-content\/uploads\/2024\/02\/itssat-02.jpg?fit=640%2C366&amp;ssl=1\" class=\"aligncenter size-full wp-image-105677\" src=\"https:\/\/i0.wp.com\/www.noticiasperfil.com\/index\/wp-content\/uploads\/2024\/02\/itssat-02.jpg?resize=640%2C427&#038;ssl=1\" alt=\"\" width=\"640\" height=\"427\" data-recalc-dims=\"1\" \/><\/p>\n<p>Con este curso que se lleva a cabo del 12 al 15 de febrero se busca conocer las herramientas de evaluaci\u00f3n para iniciar un proceso de autoevaluaci\u00f3n de todos los programas educativos que a\u00fan no se encuentran acreditados.<br \/>\nEl curso est\u00e1 siendo impartido por personal docente del Instituto Tecnol\u00f3gico de Veracruz, quien es evaluadora par por CACEI y CIEES.<\/p>\n<p><img loading=\"lazy\" decoding=\"async\" data-attachment-id=\"105678\" data-permalink=\"https:\/\/www.noticiasperfil.com\/index\/2024\/02\/14\/se-llevo-a-cabo-en-el-tec-de-san-andres-el-curso-proceso-de-evaluacion-por-ciees\/itssat-03-2\/\" data-orig-file=\"https:\/\/i0.wp.com\/www.noticiasperfil.com\/index\/wp-content\/uploads\/2024\/02\/itssat-03.jpg?fit=900%2C600&amp;ssl=1\" data-orig-size=\"900,600\" data-comments-opened=\"1\" data-image-meta=\"{&quot;aperture&quot;:&quot;0&quot;,&quot;credit&quot;:&quot;&quot;,&quot;camera&quot;:&quot;&quot;,&quot;caption&quot;:&quot;&quot;,&quot;created_timestamp&quot;:&quot;0&quot;,&quot;copyright&quot;:&quot;&quot;,&quot;focal_length&quot;:&quot;0&quot;,&quot;iso&quot;:&quot;0&quot;,&quot;shutter_speed&quot;:&quot;0&quot;,&quot;title&quot;:&quot;&quot;,&quot;orientation&quot;:&quot;0&quot;}\" data-image-title=\"itssat-03\" data-image-description=\"\" data-medium-file=\"https:\/\/i0.wp.com\/www.noticiasperfil.com\/index\/wp-content\/uploads\/2024\/02\/itssat-03.jpg?fit=660%2C365&amp;ssl=1\" data-large-file=\"https:\/\/i0.wp.com\/www.noticiasperfil.com\/index\/wp-content\/uploads\/2024\/02\/itssat-03.jpg?fit=640%2C366&amp;ssl=1\" class=\"aligncenter size-full wp-image-105678\" src=\"https:\/\/i0.wp.com\/www.noticiasperfil.com\/index\/wp-content\/uploads\/2024\/02\/itssat-03.jpg?resize=640%2C427&#038;ssl=1\" alt=\"\" width=\"640\" height=\"427\" data-recalc-dims=\"1\" \/><\/p>\n<p>Bajo la din\u00e1mica que se lleva a cabo se tiene proyectado que, terminando el curso se inicie con el proceso de autoevaluaci\u00f3n para que, al t\u00e9rmino del semestre, se pase al proceso de evaluaci\u00f3n cuyo objetivo institucional es que, a finales del presente a\u00f1o, se busque la acreditaci\u00f3n de al menos cuatro programas educativos, comprometidos con una educaci\u00f3n de calidad y con ello implementar nuevos proyectos de crecimiento institucional.<\/p>\n","protected":false},"excerpt":{"rendered":"<p>San Andr\u00e9s Tuxtla, Ver.- Como parte de la proyecci\u00f3n plasmada en el Programa de Desarrollo Institucional 2019-2024 del TecNM campus San Andr\u00e9s Tuxtla y con el objetivo de fortalecer la calidad de la oferta educativa, a trav\u00e9s de la l\u00ednea de acci\u00f3n \u201cmejorar la calidad, la pertinencia y la evaluaci\u00f3n de los programas acad\u00e9micos de licenciatura hacia un nivel de competencia internacional\u201d, en el Tecnol\u00f3gico se busca incrementar el n\u00famero de programas acreditados positivamente en el nivel licenciatura. Para ello la direcci\u00f3n general del Tecnol\u00f3gico a trav\u00e9s de la direcci\u00f3n&hellip;<\/p>\n","protected":false},"author":1,"featured_media":105678,"comment_status":"open","ping_status":"closed","sticky":false,"template":"","format":"standard","meta":{"footnotes":""},"categories":[3,12],"tags":[10375],"class_list":["post-105675","post","type-post","status-publish","format-standard","has-post-thumbnail","hentry","category-destacadas","category-san-andres-tuxtla","tag-tecnologico-san-andres-tuxtla"],"jetpack-related-posts":[],"_links":{"self":[{"href":"https:\/\/www.noticiasperfil.com\/index\/wp-json\/wp\/v2\/posts\/105675","targetHints":{"allow":["GET"]}}],"collection":[{"href":"https:\/\/www.noticiasperfil.com\/index\/wp-json\/wp\/v2\/posts"}],"about":[{"href":"https:\/\/www.noticiasperfil.com\/index\/wp-json\/wp\/v2\/types\/post"}],"author":[{"embeddable":true,"href":"https:\/\/www.noticiasperfil.com\/index\/wp-json\/wp\/v2\/users\/1"}],"replies":[{"embeddable":true,"href":"https:\/\/www.noticiasperfil.com\/index\/wp-json\/wp\/v2\/comments?post=105675"}],"version-history":[{"count":1,"href":"https:\/\/www.noticiasperfil.com\/index\/wp-json\/wp\/v2\/posts\/105675\/revisions"}],"predecessor-version":[{"id":105679,"href":"https:\/\/www.noticiasperfil.com\/index\/wp-json\/wp\/v2\/posts\/105675\/revisions\/105679"}],"wp:featuredmedia":[{"embeddable":true,"href":"https:\/\/www.noticiasperfil.com\/index\/wp-json\/wp\/v2\/media\/105678"}],"wp:attachment":[{"href":"https:\/\/www.noticiasperfil.com\/index\/wp-json\/wp\/v2\/media?parent=105675"}],"wp:term":[{"taxonomy":"category","embeddable":true,"href":"https:\/\/www.noticiasperfil.com\/index\/wp-json\/wp\/v2\/categories?post=105675"},{"taxonomy":"post_tag","embeddable":true,"href":"https:\/\/www.noticiasperfil.com\/index\/wp-json\/wp\/v2\/tags?post=105675"}],"curies":[{"name":"wp","href":"https:\/\/api.w.org\/{rel}","templated":true}]}}