{"id":105680,"date":"2024-02-14T10:42:48","date_gmt":"2024-02-14T16:42:48","guid":{"rendered":"https:\/\/www.noticiasperfil.com\/index\/?p=105680"},"modified":"2024-02-14T10:42:48","modified_gmt":"2024-02-14T16:42:48","slug":"todo-listo-para-la-inauguracion-de-la-modernizacion-del-aquarium-del-puerto-de-veracruz","status":"publish","type":"post","link":"https:\/\/www.noticiasperfil.com\/index\/2024\/02\/14\/todo-listo-para-la-inauguracion-de-la-modernizacion-del-aquarium-del-puerto-de-veracruz\/","title":{"rendered":"Todo listo para la inauguraci\u00f3n de la modernizaci\u00f3n del Aquarium del Puerto de Veracruz"},"content":{"rendered":"<p><img loading=\"lazy\" decoding=\"async\" data-attachment-id=\"105681\" data-permalink=\"https:\/\/www.noticiasperfil.com\/index\/2024\/02\/14\/todo-listo-para-la-inauguracion-de-la-modernizacion-del-aquarium-del-puerto-de-veracruz\/sergio-rodriguez-cortes-37\/\" data-orig-file=\"https:\/\/i1.wp.com\/www.noticiasperfil.com\/index\/wp-content\/uploads\/2024\/02\/sergio-rodriguez-cortes-1.jpg?fit=1600%2C1066&amp;ssl=1\" data-orig-size=\"1600,1066\" data-comments-opened=\"1\" data-image-meta=\"{&quot;aperture&quot;:&quot;0&quot;,&quot;credit&quot;:&quot;&quot;,&quot;camera&quot;:&quot;&quot;,&quot;caption&quot;:&quot;&quot;,&quot;created_timestamp&quot;:&quot;0&quot;,&quot;copyright&quot;:&quot;&quot;,&quot;focal_length&quot;:&quot;0&quot;,&quot;iso&quot;:&quot;0&quot;,&quot;shutter_speed&quot;:&quot;0&quot;,&quot;title&quot;:&quot;&quot;,&quot;orientation&quot;:&quot;0&quot;}\" data-image-title=\"sergio-rodriguez-cortes\" data-image-description=\"\" data-medium-file=\"https:\/\/i1.wp.com\/www.noticiasperfil.com\/index\/wp-content\/uploads\/2024\/02\/sergio-rodriguez-cortes-1.jpg?fit=660%2C365&amp;ssl=1\" data-large-file=\"https:\/\/i1.wp.com\/www.noticiasperfil.com\/index\/wp-content\/uploads\/2024\/02\/sergio-rodriguez-cortes-1.jpg?fit=640%2C366&amp;ssl=1\" class=\"aligncenter size-full wp-image-105681\" src=\"https:\/\/i1.wp.com\/www.noticiasperfil.com\/index\/wp-content\/uploads\/2024\/02\/sergio-rodriguez-cortes-1.jpg?resize=640%2C426&#038;ssl=1\" alt=\"\" width=\"640\" height=\"426\" srcset=\"https:\/\/i1.wp.com\/www.noticiasperfil.com\/index\/wp-content\/uploads\/2024\/02\/sergio-rodriguez-cortes-1.jpg?w=1600&amp;ssl=1 1600w, https:\/\/i1.wp.com\/www.noticiasperfil.com\/index\/wp-content\/uploads\/2024\/02\/sergio-rodriguez-cortes-1.jpg?resize=1536%2C1023&amp;ssl=1 1536w, https:\/\/i1.wp.com\/www.noticiasperfil.com\/index\/wp-content\/uploads\/2024\/02\/sergio-rodriguez-cortes-1.jpg?w=1280&amp;ssl=1 1280w\" sizes=\"auto, (max-width: 640px) 100vw, 640px\" data-recalc-dims=\"1\" \/><\/p>\n<ul>\n<li><em><strong>En el marco del sexto Ambient\u00f3n Ecol\u00f3gico en Veracruz-Boca del R\u00edo de la PMA.<\/strong><\/em><\/li>\n<li><em><strong>Del 19 al 29 febrero.<\/strong><\/em><\/li>\n<\/ul>\n<p>XALAPA, VER.- El Procurador del Medio Ambiente (PMA), Sergio Rodr\u00edguez Cort\u00e9s, adelant\u00f3 que la pr\u00f3xima semana se llevar\u00e1 a cabo la inauguraci\u00f3n de la modernizaci\u00f3n del Aquarium de Veracruz.<\/p>\n<p>Contar\u00e1 con la presencia del gobernador del estado, Cuitl\u00e1huac Garc\u00eda Jim\u00e9nez.<\/p>\n<p>\u00abSer\u00e1 un d\u00eda muy importante para la Procuradur\u00eda y para el gobernador quien nos ha dado todas las facilidades para llevar a cabo todas estos eventos. Ese d\u00eda vamos a inaugurar la ampliaci\u00f3n y modernizaci\u00f3n del Aquarium y ese mismo d\u00eda en la noche tendremos el cierre del Ambient\u00f3n \u201d.<\/p>\n<p>En entrevista, precis\u00f3 que lo anterior es en el marco del sexto Ambient\u00f3n Festival Ecol\u00f3gico que se llevar\u00e1 a del 19 al 29 de febrero.<\/p>\n<p>El titular de la PMA, explic\u00f3 que durante dos semanas se realizar\u00e1n actividades en la zona conurbada Veracruz-Boca del R\u00edo para generar conciencia sobre el equilibrio ecol\u00f3gico y el respeto de los recursos naturales que existen en la entidad.<\/p>\n<p>\u201cSe hacen actividades que promueven la conciencia ambiental, pero se hacen de manera din\u00e1mica para que la gente se sienta contenta de participar, empatamos una serie de actividades que nos permite lograr este objetivo\u201d.<\/p>\n<p>Se\u00f1al\u00f3 que dentro de las actividades programadas se contemplan acciones de reforestaci\u00f3n, un festival infantil, un papaqui ambiental y por el acopio de residuos de manejo especial, con esta \u00faltima las personas podr\u00e1n canjear sus desechos por uno de los 5 mil boletos para el gran concierto de cierre del Ambient\u00f3n que estar\u00e1 a cargo de Junior Klan y Chiquito Team Band en el auditorio Benito Ju\u00e1rez el 29 de febrero.<\/p>\n","protected":false},"excerpt":{"rendered":"<p>En el marco del sexto Ambient\u00f3n Ecol\u00f3gico en Veracruz-Boca del R\u00edo de la PMA. Del 19 al 29 febrero. XALAPA, VER.- El Procurador del Medio Ambiente (PMA), Sergio Rodr\u00edguez Cort\u00e9s, adelant\u00f3 que la pr\u00f3xima semana se llevar\u00e1 a cabo la inauguraci\u00f3n de la modernizaci\u00f3n del Aquarium de Veracruz. Contar\u00e1 con la presencia del gobernador del estado, Cuitl\u00e1huac Garc\u00eda Jim\u00e9nez. \u00abSer\u00e1 un d\u00eda muy importante para la Procuradur\u00eda y para el gobernador quien nos ha dado todas las facilidades para llevar a cabo todas estos eventos. Ese d\u00eda vamos a inaugurar&hellip;<\/p>\n","protected":false},"author":1,"featured_media":105681,"comment_status":"open","ping_status":"closed","sticky":false,"template":"","format":"standard","meta":{"footnotes":""},"categories":[3,4],"tags":[5934,1335],"class_list":["post-105680","post","type-post","status-publish","format-standard","has-post-thumbnail","hentry","category-destacadas","category-estatal","tag-pma-veracruz","tag-sergio-rodriguez-cortes"],"jetpack-related-posts":[],"_links":{"self":[{"href":"https:\/\/www.noticiasperfil.com\/index\/wp-json\/wp\/v2\/posts\/105680","targetHints":{"allow":["GET"]}}],"collection":[{"href":"https:\/\/www.noticiasperfil.com\/index\/wp-json\/wp\/v2\/posts"}],"about":[{"href":"https:\/\/www.noticiasperfil.com\/index\/wp-json\/wp\/v2\/types\/post"}],"author":[{"embeddable":true,"href":"https:\/\/www.noticiasperfil.com\/index\/wp-json\/wp\/v2\/users\/1"}],"replies":[{"embeddable":true,"href":"https:\/\/www.noticiasperfil.com\/index\/wp-json\/wp\/v2\/comments?post=105680"}],"version-history":[{"count":1,"href":"https:\/\/www.noticiasperfil.com\/index\/wp-json\/wp\/v2\/posts\/105680\/revisions"}],"predecessor-version":[{"id":105682,"href":"https:\/\/www.noticiasperfil.com\/index\/wp-json\/wp\/v2\/posts\/105680\/revisions\/105682"}],"wp:featuredmedia":[{"embeddable":true,"href":"https:\/\/www.noticiasperfil.com\/index\/wp-json\/wp\/v2\/media\/105681"}],"wp:attachment":[{"href":"https:\/\/www.noticiasperfil.com\/index\/wp-json\/wp\/v2\/media?parent=105680"}],"wp:term":[{"taxonomy":"category","embeddable":true,"href":"https:\/\/www.noticiasperfil.com\/index\/wp-json\/wp\/v2\/categories?post=105680"},{"taxonomy":"post_tag","embeddable":true,"href":"https:\/\/www.noticiasperfil.com\/index\/wp-json\/wp\/v2\/tags?post=105680"}],"curies":[{"name":"wp","href":"https:\/\/api.w.org\/{rel}","templated":true}]}}