{"id":105683,"date":"2024-02-14T11:05:43","date_gmt":"2024-02-14T17:05:43","guid":{"rendered":"https:\/\/www.noticiasperfil.com\/index\/?p=105683"},"modified":"2024-02-14T11:05:43","modified_gmt":"2024-02-14T17:05:43","slug":"marcha-convocada-por-200-organizaciones-civiles","status":"publish","type":"post","link":"https:\/\/www.noticiasperfil.com\/index\/2024\/02\/14\/marcha-convocada-por-200-organizaciones-civiles\/","title":{"rendered":"Marcha convocada por 200 organizaciones civiles"},"content":{"rendered":"<p><img loading=\"lazy\" decoding=\"async\" class=\"aligncenter size-full wp-image-93945\" src=\"https:\/\/i2.wp.com\/www.noticiasperfil.com\/index\/wp-content\/uploads\/2022\/11\/repechaje.jpg?resize=517%2C300&#038;ssl=1\" alt=\"\" width=\"517\" height=\"300\" data-recalc-dims=\"1\" \/><\/p>\n<p><strong>Repechaje\/Por Quirino Moreno Quiza.<\/strong><\/p>\n<p><em><strong>*Habr\u00e1 presencia en 107 ciudades de M\u00e9xico y 15 extranjeras<br \/>\n<\/strong><strong>*Programas sociales\u2026 nadie los puede quitar\u2026<br \/>\n<\/strong><strong>*Todos los partidos votaron por elevarlos a rango constitucional<br \/>\n<\/strong><strong>*Ciudadanos son libres de apoyar a quien decidan<br \/>\n<\/strong><strong>*Tres nuevos magistrados al TSJ\u2026 Leerles la cartilla\u2026 urgente<br \/>\n<\/strong><strong>*Cuitl\u00e1huac y AMLO, m\u00e1 vale que pongan las cuentas en orden<br \/>\n<\/strong><strong>*Varias dependencias en el estado tienen serios problemas<br \/>\n<\/strong><strong>*Sin importar quien gane la elecci\u00f3n, no cargar\u00e1n \u201cpendientes\u201d<br \/>\n<\/strong><strong>*Las Trancas; Carriles que se entrecruzan muestran su confusi\u00f3n<\/strong><\/em><\/p>\n<p>***\u00a0<strong><em>\u00a1Ojo marchantes!\u00a0<\/em><\/strong>El pr\u00f3ximo domingo se espera que la Marcha por la Defensa de la Democracia y la Libertad tenga presencia al menos en 107 ciudades de M\u00e9xico y en otras 15 ciudades en el extranjero\u2026 Y de hecho, son alrededor de 200 organizaciones de la sociedad civil las que est\u00e1n convocando y no solo una persona, como el gobierno federal ha intentado hacer creer\u2026 Los asistentes a esa marcha deber\u00e1n vestir de color rosa y blanco y nada que pudiera parecerse a los colores que usan los partidos pol\u00edticos\u2026<\/p>\n<p>***\u00a0<strong><em>\u00a1Mienten con todos los dientes!\u00a0<\/em><\/strong>No hagan caso de quienes andan por la vida amenazando\u00a0 con que les retirar\u00e1n los programas sociales a quienes no apoyen o no voten por Morena\u2026 eso es totalmente falso ya que los partidos pol\u00edticos todos, por unanimidad votaron para elevar los derechos de dichos programas a rango constitucional y ni siquiera el mism\u00edsimo presidente L\u00f3pez Obrador podr\u00eda quitarles los programas a los ciudadanos\u2026 As\u00ed que hay que conducirse con total libertad\u2026 y que a Morena o a los dem\u00e1s partidos lo apoyen quien quiera, pero no sin amenazas\u2026<\/p>\n<p>***\u00a0<strong><em>\u00a1Ojo, mucho ojo!\u00a0<\/em><\/strong>Claudia Marlene Gal\u00e1n Espinoza y de los ciudadanos Arturo Sosa V\u00e1zquez y Humberto Oliverio Hern\u00e1ndez Reducindo son los tres nuevos magistrados del Poder Judicial de Veracruz\u2026 y Jos\u00e9 Alfredo Corona Liz\u00e1rraga ocupar\u00e1 el cargo de Consejero de la Judicatura del Poder Judicial del Estado\u2026 Ojal\u00e1 que a estos nuevos funcionarios s\u00ed les lean la cartilla cuando entren y entiendan que ellos vienen a defender la Constituci\u00f3n\u2026 a respetar y a hacer respetar las leyes que de la Carta Magna emanan\u2026<\/p>\n<p>***\u00a0<strong><em>\u00a1M\u00e1s vale prevenir!\u00a0<\/em><\/strong>No es por nada y mucho menos para alarmar a nadie, pero el gobernador Cuitl\u00e1huac Garc\u00eda Jim\u00e9nez deber\u00eda de estar poniendo en orden todas las cuentas de todas las dependencias en su administraci\u00f3n que est\u00e1 por culminar sin importar qui\u00e9n resulte triunfante de la elecci\u00f3n\u2026 Secretar\u00eda de Salud (y los Servicios de Salud), Secretar\u00eda de Infraestructura y Obras P\u00fablicas (SIOP), Sedesol, Secretar\u00eda de Desarrollo Agropecuario (SEDARPA), la Universidad Popular Aut\u00f3noma de Veracruz (UPAV); algunas \u00e1reas de la SEFIPLAN: Algunas \u00e1reas de Secretar\u00eda de Educaci\u00f3n y una que otra m\u00e1s, son las que podr\u00edan causarle muchos dolores de cabeza\u2026 Y sin importar quien los suceda en el cargo, simplemente no podr\u00e1n aguantar callados\u2026 Y por supuesto que el presidente L\u00f3pez Obrador deber\u00eda de estar muy pagado a todos sus colaboradores para cerrar, en especial porque no ha rendido cuentas y gran parte de su administraci\u00f3n est\u00e1 en la opacidad en cuanto al ejercicio de los recursos p\u00fablicos, pr\u00e1cticamente de toda su gesti\u00f3n\u2026<\/p>\n<p>***\u00a0<strong><em>\u00a1Hasta dejan huella de su confusi\u00f3n!\u00a0<\/em><\/strong>Pues me permitir\u00e9 insistir en que esa confusi\u00f3n que traen los responsables de la obra del Puente de Las Trancas, es tan evidente que hasta la reflejan con el trazo de rayas que te\u00f3ricamente deber\u00eda de ser carrilles de circulaci\u00f3n vehicular, pero que se cruzan unas con otras\u2026<\/p>\n<p><strong>quirino.moreno@entornopolitico.com<\/strong><\/p>\n<p><strong>columnarepechaje@gmail.com<\/strong><\/p>\n<p><strong>X: quirinomq<\/strong><\/p>\n<p><a href=\"http:\/\/www.entornopolitico.com\/\"><strong>www.entornopolitico.co<\/strong><\/a>m<\/p>\n","protected":false},"excerpt":{"rendered":"<p>Repechaje\/Por Quirino Moreno Quiza. *Habr\u00e1 presencia en 107 ciudades de M\u00e9xico y 15 extranjeras *Programas sociales\u2026 nadie los puede quitar\u2026 *Todos los partidos votaron por elevarlos a rango constitucional *Ciudadanos son libres de apoyar a quien decidan *Tres nuevos magistrados al TSJ\u2026 Leerles la cartilla\u2026 urgente *Cuitl\u00e1huac y AMLO, m\u00e1 vale que pongan las cuentas en orden *Varias dependencias en el estado tienen serios problemas *Sin importar quien gane la elecci\u00f3n, no cargar\u00e1n \u201cpendientes\u201d *Las Trancas; Carriles que se entrecruzan muestran su confusi\u00f3n ***\u00a0\u00a1Ojo marchantes!\u00a0El pr\u00f3ximo domingo se espera que&hellip;<\/p>\n","protected":false},"author":1,"featured_media":0,"comment_status":"open","ping_status":"closed","sticky":false,"template":"","format":"standard","meta":{"footnotes":""},"categories":[8,11],"tags":[1155],"class_list":["post-105683","post","type-post","status-publish","format-standard","hentry","category-opinion","category-repechaje","tag-quirino-moreno-quiza"],"jetpack-related-posts":[],"_links":{"self":[{"href":"https:\/\/www.noticiasperfil.com\/index\/wp-json\/wp\/v2\/posts\/105683","targetHints":{"allow":["GET"]}}],"collection":[{"href":"https:\/\/www.noticiasperfil.com\/index\/wp-json\/wp\/v2\/posts"}],"about":[{"href":"https:\/\/www.noticiasperfil.com\/index\/wp-json\/wp\/v2\/types\/post"}],"author":[{"embeddable":true,"href":"https:\/\/www.noticiasperfil.com\/index\/wp-json\/wp\/v2\/users\/1"}],"replies":[{"embeddable":true,"href":"https:\/\/www.noticiasperfil.com\/index\/wp-json\/wp\/v2\/comments?post=105683"}],"version-history":[{"count":1,"href":"https:\/\/www.noticiasperfil.com\/index\/wp-json\/wp\/v2\/posts\/105683\/revisions"}],"predecessor-version":[{"id":105684,"href":"https:\/\/www.noticiasperfil.com\/index\/wp-json\/wp\/v2\/posts\/105683\/revisions\/105684"}],"wp:attachment":[{"href":"https:\/\/www.noticiasperfil.com\/index\/wp-json\/wp\/v2\/media?parent=105683"}],"wp:term":[{"taxonomy":"category","embeddable":true,"href":"https:\/\/www.noticiasperfil.com\/index\/wp-json\/wp\/v2\/categories?post=105683"},{"taxonomy":"post_tag","embeddable":true,"href":"https:\/\/www.noticiasperfil.com\/index\/wp-json\/wp\/v2\/tags?post=105683"}],"curies":[{"name":"wp","href":"https:\/\/api.w.org\/{rel}","templated":true}]}}