{"id":105685,"date":"2024-02-14T11:10:40","date_gmt":"2024-02-14T17:10:40","guid":{"rendered":"https:\/\/www.noticiasperfil.com\/index\/?p=105685"},"modified":"2024-02-14T11:10:40","modified_gmt":"2024-02-14T17:10:40","slug":"pasan-los-dias-y-no-se-sabe-nada-de-los-300-mdp-de-winckler-botin-de-guerra","status":"publish","type":"post","link":"https:\/\/www.noticiasperfil.com\/index\/2024\/02\/14\/pasan-los-dias-y-no-se-sabe-nada-de-los-300-mdp-de-winckler-botin-de-guerra\/","title":{"rendered":"Pasan los d\u00edas y no se sabe nada de los 300 mdp de Winckler; \u201c\u00bfbot\u00edn de guerra?\u201d"},"content":{"rendered":"<p><img loading=\"lazy\" decoding=\"async\" class=\"aligncenter size-full wp-image-93555\" src=\"https:\/\/i0.wp.com\/www.noticiasperfil.com\/index\/wp-content\/uploads\/2022\/10\/prosa-aprisa.jpg?resize=480%2C270&#038;ssl=1\" alt=\"\" width=\"480\" height=\"270\" data-recalc-dims=\"1\" \/><\/p>\n<p><strong>Prosa Aprisa\/Por Arturo Reyes Isidoro.<\/strong><\/p>\n<p>Y para esto, \u00bfd\u00f3nde est\u00e1n, d\u00f3nde quedaron los 300 millones de pesos que el gobernador Cuitl\u00e1huac Garc\u00eda Jim\u00e9nez asegura que ten\u00eda escondidos el entonces fiscal Jorge Winckler Ortiz?<\/p>\n<p>\u201cHoy lo puedo probar, hay pruebas. Los ten\u00eda escondidos, no se los llev\u00f3, no les dio tiempo\u201d, declar\u00f3 el 31 de enero en conferencia de prensa sin que nadie le preguntara sobre el tema porque nadie sab\u00eda de ese dinero.<\/p>\n<p>Aventur\u00f3 entonces una sospecha: \u201c\u2026 mi presunci\u00f3n es que le dieron recursos para financiar campa\u00f1as (\u2026) Ten\u00eda 300 millones de pesos escondidos\u201d, dijo sin fundar su creencia.<\/p>\n<p>\u201cAh\u00ed estaban, ah\u00ed, en la fiscal\u00eda, no los ejerci\u00f3\u201d, sigui\u00f3, como cuchillito de palo, con un agregado m\u00e1s:\u00a0expres\u00f3 que no se pudo interponer denuncia porque el exfiscal no us\u00f3 el dinero, \u201centonces no es mal uso\u201d.<\/p>\n<p>Dos d\u00edas despu\u00e9s, mis compa\u00f1eros reporteros, celosos del cuidado de los dineros del pueblo, tan pronto como se toparon con el secretario de Finanzas, Jos\u00e9 Luis Lima Franco, le preguntaron qu\u00e9 con ese dinero.<\/p>\n<p>El pozarricense respondi\u00f3 con un \u201ca m\u00ed que me registren\u201d. \u201cNosotros no conocemos. Si hay un recurso ah\u00ed se podr\u00eda revisar\u201d, les contest\u00f3, deslind\u00e1ndose as\u00ed de cualquier responsabilidad.<\/p>\n<p>Desde entonces el gobernador no ha vuelto a decir nada sobre el asunto y no se sabe qui\u00e9n se qued\u00f3 con el monto, del que necesariamente tuvo que haber sabido la fiscal Ver\u00f3nica Hern\u00e1ndez Gi\u00e1dans.<\/p>\n<p>En tanto no se aclare con pruebas el destino que corri\u00f3 ese recurso y sin que haya una explicaci\u00f3n por qu\u00e9 no se denunci\u00f3 ese hallazgo y no se investig\u00f3, entonces alguien de adentro mismo del gobierno se lo rob\u00f3.<\/p>\n<p>Entre los polic\u00edas, incluidos los agentes ministeriales, cuando proceden a alg\u00fan cateo se roban y se llevan todo lo que encuentran de valor y a veces se lo reparten o le queda al jefe. Le llaman \u201cbot\u00edn de guerra\u201d.<\/p>\n<p>Todo indica que las autoridades del gobierno actuaron como unos verdaderos delincuentes disfrazados de polic\u00edas y se quedaron con ese \u201cbot\u00edn de guerra\u201d, nada despreciables 300 millones de pesos.<\/p>\n<p>Eso retrata de cuerpo entero a un gobierno que, seg\u00fan, no era igual a los anteriores y que al inicio se daba ba\u00f1os de pureza, de honestidad, y que se presentaba como adalid del combate a la corrupci\u00f3n.<\/p>\n<p>Por lo que declar\u00f3 Lima, a las arcas oficiales no ingres\u00f3 el dinero, es decir, no se reintegr\u00f3 al tesoro p\u00fablico que se alimenta con el dinero que los ciudadanos contribuyentes pagan en forma de impuestos.<\/p>\n<p>Se puede afirmar entonces que mientras no aclaren qu\u00e9 pas\u00f3 con ese dinero, desde el mismo gobierno le robaron a los veracruzanos ese recurso.<\/p>\n<p>Jorge Winckler fue depuesto como fiscal en septiembre de 2019. El gobernador alz\u00f3 la voz apenas en enero pasado, esto es, poco m\u00e1s de cuatro a\u00f1os despu\u00e9s, tiempo en que si lo depositaron en alguna cuenta particular de alguno de ellos (del gobierno), ha de estar \u201csudando\u201d y debe haber producido ya una millonaria cantidad en intereses.<\/p>\n<p>El exfiscal est\u00e1 preso desde el 25 de julio de 2022, pero acusado de los delitos de secuestro y desaparici\u00f3n forzada. \u00bfPor qu\u00e9, en todo caso, no lo acus\u00f3 la Fiscal\u00eda General del Estado de lavado de dinero o de alg\u00fan delito que se configure por la posesi\u00f3n del dinero que ten\u00eda \u201cescondido\u201d?<\/p>\n<p>\u00bfEs que, previsores, los afortunados autores del hallazgo, desde entonces anticiparon su \u201ca\u00f1o de Hidalgo\u201d?<\/p>\n<p><strong>Por fin el Fesapauv defiende a sus agremiados<\/strong><\/p>\n<p>Ya era tiempo. Luego de m\u00e1s de 30 a\u00f1os de no hacerlo, el sindicato de trabajadores acad\u00e9micos de la Universidad Veracruzana (Fesapauv) suspendi\u00f3 el di\u00e1logo con las autoridades de la m\u00e1xima casa de estudios en la revisi\u00f3n del contrato colectivo de trabajo.<\/p>\n<p>Ayer martes los dirigentes sindicales se levantaron de la mesa de negociaci\u00f3n y solicitaron un \u00e1rbitro, la Secretar\u00eda del Trabajo y Previsi\u00f3n Social, para que se haga una adecuada interpretaci\u00f3n de los derechos laborales de los acad\u00e9micos.<\/p>\n<p>Y es que, por ejemplo, hay maestros que tienen m\u00e1s de tres semestres y hasta 9 a\u00f1os de estar impartiendo clases y no se les reconocen sus derechos. Aun no se puede hablar de la posibilidad de una huelga porque el emplazamiento est\u00e1 hecho para el 1 de marzo.<\/p>\n<p>Adem\u00e1s, en forma inexplicable se est\u00e1n cerrando grupos educativos en diferentes \u00e1reas, con lo que aparte de que perjudican a los maestros, dejan a los alumnos a su suerte.<\/p>\n<p>La dirigencia que encabeza Enrique Levet Gorozpe ya dio un paso al frente. A ver si no \u201cnegocian\u201d con \u00e9l en lo oscurito y da marcha atr\u00e1s.<\/p>\n<p><strong>Alcaldesa de Acayucan da clase de oficio pol\u00edtico al gobernador<\/strong><\/p>\n<p>As\u00ed como cit\u00e9 a la exjueza Ang\u00e9lica S\u00e1nchez Hern\u00e1ndez y a la exdiputada Octavia Ortega Arteaga como mujeres valientes, otra m\u00e1s lo es la alcaldesa de Acayucan, Rosalba Rodr\u00edguez Rodr\u00edguez, adem\u00e1s con oficio pol\u00edtico.<\/p>\n<p>Ante el amago de nombrar un Concejo Municipal pidi\u00e9ndole que renuncie, solo por el hecho de que denunci\u00f3 que la delincuencia organizada se quiere adue\u00f1ar del control del ayuntamiento, le respondi\u00f3 al gobernador Cuitl\u00e1huac Garc\u00eda Jim\u00e9nez con mucha decencia, con altura, con una gran civilidad pol\u00edtica e institucional.<\/p>\n<p>Le record\u00f3 que ella fue elegida por el pueblo y que va a respetar \u201cla institucionalidad, la investidura del gobernador como hasta el momento lo he hecho\u201d, solicitando que haya di\u00e1logo. Cu\u00e1nta diferencia a la intimidaci\u00f3n de que la hizo objeto Cuitl\u00e1huac. Ella pr\u00e1cticamente le dio una cachetada con guante blanco. Bien.<\/p>\n<p><strong>\u00bfSara Ladr\u00f3n de Guevara, la candidata?<\/strong><\/p>\n<p>Hicieron alg\u00fan ruido las fotos que subi\u00f3 el lunes a las redes sociales el dirigente nacional del PRD, Jes\u00fas Zambrano, donde se le ve con la exrectora de la UV, Sara Ladr\u00f3n de Guevara.<\/p>\n<p>Hubo quienes dieron por hecho que era el destape de su candidatura al Senado por el frente opositor. Todav\u00eda no. Zambrano se limit\u00f3 a decir: \u201cMagn\u00edfica pl\u00e1tica con la ex Rectora de la Universidad de Veracruz, Sara Ladr\u00f3n de Guevara, con el prop\u00f3sito de sumar esfuerzos por el bien del pa\u00eds y detener ya la deriva autoritaria de AMLO y Morena\u201d.<\/p>\n<p>Detiene la designaci\u00f3n a su favor el hecho de que en el PAN quieren imponer como candidata a la exdiputada local y federal Mariana Dunyaska Garc\u00eda Rojas. Hay, pues, un estira y afloja.<\/p>\n<p>En mi opini\u00f3n, sumar\u00eda m\u00e1s votos Sara que Mariana y pr\u00e1cticamente en casi todos los campos del conocimiento la supera. Si participara y ganara Sara le dar\u00eda lustre al Senado y buena imagen a Veracruz.<\/p>\n<p><strong>A ras de tierra, \u00c1lvarez Font\u00e1n busca candidatura<\/strong><\/p>\n<p>En el puerto de Veracruz, el exdirector (delegado) de la SICT, Ram\u00f3n \u00c1lvarez Font\u00e1n, busca, con trabajo de base, a ras de tierra, en \u201cterritorio\u201d, la candidatura de Morena a diputado local.<\/p>\n<p>Sabe que la posici\u00f3n est\u00e1 muy competida, porque la quieren j\u00f3venes, mujeres, discapacitados, representantes de la diversidad de g\u00e9nero y hasta ind\u00edgenas, pero no desmaya.<\/p>\n<p>Recorre comunidades y colonias del distrito, con buena respuesta por parte del electorado. En sus mensajes incluye siempre a Claudia Sheinbaum y Roc\u00edo Nahle. Y se mueve con sus propios recursos.<\/p>\n<p>&nbsp;<\/p>\n","protected":false},"excerpt":{"rendered":"<p>Prosa Aprisa\/Por Arturo Reyes Isidoro. Y para esto, \u00bfd\u00f3nde est\u00e1n, d\u00f3nde quedaron los 300 millones de pesos que el gobernador Cuitl\u00e1huac Garc\u00eda Jim\u00e9nez asegura que ten\u00eda escondidos el entonces fiscal Jorge Winckler Ortiz? \u201cHoy lo puedo probar, hay pruebas. Los ten\u00eda escondidos, no se los llev\u00f3, no les dio tiempo\u201d, declar\u00f3 el 31 de enero en conferencia de prensa sin que nadie le preguntara sobre el tema porque nadie sab\u00eda de ese dinero. Aventur\u00f3 entonces una sospecha: \u201c\u2026 mi presunci\u00f3n es que le dieron recursos para financiar campa\u00f1as (\u2026) Ten\u00eda&hellip;<\/p>\n","protected":false},"author":1,"featured_media":0,"comment_status":"open","ping_status":"closed","sticky":false,"template":"","format":"standard","meta":{"footnotes":""},"categories":[8,10],"tags":[112],"class_list":["post-105685","post","type-post","status-publish","format-standard","hentry","category-opinion","category-prosa-aprisa","tag-arturo-reyes-isidoro"],"jetpack-related-posts":[],"_links":{"self":[{"href":"https:\/\/www.noticiasperfil.com\/index\/wp-json\/wp\/v2\/posts\/105685","targetHints":{"allow":["GET"]}}],"collection":[{"href":"https:\/\/www.noticiasperfil.com\/index\/wp-json\/wp\/v2\/posts"}],"about":[{"href":"https:\/\/www.noticiasperfil.com\/index\/wp-json\/wp\/v2\/types\/post"}],"author":[{"embeddable":true,"href":"https:\/\/www.noticiasperfil.com\/index\/wp-json\/wp\/v2\/users\/1"}],"replies":[{"embeddable":true,"href":"https:\/\/www.noticiasperfil.com\/index\/wp-json\/wp\/v2\/comments?post=105685"}],"version-history":[{"count":1,"href":"https:\/\/www.noticiasperfil.com\/index\/wp-json\/wp\/v2\/posts\/105685\/revisions"}],"predecessor-version":[{"id":105686,"href":"https:\/\/www.noticiasperfil.com\/index\/wp-json\/wp\/v2\/posts\/105685\/revisions\/105686"}],"wp:attachment":[{"href":"https:\/\/www.noticiasperfil.com\/index\/wp-json\/wp\/v2\/media?parent=105685"}],"wp:term":[{"taxonomy":"category","embeddable":true,"href":"https:\/\/www.noticiasperfil.com\/index\/wp-json\/wp\/v2\/categories?post=105685"},{"taxonomy":"post_tag","embeddable":true,"href":"https:\/\/www.noticiasperfil.com\/index\/wp-json\/wp\/v2\/tags?post=105685"}],"curies":[{"name":"wp","href":"https:\/\/api.w.org\/{rel}","templated":true}]}}