{"id":105945,"date":"2024-02-24T11:37:53","date_gmt":"2024-02-24T17:37:53","guid":{"rendered":"https:\/\/www.noticiasperfil.com\/index\/?p=105945"},"modified":"2024-02-24T11:37:53","modified_gmt":"2024-02-24T17:37:53","slug":"entrega-pma-certificados-verdes-y-galardones-de-oro-a-empresas-y-ayuntamientos-amigables-con-el-medio-ambiente","status":"publish","type":"post","link":"https:\/\/www.noticiasperfil.com\/index\/2024\/02\/24\/entrega-pma-certificados-verdes-y-galardones-de-oro-a-empresas-y-ayuntamientos-amigables-con-el-medio-ambiente\/","title":{"rendered":"Entrega PMA Certificados Verdes y Galardones de Oro a empresas y ayuntamientos amigables con el medio ambiente"},"content":{"rendered":"<p><img loading=\"lazy\" decoding=\"async\" data-attachment-id=\"105946\" data-permalink=\"https:\/\/www.noticiasperfil.com\/index\/2024\/02\/24\/entrega-pma-certificados-verdes-y-galardones-de-oro-a-empresas-y-ayuntamientos-amigables-con-el-medio-ambiente\/galardones-oro\/\" data-orig-file=\"https:\/\/i1.wp.com\/www.noticiasperfil.com\/index\/wp-content\/uploads\/2024\/02\/galardones-oro.jpg?fit=810%2C540&amp;ssl=1\" data-orig-size=\"810,540\" data-comments-opened=\"1\" data-image-meta=\"{&quot;aperture&quot;:&quot;0&quot;,&quot;credit&quot;:&quot;&quot;,&quot;camera&quot;:&quot;&quot;,&quot;caption&quot;:&quot;&quot;,&quot;created_timestamp&quot;:&quot;0&quot;,&quot;copyright&quot;:&quot;&quot;,&quot;focal_length&quot;:&quot;0&quot;,&quot;iso&quot;:&quot;0&quot;,&quot;shutter_speed&quot;:&quot;0&quot;,&quot;title&quot;:&quot;&quot;,&quot;orientation&quot;:&quot;0&quot;}\" data-image-title=\"galardones-oro\" data-image-description=\"\" data-medium-file=\"https:\/\/i1.wp.com\/www.noticiasperfil.com\/index\/wp-content\/uploads\/2024\/02\/galardones-oro.jpg?fit=660%2C365&amp;ssl=1\" data-large-file=\"https:\/\/i1.wp.com\/www.noticiasperfil.com\/index\/wp-content\/uploads\/2024\/02\/galardones-oro.jpg?fit=640%2C379&amp;ssl=1\" class=\"aligncenter size-full wp-image-105946\" src=\"https:\/\/i1.wp.com\/www.noticiasperfil.com\/index\/wp-content\/uploads\/2024\/02\/galardones-oro.jpg?resize=640%2C427&#038;ssl=1\" alt=\"\" width=\"640\" height=\"427\" data-recalc-dims=\"1\" \/><\/p>\n<p><em><strong>\u2043 En Cena de Gala, en el marco del Sexto Ambient\u00f3n Festival Ecol\u00f3gico, el titular de la PMA, Sergio Rodr\u00edguez Cort\u00e9s, entreg\u00f3 ambas distinciones a 12 empresas veracruzanas y cuatro ayuntamientos de la regi\u00f3n.<\/strong><\/em><\/p>\n<p>Boca del R\u00edo, Ver.- En el marco de la cena de gala ofrecida por la Procuradur\u00eda Estatal de Protecci\u00f3n al Medio Ambiente (PMA) -dentro de las actividades del sexto Ambient\u00f3n Festival Ecol\u00f3gico-, se hizo entrega de Certificados Verdes y Galardones de Oro a empresas y municipios veracruzanos que se suman al compromiso en el cuidado y la protecci\u00f3n del medio ambiente en el estado de Veracruz.<\/p>\n<p>Ambos reconocimientos se entregaron por parte de la PMA a los ayuntamientos y empresas de la regi\u00f3n Centro de Veracruz, las cuales est\u00e1n comprometidos con el medio ambiente en el marco de Plan de Gesti\u00f3n Estatal impulsado por el gobernador Cuitl\u00e1huac Garc\u00eda Jim\u00e9nez.<\/p>\n<p>El titular de la PMA, Sergio Rodr\u00edguez Cort\u00e9s, explic\u00f3 que dentro de las acciones de dicho plan se contempla la extinci\u00f3n de los tiraderos a cielo abierto en la entidad para revertir la contaminaci\u00f3n del suelo y cuerpos de agua, todo esto enmarcado en la Ley 62 de Protecci\u00f3n Ambiental y la Ley 847 de Prevenci\u00f3n y Gesti\u00f3n Integral de Residuos S\u00f3lidos Urbanos y de Manejo Especial.<\/p>\n<p>En ese sentido, el procurador estatal refiri\u00f3 la relevancia que tiene la entrega de Certificados Verdes a empresas y de Galardonados de Oro a municipios, toda vez que esto representa la consolidaci\u00f3n de las metas del trabajo en materia de pol\u00edticas p\u00fablicas medioambientales, cumpliendo as\u00ed los ejes rectores de la Agenda 2030.<\/p>\n<p>Los empresas veracruzanas que se sumaron y que obtuvieron el Certificado Verde que las avala como responsables en materia de disposici\u00f3n adecuada de residuos, son las siguientes:<\/p>\n<p>\u2043 Biopapel Scribe, S.A. de C.V.<br \/>\n\u2043 Distribuidora Montosa, S.A. de C.V.<br \/>\n\u2043 Sociedad Cooperativa Trabajadores de Pascual, S. C. L.<br \/>\n\u2043 Procesos y Empacados de Veracruz, S.A. de C.V.<br \/>\n\u2043 Comercializadora e Industrializadora Agropecuaria, S.A. de C.V.<br \/>\n\u2043 Energ\u00eda Infra, S.A.P.I de C.V.<br \/>\n\u2043 Cryoinfra, S.A. de C.V.<br \/>\n\u2043 Nestl\u00e9 M\u00e9xico, S.A. de C.V.<br \/>\n\u2043 Omnigreen, S.A.P.I. de C.V.<br \/>\n\u2043 Cafiver, S.A. de C.V.<br \/>\n\u2043 Talleres Navales del Golfo, S.A. de C.V.<br \/>\n\u2043 Caf\u00e9 La Parroquia.<\/p>\n<p>A nombre de las empresas galardonadas, David Mart\u00ednez Islas, jefe de Protecci\u00f3n Ambiental y Mejora Continua de Talleres Navales del Golfo, agradeci\u00f3 a la PMA su colaboraci\u00f3n con las empresas para implementar medidas y pr\u00e1cticas que fortalecen la postura ambiental rumbo a un desarrollo sostenible.<\/p>\n<p>\u201cQuisiera expresar mi m\u00e1s sentido agradecimiento a la Procuradur\u00eda del Medio Ambiente por su apoyo y colaboraci\u00f3n en este camino, su orientaci\u00f3n y supervisi\u00f3n que han sido fundamentales para nuestro progreso y \u00e9xito en este \u00e1mbito para construir un futuro que sea m\u00e1s sustentable para todos\u201d, mencion\u00f3.<\/p>\n<p>En tanto, el Galard\u00f3n de Oro fue entregado a los siguientes municipios cuyas autoridades tambi\u00e9n se sumaron a las tareas de conservaci\u00f3n y cuidado del medio ambiente:<\/p>\n<p>\u2043 Veracruz<br \/>\n\u2043 Boca del R\u00edo<br \/>\n\u2043 Guti\u00e9rrez Zamora<br \/>\n\u2043 \u00c1ngel R. Cabada<\/p>\n<p>Fue Julio C\u00e9sar Garc\u00eda Machucho, presidente municipal de \u00c1ngel R. Cabada, quien a nombre de los municipios distinguidos con el Galard\u00f3n de Oro agradeci\u00f3 y destac\u00f3 el esfuerzo de la PMA de trabajar de manera conjunta con los ayuntamientos para preservar el medio ambiente.<\/p>\n<p>Finalmente, el procurador, Sergio Rodr\u00edguez Cort\u00e9s, reiter\u00f3 su compromiso de continuar trabajando al frente de la PMA de manera conjunta con empresas y ayuntamientos implementando estrategias y gestiones que beneficien y protejan al medio ambiente, as\u00ed como llevar a cabo acciones que frenen el impacto negativo que tienen los tiraderos a cielo abierto que a\u00fan hay en la entidad.<\/p>\n","protected":false},"excerpt":{"rendered":"<p>\u2043 En Cena de Gala, en el marco del Sexto Ambient\u00f3n Festival Ecol\u00f3gico, el titular de la PMA, Sergio Rodr\u00edguez Cort\u00e9s, entreg\u00f3 ambas distinciones a 12 empresas veracruzanas y cuatro ayuntamientos de la regi\u00f3n. Boca del R\u00edo, Ver.- En el marco de la cena de gala ofrecida por la Procuradur\u00eda Estatal de Protecci\u00f3n al Medio Ambiente (PMA) -dentro de las actividades del sexto Ambient\u00f3n Festival Ecol\u00f3gico-, se hizo entrega de Certificados Verdes y Galardones de Oro a empresas y municipios veracruzanos que se suman al compromiso en el cuidado y&hellip;<\/p>\n","protected":false},"author":1,"featured_media":105946,"comment_status":"open","ping_status":"closed","sticky":false,"template":"","format":"standard","meta":{"footnotes":""},"categories":[3,4],"tags":[5934,1335],"class_list":["post-105945","post","type-post","status-publish","format-standard","has-post-thumbnail","hentry","category-destacadas","category-estatal","tag-pma-veracruz","tag-sergio-rodriguez-cortes"],"jetpack-related-posts":[],"_links":{"self":[{"href":"https:\/\/www.noticiasperfil.com\/index\/wp-json\/wp\/v2\/posts\/105945","targetHints":{"allow":["GET"]}}],"collection":[{"href":"https:\/\/www.noticiasperfil.com\/index\/wp-json\/wp\/v2\/posts"}],"about":[{"href":"https:\/\/www.noticiasperfil.com\/index\/wp-json\/wp\/v2\/types\/post"}],"author":[{"embeddable":true,"href":"https:\/\/www.noticiasperfil.com\/index\/wp-json\/wp\/v2\/users\/1"}],"replies":[{"embeddable":true,"href":"https:\/\/www.noticiasperfil.com\/index\/wp-json\/wp\/v2\/comments?post=105945"}],"version-history":[{"count":1,"href":"https:\/\/www.noticiasperfil.com\/index\/wp-json\/wp\/v2\/posts\/105945\/revisions"}],"predecessor-version":[{"id":105947,"href":"https:\/\/www.noticiasperfil.com\/index\/wp-json\/wp\/v2\/posts\/105945\/revisions\/105947"}],"wp:featuredmedia":[{"embeddable":true,"href":"https:\/\/www.noticiasperfil.com\/index\/wp-json\/wp\/v2\/media\/105946"}],"wp:attachment":[{"href":"https:\/\/www.noticiasperfil.com\/index\/wp-json\/wp\/v2\/media?parent=105945"}],"wp:term":[{"taxonomy":"category","embeddable":true,"href":"https:\/\/www.noticiasperfil.com\/index\/wp-json\/wp\/v2\/categories?post=105945"},{"taxonomy":"post_tag","embeddable":true,"href":"https:\/\/www.noticiasperfil.com\/index\/wp-json\/wp\/v2\/tags?post=105945"}],"curies":[{"name":"wp","href":"https:\/\/api.w.org\/{rel}","templated":true}]}}